{"id":3057,"date":"2021-04-13T10:02:17","date_gmt":"2021-04-13T13:02:17","guid":{"rendered":"https:\/\/radiorevelacionfm.cl\/?p=3057"},"modified":"2021-04-13T14:26:01","modified_gmt":"2021-04-13T17:26:01","slug":"en-villa-ohiggins-tortel-y-cochrane-comenzaran-a-aplicar-test-de-antigenos-para-deteccion-temprana-de-casos-covid-19","status":"publish","type":"post","link":"https:\/\/radiorevelacionfm.cl\/?p=3057","title":{"rendered":"En Villa O\u201dHiggins, Tortel y Cochrane comenzar\u00e1n a aplicar Test de ant\u00edgenos para detecci\u00f3n temprana de casos COVID-19."},"content":{"rendered":"<div class=\"flex_column av_one_full  flex_column_div av-zero-column-padding first  avia-builder-el-0  el_before_av_one_full  avia-builder-el-first  \" style='border-radius:0px; '><div  class='avia-image-container  av-styling-    avia-builder-el-1  avia-builder-el-no-sibling  avia-align-center '  itemprop=\"image\" itemscope=\"itemscope\" itemtype=\"https:\/\/schema.org\/ImageObject\"  ><div class='avia-image-container-inner'><div class='avia-image-overlay-wrap'><img decoding=\"async\" class='wp-image-0 avia-img-lazy-loading-not-0 avia_image' src=\"https:\/\/radiorevelacionfm.cl\/wp-content\/uploads\/2021\/04\/prensa2-12-1.jpeg\" alt='' title=''   itemprop=\"thumbnailUrl\"  \/><\/div><\/div><\/div><\/div><div class=\"flex_column av_one_full  flex_column_div av-zero-column-padding first  avia-builder-el-2  el_after_av_one_full  el_before_av_one_full  column-top-margin\" style='border-radius:0px; '><section class=\"av_textblock_section \"  itemscope=\"itemscope\" itemtype=\"https:\/\/schema.org\/BlogPosting\" itemprop=\"blogPost\" ><div class='avia_textblock  '   itemprop=\"text\" ><p style=\"text-align: center;\"><span style=\"font-size: 18pt;\"><strong>En Villa O\u201dHiggins, Tortel y Cochrane comenzar\u00e1n a aplicar Test de ant\u00edgenos para detecci\u00f3n temprana de casos COVID-19<\/strong><\/span><\/p>\n<div id=\"gtx-trans\" style=\"position: absolute; left: -50px; top: 4.31534px;\">\n<div class=\"gtx-trans-icon\"><\/div>\n<\/div>\n<\/div><\/section><\/div><div class=\"flex_column av_one_full  flex_column_div av-zero-column-padding first  avia-builder-el-4  el_after_av_one_full  el_before_av_hr  column-top-margin\" style='border-radius:0px; '><section class=\"av_textblock_section \"  itemscope=\"itemscope\" itemtype=\"https:\/\/schema.org\/BlogPosting\" itemprop=\"blogPost\" ><div class='avia_textblock  '   itemprop=\"text\" ><p style=\"text-align: justify;\">Durante esta semana, el trabajo coordinado entre la Seremi y el Servicio de Salud Ays\u00e9n, permitir\u00e1 la capacitaci\u00f3n de los equipos de salud en esta t\u00e9cnica a fin de generar una respuesta oportuna en la detecci\u00f3n de casos positivos a COVID-19, evitando la propagaci\u00f3n de este virus.<\/p>\n<p style=\"text-align: justify;\">Con la finalidad de capacitar a los equipos locales de la Red Asistencial en la aplicaci\u00f3n de los Test de Ant\u00edgenos que permitir\u00e1n testear en forma oportuna a pacientes sintom\u00e1ticos de salud, logrando obtener los resultados de los ex\u00e1menes en un per\u00edodo de 30 minutos; esta semana un equipo de profesionales de la Unidad de Testeo, Trazabilidad y Aislamiento (UTTA) se traslad\u00f3 hacia el extremo sur de la regi\u00f3n donde junto con realizar la transferencia tecnol\u00f3gica de esta t\u00e9cnica, tambi\u00e9n sostendr\u00e1n reuniones de coordinaci\u00f3n relacionados con el trabajo de contenci\u00f3n de esta pandemia.<\/p>\n<p style=\"text-align: justify;\">La Seremi de Salud Ays\u00e9n, Alejandra Valdebenito Torres, manifest\u00f3 que la aplicaci\u00f3n del test de ant\u00edgenos es un aporte que permitir\u00e1 una mayor trazabilidad y control de los casos positivos por COVID-19. \u201cTras la puesta en marcha de los test de ant\u00edgenos en la comuna de Chile Chico, y posteriormente en la localidad de Melinka, hoy estamos extendiendo la aplicaci\u00f3n de estos ex\u00e1menes que permiten la detecci\u00f3n de casos positivos por COVID-19 a las comunas m\u00e1s australes de la regi\u00f3n, como lo son Cochrane, Tortel y Villa O\u201dHiggins, donde la gran particularidad es que en un lapso de 30 minutos los equipos de salud pueden conocer los resultados de una muestra, permitiendo una r\u00e1pida trazabilidad y aislamiento de los casos\u201d.<\/p>\n<p style=\"text-align: justify;\">Gabriel Burgos, director del Servicio de Salud Ays\u00e9n, manifest\u00f3 que \u201cdentro de la estrategia de testeo, el Ministerio de Salud ha determinado implementar una nueva t\u00e9cnica a trav\u00e9s de este test de ant\u00edgenos, que es una instancia que permite buscar casos positivos en menos tiempo, tener en media hora un resultado, lo cual nos va a permitir que la persona en el momento que sea diagnosticada, sea aislada y derivada a una residencia sanitaria o a su domicilio\u201d.<\/p>\n<p style=\"text-align: justify;\">Esta t\u00e9cnica ha sido implementada en las localidades de Chile Chico y Melinka, y en los pr\u00f3ximos d\u00edas en Villa O\u2019Higgins, Tortel y Cochrane. Dada la efectividad del Test Ant\u00edgeno y la diversidad geogr\u00e1fica que tiene la regi\u00f3n de Ays\u00e9n, se hace necesario que las zonas apartadas cuenten con esta herramienta, entendiendo que se hace dif\u00edcil -en algunas ocasiones- llegar con las muestras a los laboratorios y poder detectar r\u00e1pidamente el COVID-19.<\/p>\n<p style=\"text-align: justify;\">Hern\u00e1n Barrientos, Coordinador General de Laboratorios, indic\u00f3 \u201cnos encontramos en Cochrane junto a los epidemi\u00f3logos de la Seremi y del Servicio de Salud, Marco Acu\u00f1a y Pablo Briones, respectivamente, en la implementaci\u00f3n de Test de Ant\u00edgeno para la detecci\u00f3n de SARS-CoV-2 en la zona sur de la regi\u00f3n. Hoy estamos capacitando a 8 profesionales del hospital de Cochrane, para que puedan administrar el test y determinar si existe la presencia del virus en pacientes sintom\u00e1ticos respiratorios en la comuna\u201d.<\/p>\n<p style=\"text-align: justify;\">Cabe destacar, que la toma de este test, s\u00f3lo ser\u00e1 aplicado a personas sintom\u00e1ticas y bajo indicaci\u00f3n m\u00e9dica, con algunos criterios t\u00e9cnicos que se deben cumplir para la realizaci\u00f3n de este examen de ant\u00edgenos.<\/p>\n<p style=\"text-align: justify;\"><strong>Melinka<\/strong><\/p>\n<p style=\"text-align: justify;\">El test ant\u00edgeno esta implementado en la comuna de Guaitecas hace m\u00e1s poco menos de dos semanas, y hasta la fecha se han tomado 120 ex\u00e1menes, que ha permitido detectar el COVID-19 en personas sin s\u00edntomas obteniendo el resultado en 30 minutos.<\/p>\n<p style=\"text-align: justify;\">Lo anterior, permite frenar la cadena de contagio de inmediato, ya que se inicia autom\u00e1ticamente y sin que la persona abandone en lugar, el proceso de testeo, trazabilidad y aislamiento del caso positivo, y de sus contactos estrechos, por lo que es una excelente herramienta preventiva en este periodo de pandemia.<\/p>\n<\/div><\/section><\/div><div  style='height:50px' class='hr hr-invisible   avia-builder-el-6  el_after_av_one_full  el_before_av_social_share '><span class='hr-inner ' ><span class='hr-inner-style'><\/span><\/span><\/div><\/p>\n<div  class='av-social-sharing-box  avia-builder-el-7  el_after_av_hr  el_before_av_hr  '><div class='av-share-box'><h5 class='av-share-link-description av-no-toc '>Compartir esta noticia<\/h5><ul class='av-share-box-list noLightbox'><li class='av-share-link av-social-link-facebook' ><a target=\"_blank\" aria-label=\"Compartir en Facebook\" href='https:\/\/www.facebook.com\/sharer.php?u=https:\/\/radiorevelacionfm.cl\/?p=3057&#038;t=En%20Villa%20O%E2%80%9DHiggins%2C%20Tortel%20y%20Cochrane%20comenzar%C3%A1n%20a%20aplicar%20Test%20de%20ant%C3%ADgenos%20para%20detecci%C3%B3n%20temprana%20de%20casos%20COVID-19.' aria-hidden='false' data-av_icon='\ue8f3' data-av_iconfont='entypo-fontello' title='' data-avia-related-tooltip='Compartir en Facebook' rel=\"noopener\"><span class='avia_hidden_link_text'>Compartir en Facebook<\/span><\/a><\/li><li class='av-share-link av-social-link-twitter' ><a target=\"_blank\" aria-label=\"Compartir en Twitter\" href='https:\/\/twitter.com\/share?text=En%20Villa%20O%E2%80%9DHiggins%2C%20Tortel%20y%20Cochrane%20comenzar%C3%A1n%20a%20aplicar%20Test%20de%20ant%C3%ADgenos%20para%20detecci%C3%B3n%20temprana%20de%20casos%20COVID-19.&#038;url=https:\/\/radiorevelacionfm.cl\/?p=3057' aria-hidden='false' data-av_icon='\ue8f1' data-av_iconfont='entypo-fontello' title='' data-avia-related-tooltip='Compartir en Twitter' rel=\"noopener\"><span class='avia_hidden_link_text'>Compartir en Twitter<\/span><\/a><\/li><li class='av-share-link av-social-link-whatsapp' ><a target=\"_blank\" aria-label=\"Compartir en Whatsapp\" href='https:\/\/api.whatsapp.com\/send?text=https:\/\/radiorevelacionfm.cl\/?p=3057' aria-hidden='false' data-av_icon='\uf232' data-av_iconfont='entypo-fontello' title='' data-avia-related-tooltip='Compartir en Whatsapp' rel=\"noopener\"><span class='avia_hidden_link_text'>Compartir en Whatsapp<\/span><\/a><\/li><li class='av-share-link av-social-link-linkedin' ><a target=\"_blank\" aria-label=\"Compartir en LinkedIn\" href='https:\/\/linkedin.com\/shareArticle?mini=true&#038;title=En%20Villa%20O%E2%80%9DHiggins%2C%20Tortel%20y%20Cochrane%20comenzar%C3%A1n%20a%20aplicar%20Test%20de%20ant%C3%ADgenos%20para%20detecci%C3%B3n%20temprana%20de%20casos%20COVID-19.&#038;url=https:\/\/radiorevelacionfm.cl\/?p=3057' aria-hidden='false' data-av_icon='\ue8fc' data-av_iconfont='entypo-fontello' title='' data-avia-related-tooltip='Compartir en LinkedIn' rel=\"noopener\"><span class='avia_hidden_link_text'>Compartir en LinkedIn<\/span><\/a><\/li><li class='av-share-link av-social-link-mail' ><a  aria-label=\"Compartir por correo\" href='mailto:?subject=En%20Villa%20O%E2%80%9DHiggins%2C%20Tortel%20y%20Cochrane%20comenzar%C3%A1n%20a%20aplicar%20Test%20de%20ant%C3%ADgenos%20para%20detecci%C3%B3n%20temprana%20de%20casos%20COVID-19.&#038;body=https:\/\/radiorevelacionfm.cl\/?p=3057' aria-hidden='false' data-av_icon='\ue805' data-av_iconfont='entypo-fontello' title='' data-avia-related-tooltip='Compartir por correo'><span class='avia_hidden_link_text'>Compartir por correo<\/span><\/a><\/li><\/ul><\/div><\/div>\n<div  style='height:50px' class='hr hr-invisible   avia-builder-el-8  el_after_av_social_share  el_before_av_comments_list '><span class='hr-inner ' ><span class='hr-inner-style'><\/span><\/span><\/div>\n<div  class='av-buildercomment  av-blog-meta-html-info-disabled av-blog-meta-tag-disabled  '><\/div>\n","protected":false},"excerpt":{"rendered":"","protected":false},"author":1,"featured_media":0,"comment_status":"open","ping_status":"open","sticky":false,"template":"","format":"standard","meta":{"footnotes":""},"categories":[46],"tags":[],"class_list":["post-3057","post","type-post","status-publish","format-standard","hentry","category-salud"],"jetpack_featured_media_url":"","_links":{"self":[{"href":"https:\/\/radiorevelacionfm.cl\/index.php?rest_route=\/wp\/v2\/posts\/3057","targetHints":{"allow":["GET"]}}],"collection":[{"href":"https:\/\/radiorevelacionfm.cl\/index.php?rest_route=\/wp\/v2\/posts"}],"about":[{"href":"https:\/\/radiorevelacionfm.cl\/index.php?rest_route=\/wp\/v2\/types\/post"}],"author":[{"embeddable":true,"href":"https:\/\/radiorevelacionfm.cl\/index.php?rest_route=\/wp\/v2\/users\/1"}],"replies":[{"embeddable":true,"href":"https:\/\/radiorevelacionfm.cl\/index.php?rest_route=%2Fwp%2Fv2%2Fcomments&post=3057"}],"version-history":[{"count":1,"href":"https:\/\/radiorevelacionfm.cl\/index.php?rest_route=\/wp\/v2\/posts\/3057\/revisions"}],"predecessor-version":[{"id":3059,"href":"https:\/\/radiorevelacionfm.cl\/index.php?rest_route=\/wp\/v2\/posts\/3057\/revisions\/3059"}],"wp:attachment":[{"href":"https:\/\/radiorevelacionfm.cl\/index.php?rest_route=%2Fwp%2Fv2%2Fmedia&parent=3057"}],"wp:term":[{"taxonomy":"category","embeddable":true,"href":"https:\/\/radiorevelacionfm.cl\/index.php?rest_route=%2Fwp%2Fv2%2Fcategories&post=3057"},{"taxonomy":"post_tag","embeddable":true,"href":"https:\/\/radiorevelacionfm.cl\/index.php?rest_route=%2Fwp%2Fv2%2Ftags&post=3057"}],"curies":[{"name":"wp","href":"https:\/\/api.w.org\/{rel}","templated":true}]}}