{"id":30567,"date":"2023-04-28T17:24:44","date_gmt":"2023-04-28T20:24:44","guid":{"rendered":"https:\/\/radiorevelacionfm.cl\/?p=30567"},"modified":"2023-04-28T17:24:44","modified_gmt":"2023-04-28T20:24:44","slug":"un-80-de-ejecucion-tiene-plan-excepcional-de-conservacion-de-caminos-en-la-region-de-aysen","status":"publish","type":"post","link":"https:\/\/radiorevelacionfm.cl\/?p=30567","title":{"rendered":"Un 80% de ejecuci\u00f3n tiene plan excepcional de conservaci\u00f3n de caminos en la regi\u00f3n de Ays\u00e9n"},"content":{"rendered":"<div class=\"flex_column av_one_full  flex_column_div av-zero-column-padding first  avia-builder-el-0  el_before_av_one_full  avia-builder-el-first  \" style='border-radius:0px; '><div  class='avia-image-container  av-styling-    avia-builder-el-1  avia-builder-el-no-sibling  avia-align-center '  itemprop=\"image\" itemscope=\"itemscope\" itemtype=\"https:\/\/schema.org\/ImageObject\"  ><div class='avia-image-container-inner'><div class='avia-image-overlay-wrap'><img decoding=\"async\" class='wp-image-30568 avia-img-lazy-loading-not-30568 avia_image' src=\"https:\/\/radiorevelacionfm.cl\/wp-content\/uploads\/2023\/04\/IMG-20230425-WA0024-1-1-1.jpg\" alt='' title='IMG-20230425-WA0024 (1) (1) (1)' height=\"600\" width=\"800\"  itemprop=\"thumbnailUrl\" srcset=\"https:\/\/radiorevelacionfm.cl\/wp-content\/uploads\/2023\/04\/IMG-20230425-WA0024-1-1-1.jpg 800w, https:\/\/radiorevelacionfm.cl\/wp-content\/uploads\/2023\/04\/IMG-20230425-WA0024-1-1-1-300x225.jpg 300w, https:\/\/radiorevelacionfm.cl\/wp-content\/uploads\/2023\/04\/IMG-20230425-WA0024-1-1-1-768x576.jpg 768w, https:\/\/radiorevelacionfm.cl\/wp-content\/uploads\/2023\/04\/IMG-20230425-WA0024-1-1-1-705x529.jpg 705w, https:\/\/radiorevelacionfm.cl\/wp-content\/uploads\/2023\/04\/IMG-20230425-WA0024-1-1-1-450x338.jpg 450w, https:\/\/radiorevelacionfm.cl\/wp-content\/uploads\/2023\/04\/IMG-20230425-WA0024-1-1-1-600x450.jpg 600w\" sizes=\"(max-width: 800px) 100vw, 800px\" \/><\/div><\/div><\/div><\/div><div class=\"flex_column av_one_full  flex_column_div av-zero-column-padding first  avia-builder-el-2  el_after_av_one_full  el_before_av_one_full  column-top-margin\" style='border-radius:0px; '><section class=\"av_textblock_section \"  itemscope=\"itemscope\" itemtype=\"https:\/\/schema.org\/BlogPosting\" itemprop=\"blogPost\" ><div class='avia_textblock  '   itemprop=\"text\" ><p style=\"text-align: center;\"><strong><span style=\"font-size: 18pt;\">Un 80% de ejecuci\u00f3n tiene plan excepcional de conservaci\u00f3n de caminos en la regi\u00f3n de Ays\u00e9n<\/span><\/strong><\/p>\n<div id=\"gtx-trans\" style=\"position: absolute; left: -50px; top: 4.31534px;\">\n<div class=\"gtx-trans-icon\"><\/div>\n<\/div>\n<\/div><\/section><\/div><div class=\"flex_column av_one_full  flex_column_div av-zero-column-padding first  avia-builder-el-4  el_after_av_one_full  el_before_av_hr  column-top-margin\" style='border-radius:0px; '><section class=\"av_textblock_section \"  itemscope=\"itemscope\" itemtype=\"https:\/\/schema.org\/BlogPosting\" itemprop=\"blogPost\" ><div class='avia_textblock  '   itemprop=\"text\" ><p style=\"text-align: justify;\">Para mejorar la transitabilidad en los caminos, en marzo de este a\u00f1o surgi\u00f3 el Plan Excepcional de Conservaci\u00f3n de Caminos que el gobierno a trav\u00e9s de la Direcci\u00f3n Regional de Vialidad del Ministerio de Obras P\u00fablicas se encuentra desarrollando en las cuatro provincias de la regi\u00f3n de Ays\u00e9n. As\u00ed lo se\u00f1al\u00f3, el Secretario Regional Ministerial de Obras P\u00fablicas, Patricio Sanhueza Ulloa quien inform\u00f3 que \u201ca la fecha se ha cumplido un 80% de la ejecuci\u00f3n de este Plan con 26 maquinarias y personal tanto de la Direcci\u00f3n Regional de Vialidad en la regi\u00f3n de Ays\u00e9n, as\u00ed como tambi\u00e9n personal proveniente desde Valpara\u00edso, O\u00b4Higgins y Los Lagos, todos quienes junto al Coordinador del Plan Excepcional de Conservaci\u00f3n de Caminos Renzo Sanders, han trabajado en la entrega de soluciones efectivas para la mantenci\u00f3n de las Rutas\u201d.<\/p>\n<p style=\"text-align: justify;\">En este trabajo, agreg\u00f3 el SEREMI del MOP, con nuestros funcionarios y trabajadoras de la Direcci\u00f3n de Vialidad nos hemos desplazado a las cuatro provincias de la regi\u00f3n con maquinaria trabajando en la conservaci\u00f3n de las Rutas, as\u00ed como tambi\u00e9n hemos llegado hasta la comuna de Las Guaitecas, oportunidad en la que hicimos entrega a la municipalidad de una motoniveladora que permanecer\u00e1 en Melinka para realizar la conservaci\u00f3n del camino Melinka-Repollal con personal de nuestro ministerio, y tambi\u00e9n se capacitar\u00e1 a funcionario municipal para el manejo de esta maquinaria para su futura operaci\u00f3n; hemos llevado el Plan Excepcional de Conservaci\u00f3n de Caminos a las y los vecinos de las ciudades de Villa O\u00b4Higgins, Cochrane, Tortel, Chile Chico, Coyhaique, Ays\u00e9n, Puerto S\u00e1nchez, Villa Ortega, Melinka<strong>,<\/strong> entre otras localidades con quienes hemos tenido un di\u00e1logo franco respecto a las necesidades particulares de cada territorio, con el fin de junto con implementar este Plan tambi\u00e9n recoger los matices de cada uno de los territorios y apoyar sus solicitudes para ir mejorando las condiciones de vida de las personas y su entorno en forma integral. As\u00ed tambi\u00e9n, lo hemos hecho tambi\u00e9n con los integrantes del Consejo Regional de Ays\u00e9n y tambi\u00e9n hemos creado Mesas de Trabajo gesti\u00f3n p\u00fablico-privada en donde participan gremios de los sectores del turismo, del transporte, la C\u00e1mara Chilena de la Construcci\u00f3n y Comercio todos con quienes hemos tenido reuniones muy constructivas en un trabajo mancomunado en donde hemos aunado voluntades para avanzar en los desaf\u00edos y en el desarrollo tanto a mediano como a largo plazo del mejoramiento de la transitabilidad de los caminos, as\u00ed como tambi\u00e9n en proyectos y obras del Plan MOP 2022-2026. Felicitamos a nuestros equipos, en particular a las y los trabajadores de Vialidad por su fuerte compromiso con las necesidades de la comunidad y con el cumplimiento del Plan Excepcional de Conservaci\u00f3n de Caminos\u201d.<\/p>\n<p style=\"text-align: justify;\">Con relaci\u00f3n al trabajo mancomunado que se ha estado realizando con diversos sectores productivos, Benito Hernando, presidente de la C\u00e1mara de Turismo de Coyhaique destac\u00f3: \u201ca partir de marzo y con los espacios que se fueron abriendo de reuni\u00f3n, de participaci\u00f3n de los gremios y de los estamentos p\u00fablicos pertinentes, se ha notado el Plan de Emergencia, respecto a resolver los problemas de conectividad se ha notado una mejora y esperamos que eso sea reforzado con las distintas etapas que se van a desarrollar dentro de este Plan. Hay confianza en que las cosas van a ir mejorando, no a la velocidad que nosotros quisi\u00e9ramos, pero s\u00ed hay trabajo y eso se tiene que reconocer, y esperamos que en las siguientes etapas se refuerce y se pueda por fin dar una soluci\u00f3n m\u00e1s de car\u00e1cter permanente, en donde tanto los habitantes como los turistas y en particular el problema que afecta a los distintos gremios podamos tener soluciones que sean de car\u00e1cter m\u00e1s permanentes en el tiempo. En general pedir que se siga manteniendo la mesa p\u00fablica-privada y de esa forma tambi\u00e9n las autoridades del MOP puedan retroalimentarse de la realidad que est\u00e1n viviendo cada uno de los habitantes de los distintos puntos de la regi\u00f3n\u201d.<\/p>\n<p style=\"text-align: justify;\">La ciudadan\u00eda est\u00e1 percibiendo los cambios, lo que se ha reconocido en las diferentes reuniones sostenidas en las \u00faltimas semanas, con diversos dirigentes, entre los que destac\u00f3 Marcela Calder\u00f3n, presidenta de la AG de Turismo y Comercio de Puerto R\u00edo Tranquilo, quien se\u00f1al\u00f3: \u201cLa mantenci\u00f3n del camino se nota que est\u00e1 bueno. Se nota que ha habido un trabajo que se est\u00e1 coordinando y la verdad de las cosas es que ayer vine desde Puerto R\u00edo Tranquilo a Coyhaique y el camino est\u00e1 en muy buenas condiciones. Justamente hoy d\u00eda estaba mirando yo una agenda que tienen ah\u00ed de los d\u00edas donde van a pasar reperfilado, ojal\u00e1 que esto se siga manteniendo porque eso era lo que quer\u00eda la gente que se haga un trabajo peri\u00f3dico para que el camino siga en buenas condiciones, no al 100%, pero que se note una preocupaci\u00f3n y no dejarlo m\u00e1s abandonado como estuvimos tiempo atr\u00e1s\u201d.<\/p>\n<p style=\"text-align: justify;\">En tanto, el encargado de mantenimiento y conductor de Buses Sao Paulo, Sebasti\u00e1n Ruiz Pe\u00f1a nos coment\u00f3 \u201cla verdad es que ha fluido todo muy bien. Lo que conversamos y las inquietudes que nosotros tuvimos en su minuto, que se acogieron. Esta vez s\u00ed nos escucharon y de verdad que se nota un trabajo detr\u00e1s de todo. La verdad que primera vez que veo que hay un compromiso real y se est\u00e1n haciendo las cosas tal cual como a nosotros se nos ha dicho en estas reuniones, y con respecto a las Mesas de Trabajo que se est\u00e1n haciendo me parecen s\u00faper bien, ojal\u00e1 sigan as\u00ed, sigamos trabajando y como digo ojal\u00e1 se siga manteniendo esto\u201d.<\/p>\n<p style=\"text-align: justify;\">El Plan Excepcional de Conservaci\u00f3n de Caminos \u201ces el mecanismo que como gobierno definimos para poder planificar y abordar la Conservaci\u00f3n de la Red Vial Regional a trav\u00e9s de la Direcci\u00f3n de Vialidad del Ministerio de Obras P\u00fablicas, ante una situaci\u00f3n compleja y excepcional, con el objetivo de dar cobertura al 100% de la Red Vial en la regi\u00f3n de Ays\u00e9n que incluye nuestra red estructurante o Ruta 7 y mediante la Red Secundaria, \u00a0como se hab\u00eda hecho tradicionalmente, entregando conectividad y transitabilidad con un nivel de seguridad \u00f3ptimo y de acuerdo a la realidad de la regi\u00f3n de Ays\u00e9n. Este Plan se desarrollar\u00e1 en una primera etapa entre los meses de marzo a junio del a\u00f1o en curso con la llegada de maquinaria de apoyo de Vialidad de otras regiones del pa\u00eds con lo que conjuntamente se conforma un pool de 26 maquinarias; una segunda etapa se est\u00e1 desarrollando ahora y continuar\u00e1 hasta septiembre de este a\u00f1o, en donde a trav\u00e9s del Decreto de Emergencia podremos efectuar Tratos Directos con empresas constructoras de la regi\u00f3n que califiquen para Obras Menores, lo que se complementar\u00e1 con los equipos propios de la Direcci\u00f3n Regional de Vialidad, y desde septiembre en adelante se reactivar\u00e1 la conservaci\u00f3n de los caminos a trav\u00e9s de Contratos Globales, lo que se complementar\u00e1 con los equipos propios de la Direcci\u00f3n Regional de Vialidad\u201d, se\u00f1al\u00f3 Renzo Sanders.<\/p>\n<\/div><\/section><\/div><div  style='height:50px' class='hr hr-invisible   avia-builder-el-6  el_after_av_one_full  el_before_av_social_share '><span class='hr-inner ' ><span class='hr-inner-style'><\/span><\/span><\/div><\/p>\n<div  class='av-social-sharing-box  avia-builder-el-7  el_after_av_hr  el_before_av_hr  '><div class='av-share-box'><h5 class='av-share-link-description av-no-toc '>Compartir esta noticia<\/h5><ul class='av-share-box-list noLightbox'><li class='av-share-link av-social-link-facebook' ><a target=\"_blank\" aria-label=\"Compartir en Facebook\" href='https:\/\/www.facebook.com\/sharer.php?u=https:\/\/radiorevelacionfm.cl\/?p=30567&#038;t=Un%2080%25%20de%20ejecuci%C3%B3n%20tiene%20plan%20excepcional%20de%20conservaci%C3%B3n%20de%20caminos%20en%20la%20regi%C3%B3n%20de%20Ays%C3%A9n' aria-hidden='false' data-av_icon='\ue8f3' data-av_iconfont='entypo-fontello' title='' data-avia-related-tooltip='Compartir en Facebook' rel=\"noopener\"><span class='avia_hidden_link_text'>Compartir en Facebook<\/span><\/a><\/li><li class='av-share-link av-social-link-twitter' ><a target=\"_blank\" aria-label=\"Compartir en Twitter\" href='https:\/\/twitter.com\/share?text=Un%2080%25%20de%20ejecuci%C3%B3n%20tiene%20plan%20excepcional%20de%20conservaci%C3%B3n%20de%20caminos%20en%20la%20regi%C3%B3n%20de%20Ays%C3%A9n&#038;url=https:\/\/radiorevelacionfm.cl\/?p=30567' aria-hidden='false' data-av_icon='\ue8f1' data-av_iconfont='entypo-fontello' title='' data-avia-related-tooltip='Compartir en Twitter' rel=\"noopener\"><span class='avia_hidden_link_text'>Compartir en Twitter<\/span><\/a><\/li><li class='av-share-link av-social-link-whatsapp' ><a target=\"_blank\" aria-label=\"Compartir en Whatsapp\" href='https:\/\/api.whatsapp.com\/send?text=https:\/\/radiorevelacionfm.cl\/?p=30567' aria-hidden='false' data-av_icon='\uf232' data-av_iconfont='entypo-fontello' title='' data-avia-related-tooltip='Compartir en Whatsapp' rel=\"noopener\"><span class='avia_hidden_link_text'>Compartir en Whatsapp<\/span><\/a><\/li><li class='av-share-link av-social-link-linkedin' ><a target=\"_blank\" aria-label=\"Compartir en LinkedIn\" href='https:\/\/linkedin.com\/shareArticle?mini=true&#038;title=Un%2080%25%20de%20ejecuci%C3%B3n%20tiene%20plan%20excepcional%20de%20conservaci%C3%B3n%20de%20caminos%20en%20la%20regi%C3%B3n%20de%20Ays%C3%A9n&#038;url=https:\/\/radiorevelacionfm.cl\/?p=30567' aria-hidden='false' data-av_icon='\ue8fc' data-av_iconfont='entypo-fontello' title='' data-avia-related-tooltip='Compartir en LinkedIn' rel=\"noopener\"><span class='avia_hidden_link_text'>Compartir en LinkedIn<\/span><\/a><\/li><li class='av-share-link av-social-link-mail' ><a  aria-label=\"Compartir por correo\" href='mailto:?subject=Un%2080%25%20de%20ejecuci%C3%B3n%20tiene%20plan%20excepcional%20de%20conservaci%C3%B3n%20de%20caminos%20en%20la%20regi%C3%B3n%20de%20Ays%C3%A9n&#038;body=https:\/\/radiorevelacionfm.cl\/?p=30567' aria-hidden='false' data-av_icon='\ue805' data-av_iconfont='entypo-fontello' title='' data-avia-related-tooltip='Compartir por correo'><span class='avia_hidden_link_text'>Compartir por correo<\/span><\/a><\/li><\/ul><\/div><\/div>\n<div  style='height:50px' class='hr hr-invisible   avia-builder-el-8  el_after_av_social_share  el_before_av_comments_list '><span class='hr-inner ' ><span class='hr-inner-style'><\/span><\/span><\/div>\n<div  class='av-buildercomment  av-blog-meta-html-info-disabled av-blog-meta-tag-disabled  '><\/div>\n","protected":false},"excerpt":{"rendered":"","protected":false},"author":1,"featured_media":30568,"comment_status":"open","ping_status":"open","sticky":false,"template":"","format":"standard","meta":{"footnotes":""},"categories":[38],"tags":[],"class_list":["post-30567","post","type-post","status-publish","format-standard","has-post-thumbnail","hentry","category-regional"],"jetpack_featured_media_url":"https:\/\/radiorevelacionfm.cl\/wp-content\/uploads\/2023\/04\/IMG-20230425-WA0024-1-1-1.jpg","_links":{"self":[{"href":"https:\/\/radiorevelacionfm.cl\/index.php?rest_route=\/wp\/v2\/posts\/30567","targetHints":{"allow":["GET"]}}],"collection":[{"href":"https:\/\/radiorevelacionfm.cl\/index.php?rest_route=\/wp\/v2\/posts"}],"about":[{"href":"https:\/\/radiorevelacionfm.cl\/index.php?rest_route=\/wp\/v2\/types\/post"}],"author":[{"embeddable":true,"href":"https:\/\/radiorevelacionfm.cl\/index.php?rest_route=\/wp\/v2\/users\/1"}],"replies":[{"embeddable":true,"href":"https:\/\/radiorevelacionfm.cl\/index.php?rest_route=%2Fwp%2Fv2%2Fcomments&post=30567"}],"version-history":[{"count":1,"href":"https:\/\/radiorevelacionfm.cl\/index.php?rest_route=\/wp\/v2\/posts\/30567\/revisions"}],"predecessor-version":[{"id":30569,"href":"https:\/\/radiorevelacionfm.cl\/index.php?rest_route=\/wp\/v2\/posts\/30567\/revisions\/30569"}],"wp:featuredmedia":[{"embeddable":true,"href":"https:\/\/radiorevelacionfm.cl\/index.php?rest_route=\/wp\/v2\/media\/30568"}],"wp:attachment":[{"href":"https:\/\/radiorevelacionfm.cl\/index.php?rest_route=%2Fwp%2Fv2%2Fmedia&parent=30567"}],"wp:term":[{"taxonomy":"category","embeddable":true,"href":"https:\/\/radiorevelacionfm.cl\/index.php?rest_route=%2Fwp%2Fv2%2Fcategories&post=30567"},{"taxonomy":"post_tag","embeddable":true,"href":"https:\/\/radiorevelacionfm.cl\/index.php?rest_route=%2Fwp%2Fv2%2Ftags&post=30567"}],"curies":[{"name":"wp","href":"https:\/\/api.w.org\/{rel}","templated":true}]}}