{"id":30560,"date":"2023-04-28T18:09:10","date_gmt":"2023-04-28T21:09:10","guid":{"rendered":"https:\/\/radiorevelacionfm.cl\/?p=30560"},"modified":"2023-04-28T18:09:10","modified_gmt":"2023-04-28T21:09:10","slug":"investigacion-abordara-impactos-ecologicos-de-loteos-alrededor-de-areas-silvestres-protegidas-en-la-patagonia","status":"publish","type":"post","link":"https:\/\/radiorevelacionfm.cl\/?p=30560","title":{"rendered":"Investigaci\u00f3n abordar\u00e1 impactos ecol\u00f3gicos de loteos alrededor de \u00c1reas Silvestres Protegidas en la Patagonia"},"content":{"rendered":"<div class=\"flex_column av_one_full  flex_column_div av-zero-column-padding first  avia-builder-el-0  el_before_av_one_full  avia-builder-el-first  \" style='border-radius:0px; '><div  class='avia-image-container  av-styling-    avia-builder-el-1  avia-builder-el-no-sibling  avia-align-center '  itemprop=\"image\" itemscope=\"itemscope\" itemtype=\"https:\/\/schema.org\/ImageObject\"  ><div class='avia-image-container-inner'><div class='avia-image-overlay-wrap'><img decoding=\"async\" class='wp-image-30561 avia-img-lazy-loading-not-30561 avia_image' src=\"https:\/\/radiorevelacionfm.cl\/wp-content\/uploads\/2023\/04\/whatsapp-image-2023-04-24-at-17_optimized.20.00-1-1-1-1.jpeg\" alt='' title='whatsapp-image-2023-04-24-at-17_optimized.20.00-(1)-(1)-(1) (1)' height=\"600\" width=\"901\"  itemprop=\"thumbnailUrl\" srcset=\"https:\/\/radiorevelacionfm.cl\/wp-content\/uploads\/2023\/04\/whatsapp-image-2023-04-24-at-17_optimized.20.00-1-1-1-1.jpeg 901w, https:\/\/radiorevelacionfm.cl\/wp-content\/uploads\/2023\/04\/whatsapp-image-2023-04-24-at-17_optimized.20.00-1-1-1-1-300x200.jpeg 300w, https:\/\/radiorevelacionfm.cl\/wp-content\/uploads\/2023\/04\/whatsapp-image-2023-04-24-at-17_optimized.20.00-1-1-1-1-768x511.jpeg 768w, https:\/\/radiorevelacionfm.cl\/wp-content\/uploads\/2023\/04\/whatsapp-image-2023-04-24-at-17_optimized.20.00-1-1-1-1-705x469.jpeg 705w, https:\/\/radiorevelacionfm.cl\/wp-content\/uploads\/2023\/04\/whatsapp-image-2023-04-24-at-17_optimized.20.00-1-1-1-1-450x300.jpeg 450w, https:\/\/radiorevelacionfm.cl\/wp-content\/uploads\/2023\/04\/whatsapp-image-2023-04-24-at-17_optimized.20.00-1-1-1-1-600x400.jpeg 600w\" sizes=\"(max-width: 901px) 100vw, 901px\" \/><\/div><\/div><\/div><\/div><div class=\"flex_column av_one_full  flex_column_div av-zero-column-padding first  avia-builder-el-2  el_after_av_one_full  el_before_av_one_full  column-top-margin\" style='border-radius:0px; '><section class=\"av_textblock_section \"  itemscope=\"itemscope\" itemtype=\"https:\/\/schema.org\/BlogPosting\" itemprop=\"blogPost\" ><div class='avia_textblock  '   itemprop=\"text\" ><p style=\"text-align: center;\"><strong><span style=\"font-size: 18pt;\">Investigaci\u00f3n abordar\u00e1 impactos ecol\u00f3gicos de loteos alrededor de \u00c1reas Silvestres Protegidas en la Patagonia<\/span><\/strong><\/p>\n<div id=\"gtx-trans\" style=\"position: absolute; left: -50px; top: 4.31534px;\">\n<div class=\"gtx-trans-icon\"><\/div>\n<\/div>\n<\/div><\/section><\/div><div class=\"flex_column av_one_full  flex_column_div av-zero-column-padding first  avia-builder-el-4  el_after_av_one_full  el_before_av_hr  column-top-margin\" style='border-radius:0px; '><section class=\"av_textblock_section \"  itemscope=\"itemscope\" itemtype=\"https:\/\/schema.org\/BlogPosting\" itemprop=\"blogPost\" ><div class='avia_textblock  '   itemprop=\"text\" ><p class=\"v1x_MsoNormal\" style=\"text-align: justify;\" align=\"justify\"><span class=\"v1x_ContentPasted0\" dir=\"LTR\">Muchos territorios rurales que rodean las \u00c1reas Silvestres Protegidas de Chile est\u00e1n experimentando un cambio estructural del paisaje. La parcelaci\u00f3n de terrenos ha provocado el declive de muchos usos tradicionales del suelo basados en los recursos. Adem\u00e1s, al tratarse de zonas rodeadas de abundantes atractivos naturales, se est\u00e1 incrementando el inter\u00e9s de personas que buscan segundas residencias y estilos de vida que les permitan m\u00e1s tiempo disponible para la recreaci\u00f3n, o simplemente escapar de los centros urbanos. La conversi\u00f3n de usos del suelo y la implementaci\u00f3n de infraestructuras asociadas a las transiciones del territorio rural pueden afectar negativamente la capacidad de estas \u00e1reas para proteger las especies, almacenar carbono, mantener el equilibrio de los ecosistemas y proporcionar otros importantes servicios y beneficios. En el Centro de Investigaci\u00f3n en Ecosistemas de la Patagonia (CIEP), el grupo de investigadores sociales est\u00e1 comenzando un nuevo proyecto de tres a\u00f1os, enfocado en comprender los valores y el comportamiento humano relacionado con los cambios de uso del suelo e identificar caminos que puedan conducir a procesos de transici\u00f3n territorial sostenibles en la periferia de las \u00c1reas Silvestres Protegidas.<\/span><\/p>\n<p class=\"v1x_MsoNormal\" style=\"text-align: justify;\" align=\"justify\"><span class=\"v1x_ContentPasted0\" dir=\"LTR\">Este proyecto, postulado por la Dra. Trace Gale, del CIEP, y la Dra. Andrea B\u00e1ez, de la Universidad Austral de Chile (UACh), obtuvo financiamiento del concurso FONDECYT REGULAR de la Agencia Nacional de Investigaci\u00f3n y Desarrollo (ANID), tras obtener una excelente evaluaci\u00f3n de su propuesta, considerando el m\u00e9rito cient\u00edfico y la relevancia territorial. Los evaluadores del proyecto comentaron: \u00abA trav\u00e9s de una metodolog\u00eda de trabajo inherentemente transdisciplinaria, el proyecto busca encontrar, en conjunto con los actores relevantes (propietarios y residentes), aquellas acciones que promuevan el cuidado de los servicios ecosist\u00e9micos de las zonas rurales adyacentes a las \u00c1reas Silvestres Protegidas\u00bb. La Dra. Trace Gale se\u00f1ala: \u00abEstas \u00e1reas de Chile juegan un papel cr\u00edtico en la preservaci\u00f3n de ecosistemas y especies \u00fanicas, a la vez que proporcionan una serie de servicios ecosist\u00e9micos para las comunidades y ciudadanos chilenos.\u00a0<\/span><span class=\"v1x_ContentPasted0\" dir=\"LTR\">Una mejor comprensi\u00f3n de los factores e interacciones sociales que afectan a los procesos de toma de decisiones y a los comportamientos humanos permitir\u00e1 desarrollar marcos pol\u00edticos, de planificaci\u00f3n, de gobernanza colaborativa y de gesti\u00f3n eficaces e integradores, para garantizar la protecci\u00f3n de la biodiversidad\u00bb<\/span><span class=\"v1x_ContentPasted0\" dir=\"LTR\">.<\/span><\/p>\n<p class=\"v1x_MsoNormal\" style=\"text-align: justify;\" align=\"justify\"><span class=\"v1x_ContentPasted0\" dir=\"LTR\">El proyecto estudiar\u00e1 el Parque Nacional Cerro Castillo y su periferia (definido como una zona de amortiguamiento de 10 km), en la Regi\u00f3n de Ays\u00e9n. Se trata de un \u00e1rea sin una excesiva explotaci\u00f3n, que actualmente es foco de crecientes presiones humanas y econ\u00f3micas. \u00abLa zona ofrece una oportunidad ideal para investigar la din\u00e1mica entre los impactos humanos y las v\u00edas de desarrollo sostenible\u00bb, destaca el ge\u00f3grafo Andr\u00e9s Adiego, personal t\u00e9cnico del proyecto.<\/span><\/p>\n<p class=\"v1x_MsoNormal\" style=\"text-align: justify;\" align=\"justify\"><span class=\"v1x_ContentPasted0\" dir=\"LTR\">En su primer a\u00f1o, la investigaci\u00f3n propone identificar los impactos negativos que la parcelaci\u00f3n podr\u00eda provocar a nivel socioambiental. Adem\u00e1s, se levantar\u00e1n una serie de comportamientos \u2014buenas pr\u00e1cticas\u2014 que los residentes y compradores de terrenos podr\u00edan incorporar para minimizar la probabilidad y alcance de estos da\u00f1os, facilitando una transici\u00f3n territorial sostenible. En el segundo a\u00f1o, a trav\u00e9s de entrevistas con aproximadamente 600 propietarios de la zona, se evaluar\u00e1 la disponibilidad de que adopten estas buenas pr\u00e1cticas en sus terrenos y se elaborar\u00e1 un modelo que dar\u00e1 luces sobre las variables y el potencial de desarrollar mecanismos de gobernanza compartida. En el tercer a\u00f1o del proyecto, el equipo trabajar\u00e1 junto con los residentes y compradores de los terrenos, las Municipalidades y servicios p\u00fablicos, incluyendo los administradores del Parque, y otros actores interesados, para transferir los resultados y apoyar la planificaci\u00f3n de una trayectoria futura de desarrollo en la zona, que permitir\u00e1 una transici\u00f3n territorial sostenible.\u00a0<\/span><\/p>\n<p class=\"v1x_MsoNormal\" style=\"text-align: justify;\" align=\"justify\"><span class=\"v1x_ContentPasted0\" dir=\"LTR\">De esta manera, el estudio busca proporcionar contribuciones relevantes y \u00abexportables\u00bb al conocimiento cient\u00edfico y a las iniciativas de investigaci\u00f3n socio-ecol\u00f3gica a largo plazo en la Patagonia, para ayudar a posicionar a Chile a la vanguardia de los estudios en transiciones territoriales. Si est\u00e1s interesado\/a en conocer m\u00e1s sobre el proyecto, o te gustar\u00eda participar directamente, contacta con la Dra. Trace Gale: tracegale@ciep.cl.<\/span><\/p>\n<\/div><\/section><\/div><div  style='height:50px' class='hr hr-invisible   avia-builder-el-6  el_after_av_one_full  el_before_av_social_share '><span class='hr-inner ' ><span class='hr-inner-style'><\/span><\/span><\/div><\/p>\n<div  class='av-social-sharing-box  avia-builder-el-7  el_after_av_hr  el_before_av_hr  '><div class='av-share-box'><h5 class='av-share-link-description av-no-toc '>Compartir esta noticia<\/h5><ul class='av-share-box-list noLightbox'><li class='av-share-link av-social-link-facebook' ><a target=\"_blank\" aria-label=\"Compartir en Facebook\" href='https:\/\/www.facebook.com\/sharer.php?u=https:\/\/radiorevelacionfm.cl\/?p=30560&#038;t=Investigaci%C3%B3n%20abordar%C3%A1%20impactos%20ecol%C3%B3gicos%20de%20loteos%20alrededor%20de%20%C3%81reas%20Silvestres%20Protegidas%20en%20la%20Patagonia' aria-hidden='false' data-av_icon='\ue8f3' data-av_iconfont='entypo-fontello' title='' data-avia-related-tooltip='Compartir en Facebook' rel=\"noopener\"><span class='avia_hidden_link_text'>Compartir en Facebook<\/span><\/a><\/li><li class='av-share-link av-social-link-twitter' ><a target=\"_blank\" aria-label=\"Compartir en Twitter\" href='https:\/\/twitter.com\/share?text=Investigaci%C3%B3n%20abordar%C3%A1%20impactos%20ecol%C3%B3gicos%20de%20loteos%20alrededor%20de%20%C3%81reas%20Silvestres%20Protegidas%20en%20la%20Patagonia&#038;url=https:\/\/radiorevelacionfm.cl\/?p=30560' aria-hidden='false' data-av_icon='\ue8f1' data-av_iconfont='entypo-fontello' title='' data-avia-related-tooltip='Compartir en Twitter' rel=\"noopener\"><span class='avia_hidden_link_text'>Compartir en Twitter<\/span><\/a><\/li><li class='av-share-link av-social-link-whatsapp' ><a target=\"_blank\" aria-label=\"Compartir en Whatsapp\" href='https:\/\/api.whatsapp.com\/send?text=https:\/\/radiorevelacionfm.cl\/?p=30560' aria-hidden='false' data-av_icon='\uf232' data-av_iconfont='entypo-fontello' title='' data-avia-related-tooltip='Compartir en Whatsapp' rel=\"noopener\"><span class='avia_hidden_link_text'>Compartir en Whatsapp<\/span><\/a><\/li><li class='av-share-link av-social-link-linkedin' ><a target=\"_blank\" aria-label=\"Compartir en LinkedIn\" href='https:\/\/linkedin.com\/shareArticle?mini=true&#038;title=Investigaci%C3%B3n%20abordar%C3%A1%20impactos%20ecol%C3%B3gicos%20de%20loteos%20alrededor%20de%20%C3%81reas%20Silvestres%20Protegidas%20en%20la%20Patagonia&#038;url=https:\/\/radiorevelacionfm.cl\/?p=30560' aria-hidden='false' data-av_icon='\ue8fc' data-av_iconfont='entypo-fontello' title='' data-avia-related-tooltip='Compartir en LinkedIn' rel=\"noopener\"><span class='avia_hidden_link_text'>Compartir en LinkedIn<\/span><\/a><\/li><li class='av-share-link av-social-link-mail' ><a  aria-label=\"Compartir por correo\" href='mailto:?subject=Investigaci%C3%B3n%20abordar%C3%A1%20impactos%20ecol%C3%B3gicos%20de%20loteos%20alrededor%20de%20%C3%81reas%20Silvestres%20Protegidas%20en%20la%20Patagonia&#038;body=https:\/\/radiorevelacionfm.cl\/?p=30560' aria-hidden='false' data-av_icon='\ue805' data-av_iconfont='entypo-fontello' title='' data-avia-related-tooltip='Compartir por correo'><span class='avia_hidden_link_text'>Compartir por correo<\/span><\/a><\/li><\/ul><\/div><\/div>\n<div  style='height:50px' class='hr hr-invisible   avia-builder-el-8  el_after_av_social_share  el_before_av_comments_list '><span class='hr-inner ' ><span class='hr-inner-style'><\/span><\/span><\/div>\n<div  class='av-buildercomment  av-blog-meta-html-info-disabled av-blog-meta-tag-disabled  '><\/div>\n","protected":false},"excerpt":{"rendered":"","protected":false},"author":1,"featured_media":30561,"comment_status":"open","ping_status":"open","sticky":false,"template":"","format":"standard","meta":{"footnotes":""},"categories":[38],"tags":[],"class_list":["post-30560","post","type-post","status-publish","format-standard","has-post-thumbnail","hentry","category-regional"],"jetpack_featured_media_url":"https:\/\/radiorevelacionfm.cl\/wp-content\/uploads\/2023\/04\/whatsapp-image-2023-04-24-at-17_optimized.20.00-1-1-1-1.jpeg","_links":{"self":[{"href":"https:\/\/radiorevelacionfm.cl\/index.php?rest_route=\/wp\/v2\/posts\/30560","targetHints":{"allow":["GET"]}}],"collection":[{"href":"https:\/\/radiorevelacionfm.cl\/index.php?rest_route=\/wp\/v2\/posts"}],"about":[{"href":"https:\/\/radiorevelacionfm.cl\/index.php?rest_route=\/wp\/v2\/types\/post"}],"author":[{"embeddable":true,"href":"https:\/\/radiorevelacionfm.cl\/index.php?rest_route=\/wp\/v2\/users\/1"}],"replies":[{"embeddable":true,"href":"https:\/\/radiorevelacionfm.cl\/index.php?rest_route=%2Fwp%2Fv2%2Fcomments&post=30560"}],"version-history":[{"count":1,"href":"https:\/\/radiorevelacionfm.cl\/index.php?rest_route=\/wp\/v2\/posts\/30560\/revisions"}],"predecessor-version":[{"id":30562,"href":"https:\/\/radiorevelacionfm.cl\/index.php?rest_route=\/wp\/v2\/posts\/30560\/revisions\/30562"}],"wp:featuredmedia":[{"embeddable":true,"href":"https:\/\/radiorevelacionfm.cl\/index.php?rest_route=\/wp\/v2\/media\/30561"}],"wp:attachment":[{"href":"https:\/\/radiorevelacionfm.cl\/index.php?rest_route=%2Fwp%2Fv2%2Fmedia&parent=30560"}],"wp:term":[{"taxonomy":"category","embeddable":true,"href":"https:\/\/radiorevelacionfm.cl\/index.php?rest_route=%2Fwp%2Fv2%2Fcategories&post=30560"},{"taxonomy":"post_tag","embeddable":true,"href":"https:\/\/radiorevelacionfm.cl\/index.php?rest_route=%2Fwp%2Fv2%2Ftags&post=30560"}],"curies":[{"name":"wp","href":"https:\/\/api.w.org\/{rel}","templated":true}]}}