{"id":30555,"date":"2023-04-29T13:33:33","date_gmt":"2023-04-29T16:33:33","guid":{"rendered":"https:\/\/radiorevelacionfm.cl\/?p=30555"},"modified":"2023-04-29T13:33:33","modified_gmt":"2023-04-29T16:33:33","slug":"amplian-el-plazo-de-inscripcion-de-derechos-de-aprovechamiento-de-aguas","status":"publish","type":"post","link":"https:\/\/radiorevelacionfm.cl\/?p=30555","title":{"rendered":"Ampl\u00edan el plazo de inscripci\u00f3n de derechos de aprovechamiento de aguas"},"content":{"rendered":"<div class=\"flex_column av_one_full  flex_column_div av-zero-column-padding first  avia-builder-el-0  el_before_av_one_full  avia-builder-el-first  \" style='border-radius:0px; '><div  class='avia-image-container  av-styling-    avia-builder-el-1  avia-builder-el-no-sibling  avia-align-center '  itemprop=\"image\" itemscope=\"itemscope\" itemtype=\"https:\/\/schema.org\/ImageObject\"  ><div class='avia-image-container-inner'><div class='avia-image-overlay-wrap'><img decoding=\"async\" class='wp-image-30556 avia-img-lazy-loading-not-30556 avia_image' src=\"https:\/\/radiorevelacionfm.cl\/wp-content\/uploads\/2023\/04\/Ministra-de-Obras-Publicas-Lopez-aprobacion-proyecto-derachos-de-agua-26.04.2023-1-1.jpg\" alt='' title='Ministra de Obras P\u00fablicas L\u00f3pez aprobaci\u00f3n proyecto derachos de agua 26.04.2023 (1) (1)' height=\"600\" width=\"923\"  itemprop=\"thumbnailUrl\" srcset=\"https:\/\/radiorevelacionfm.cl\/wp-content\/uploads\/2023\/04\/Ministra-de-Obras-Publicas-Lopez-aprobacion-proyecto-derachos-de-agua-26.04.2023-1-1.jpg 923w, https:\/\/radiorevelacionfm.cl\/wp-content\/uploads\/2023\/04\/Ministra-de-Obras-Publicas-Lopez-aprobacion-proyecto-derachos-de-agua-26.04.2023-1-1-300x195.jpg 300w, https:\/\/radiorevelacionfm.cl\/wp-content\/uploads\/2023\/04\/Ministra-de-Obras-Publicas-Lopez-aprobacion-proyecto-derachos-de-agua-26.04.2023-1-1-768x499.jpg 768w, https:\/\/radiorevelacionfm.cl\/wp-content\/uploads\/2023\/04\/Ministra-de-Obras-Publicas-Lopez-aprobacion-proyecto-derachos-de-agua-26.04.2023-1-1-705x458.jpg 705w, https:\/\/radiorevelacionfm.cl\/wp-content\/uploads\/2023\/04\/Ministra-de-Obras-Publicas-Lopez-aprobacion-proyecto-derachos-de-agua-26.04.2023-1-1-450x293.jpg 450w, https:\/\/radiorevelacionfm.cl\/wp-content\/uploads\/2023\/04\/Ministra-de-Obras-Publicas-Lopez-aprobacion-proyecto-derachos-de-agua-26.04.2023-1-1-600x390.jpg 600w\" sizes=\"(max-width: 923px) 100vw, 923px\" \/><\/div><\/div><\/div><\/div><div class=\"flex_column av_one_full  flex_column_div av-zero-column-padding first  avia-builder-el-2  el_after_av_one_full  el_before_av_one_full  column-top-margin\" style='border-radius:0px; '><section class=\"av_textblock_section \"  itemscope=\"itemscope\" itemtype=\"https:\/\/schema.org\/BlogPosting\" itemprop=\"blogPost\" ><div class='avia_textblock  '   itemprop=\"text\" ><p style=\"text-align: center;\"><strong><span style=\"font-size: 18pt;\">Ampl\u00edan el plazo de inscripci\u00f3n de derechos de aprovechamiento de aguas<\/span><\/strong><\/p>\n<div id=\"gtx-trans\" style=\"position: absolute; left: -50px; top: 4.31534px;\">\n<div class=\"gtx-trans-icon\"><\/div>\n<\/div>\n<\/div><\/section><\/div><div class=\"flex_column av_one_full  flex_column_div av-zero-column-padding first  avia-builder-el-4  el_after_av_one_full  el_before_av_hr  column-top-margin\" style='border-radius:0px; '><section class=\"av_textblock_section \"  itemscope=\"itemscope\" itemtype=\"https:\/\/schema.org\/BlogPosting\" itemprop=\"blogPost\" ><div class='avia_textblock  '   itemprop=\"text\" ><p style=\"text-align: justify;\">Esta semana la sala de C\u00e1mara de Diputadas y Diputados aprob\u00f3 el proyecto para extender el plazo de inscripci\u00f3n de los derechos de aprovechamiento de aguas en el Conservador de Bienes Ra\u00edces y registro en el Catastro P\u00fablico de Aguas de la Direcci\u00f3n General de Aguas (DGA) del Ministerio de Obras P\u00fablicas, hasta el 6 de abril de 2025. Sin embargo, el texto ahora deber\u00e1 ser visto en el Senado.<\/p>\n<p style=\"text-align: justify;\">\u201cQueremos agradecer a la C\u00e1mara de Diputados que aprob\u00f3 por amplia mayor\u00eda el proyecto de ley que permite prorrogar el plazo para la inscripci\u00f3n de los derechos de agua en el conservador de bienes ra\u00edces y los riesgos que eso tiene en t\u00e9rminos de caducidad\u201d, destac\u00f3 la ministra de Obras Jessica L\u00f3pez.<\/p>\n<p style=\"text-align: justify;\">La secretario de Estado, explic\u00f3 que \u201chay otras medidas que tambi\u00e9n se aprobaron todas tendientes a facilitar el proceso y a poder avanzar definitivamente en tener registro de los derechos de aprovechamiento de agua en Chile\u201d.<\/p>\n<p style=\"text-align: justify;\">\u201cEste es un paso m\u00e1s. Ahora viene el Senado, donde esperamos tener un proceso fluido\u201d, agreg\u00f3 la ministra del MOP.<\/p>\n<p style=\"text-align: justify;\">El plazo original establecido por la reforma al C\u00f3digo de Aguas, vigente desde abril de 2022, es de 18 meses, por lo que al 6 de octubre de este a\u00f1o este tr\u00e1mite debe ser completado. En el caso de no inscribir el derecho en el Conservador de Bienes Ra\u00edces, \u00e9ste caducar\u00e1. Sin embargo, la sanci\u00f3n de caducidad no aplicar\u00e1 para Servicios Sanitarios Rurales, ciertas comunidades agr\u00edcolas, propietarios de \u00e1reas protegidas que no utilicen los derechos de aprovechamiento para preservar el ecosistema, y a los ind\u00edgenas o comunidades ind\u00edgenas.<\/p>\n<p style=\"text-align: justify;\">Mientras se resuelve el aplazamiento de los plazos, titulares de derechos de aprovechamiento han realizado ambos tr\u00e1mites con el fin de tener sus derechos en regla. Cabe se\u00f1alar que la inscripci\u00f3n en el Conservador de Bienes Ra\u00edces tiene un costo y el registro en el Catastro P\u00fablico de Aguas es totalmente gratuito.<\/p>\n<p style=\"text-align: justify;\">El proyecto de ley que debe ser aprobado por el Senado, tambi\u00e9n se\u00f1ala que INDAP, CONADI, las Organizaciones de Usuarios de Aguas y la Direcci\u00f3n General de Aguas, deber\u00e1n velar por la difusi\u00f3n e informaci\u00f3n de estas disposiciones.<\/p>\n<p style=\"text-align: justify;\">Al respecto, el director general de Aguas del MOP, Rodrigo Sanhueza, indic\u00f3 que desde publicada la ley 21.435 a la fecha, profesionales de las direcciones regionales de Aguas y del nivel central, se han desplegado en el territorio brindando charlas al respecto junto con la entrega de d\u00edpticos y publicaci\u00f3n de informaci\u00f3n en el sitio web de la DGA. \u201cSin duda que haremos mayores esfuerzos para informar sobre estos tr\u00e1mites que s\u00f3lo buscan que las personas tengan sus derechos en regla y adem\u00e1s, que la DGA pueda contar con toda la informaci\u00f3n necesaria para gestionar el recurso con mayor eficiencia\u201d, indic\u00f3.<\/p>\n<p style=\"text-align: justify;\">Otro plazo a prorrogar, es el que corr\u00eda para la conformaci\u00f3n de las comunidades de aguas subterr\u00e1neas en todas las \u00e1reas de restricci\u00f3n o zonas de prohibici\u00f3n, ampli\u00e1ndose de uno a tres a\u00f1os para iniciar el tr\u00e1mite. El fin es que los titulares de un derecho de aprovechamiento de aguas se organicen para el control de extracciones con el objeto de gestionar de manera sustentable el acu\u00edfero a trav\u00e9s del manejo de la informaci\u00f3n de usuarios, pozos y disponibilidad del recurso, tomando decisiones desde un enfoque colectivo y local. Por \u00faltimo, los legisladores establecieron un cambio en procedimiento que actualmente se realiza para perfeccionar o completar los derechos de aprovechamiento, para el cual se debe acudir a un Juzgado de Letras representado\/a por un\/a abogado\/a a fin obtener una sentencia definitiva que complementa el t\u00edtulo inscrito con aquellas caracter\u00edsticas o menciones de las que carece, por ejemplo la naturaleza del derecho, o el caudal que se puede extraer expresado en litros por segundo, etc.<\/p>\n<p style=\"text-align: justify;\">De aprobarse este proyecto, el perfeccionamiento se realizar\u00eda en la DGA, y una vez que la resoluci\u00f3n administrativa que perfeccione el t\u00edtulo del derecho de aprovechamiento de aguas est\u00e9 firme y ejecutoriada, la DGA lo registrar\u00e1 en el Catastro P\u00fablico de Aguas.<\/p>\n<\/div><\/section><\/div><div  style='height:50px' class='hr hr-invisible   avia-builder-el-6  el_after_av_one_full  el_before_av_social_share '><span class='hr-inner ' ><span class='hr-inner-style'><\/span><\/span><\/div><\/p>\n<div  class='av-social-sharing-box  avia-builder-el-7  el_after_av_hr  el_before_av_hr  '><div class='av-share-box'><h5 class='av-share-link-description av-no-toc '>Compartir esta noticia<\/h5><ul class='av-share-box-list noLightbox'><li class='av-share-link av-social-link-facebook' ><a target=\"_blank\" aria-label=\"Compartir en Facebook\" href='https:\/\/www.facebook.com\/sharer.php?u=https:\/\/radiorevelacionfm.cl\/?p=30555&#038;t=Ampl%C3%ADan%20el%20plazo%20de%20inscripci%C3%B3n%20de%20derechos%20de%20aprovechamiento%20de%20aguas' aria-hidden='false' data-av_icon='\ue8f3' data-av_iconfont='entypo-fontello' title='' data-avia-related-tooltip='Compartir en Facebook' rel=\"noopener\"><span class='avia_hidden_link_text'>Compartir en Facebook<\/span><\/a><\/li><li class='av-share-link av-social-link-twitter' ><a target=\"_blank\" aria-label=\"Compartir en Twitter\" href='https:\/\/twitter.com\/share?text=Ampl%C3%ADan%20el%20plazo%20de%20inscripci%C3%B3n%20de%20derechos%20de%20aprovechamiento%20de%20aguas&#038;url=https:\/\/radiorevelacionfm.cl\/?p=30555' aria-hidden='false' data-av_icon='\ue8f1' data-av_iconfont='entypo-fontello' title='' data-avia-related-tooltip='Compartir en Twitter' rel=\"noopener\"><span class='avia_hidden_link_text'>Compartir en Twitter<\/span><\/a><\/li><li class='av-share-link av-social-link-whatsapp' ><a target=\"_blank\" aria-label=\"Compartir en Whatsapp\" href='https:\/\/api.whatsapp.com\/send?text=https:\/\/radiorevelacionfm.cl\/?p=30555' aria-hidden='false' data-av_icon='\uf232' data-av_iconfont='entypo-fontello' title='' data-avia-related-tooltip='Compartir en Whatsapp' rel=\"noopener\"><span class='avia_hidden_link_text'>Compartir en Whatsapp<\/span><\/a><\/li><li class='av-share-link av-social-link-linkedin' ><a target=\"_blank\" aria-label=\"Compartir en LinkedIn\" href='https:\/\/linkedin.com\/shareArticle?mini=true&#038;title=Ampl%C3%ADan%20el%20plazo%20de%20inscripci%C3%B3n%20de%20derechos%20de%20aprovechamiento%20de%20aguas&#038;url=https:\/\/radiorevelacionfm.cl\/?p=30555' aria-hidden='false' data-av_icon='\ue8fc' data-av_iconfont='entypo-fontello' title='' data-avia-related-tooltip='Compartir en LinkedIn' rel=\"noopener\"><span class='avia_hidden_link_text'>Compartir en LinkedIn<\/span><\/a><\/li><li class='av-share-link av-social-link-mail' ><a  aria-label=\"Compartir por correo\" href='mailto:?subject=Ampl%C3%ADan%20el%20plazo%20de%20inscripci%C3%B3n%20de%20derechos%20de%20aprovechamiento%20de%20aguas&#038;body=https:\/\/radiorevelacionfm.cl\/?p=30555' aria-hidden='false' data-av_icon='\ue805' data-av_iconfont='entypo-fontello' title='' data-avia-related-tooltip='Compartir por correo'><span class='avia_hidden_link_text'>Compartir por correo<\/span><\/a><\/li><\/ul><\/div><\/div>\n<div  style='height:50px' class='hr hr-invisible   avia-builder-el-8  el_after_av_social_share  el_before_av_comments_list '><span class='hr-inner ' ><span class='hr-inner-style'><\/span><\/span><\/div>\n<div  class='av-buildercomment  av-blog-meta-html-info-disabled av-blog-meta-tag-disabled  '><\/div>\n","protected":false},"excerpt":{"rendered":"","protected":false},"author":1,"featured_media":30556,"comment_status":"open","ping_status":"open","sticky":false,"template":"","format":"standard","meta":{"footnotes":""},"categories":[61],"tags":[],"class_list":["post-30555","post","type-post","status-publish","format-standard","has-post-thumbnail","hentry","category-nacional"],"jetpack_featured_media_url":"https:\/\/radiorevelacionfm.cl\/wp-content\/uploads\/2023\/04\/Ministra-de-Obras-Publicas-Lopez-aprobacion-proyecto-derachos-de-agua-26.04.2023-1-1.jpg","_links":{"self":[{"href":"https:\/\/radiorevelacionfm.cl\/index.php?rest_route=\/wp\/v2\/posts\/30555","targetHints":{"allow":["GET"]}}],"collection":[{"href":"https:\/\/radiorevelacionfm.cl\/index.php?rest_route=\/wp\/v2\/posts"}],"about":[{"href":"https:\/\/radiorevelacionfm.cl\/index.php?rest_route=\/wp\/v2\/types\/post"}],"author":[{"embeddable":true,"href":"https:\/\/radiorevelacionfm.cl\/index.php?rest_route=\/wp\/v2\/users\/1"}],"replies":[{"embeddable":true,"href":"https:\/\/radiorevelacionfm.cl\/index.php?rest_route=%2Fwp%2Fv2%2Fcomments&post=30555"}],"version-history":[{"count":1,"href":"https:\/\/radiorevelacionfm.cl\/index.php?rest_route=\/wp\/v2\/posts\/30555\/revisions"}],"predecessor-version":[{"id":30557,"href":"https:\/\/radiorevelacionfm.cl\/index.php?rest_route=\/wp\/v2\/posts\/30555\/revisions\/30557"}],"wp:featuredmedia":[{"embeddable":true,"href":"https:\/\/radiorevelacionfm.cl\/index.php?rest_route=\/wp\/v2\/media\/30556"}],"wp:attachment":[{"href":"https:\/\/radiorevelacionfm.cl\/index.php?rest_route=%2Fwp%2Fv2%2Fmedia&parent=30555"}],"wp:term":[{"taxonomy":"category","embeddable":true,"href":"https:\/\/radiorevelacionfm.cl\/index.php?rest_route=%2Fwp%2Fv2%2Fcategories&post=30555"},{"taxonomy":"post_tag","embeddable":true,"href":"https:\/\/radiorevelacionfm.cl\/index.php?rest_route=%2Fwp%2Fv2%2Ftags&post=30555"}],"curies":[{"name":"wp","href":"https:\/\/api.w.org\/{rel}","templated":true}]}}