{"id":30543,"date":"2023-04-28T10:48:53","date_gmt":"2023-04-28T13:48:53","guid":{"rendered":"https:\/\/radiorevelacionfm.cl\/?p=30543"},"modified":"2023-04-28T10:48:53","modified_gmt":"2023-04-28T13:48:53","slug":"fiscalia-efectuo-taller-para-carabineros-y-gendarmeria-sobre-diversos-aspectos-de-la-ley-nain-retamal","status":"publish","type":"post","link":"https:\/\/radiorevelacionfm.cl\/?p=30543","title":{"rendered":"Fiscal\u00eda efectu\u00f3 taller para Carabineros y Gendarmer\u00eda sobre diversos aspectos de la ley Na\u00edn \u2013 Retamal"},"content":{"rendered":"<div class=\"flex_column av_one_full  flex_column_div av-zero-column-padding first  avia-builder-el-0  el_before_av_one_full  avia-builder-el-first  \" style='border-radius:0px; '><div  class='avia-image-container  av-styling-    avia-builder-el-1  avia-builder-el-no-sibling  avia-align-center '  itemprop=\"image\" itemscope=\"itemscope\" itemtype=\"https:\/\/schema.org\/ImageObject\"  ><div class='avia-image-container-inner'><div class='avia-image-overlay-wrap'><img decoding=\"async\" class='wp-image-30544 avia-img-lazy-loading-not-30544 avia_image' src=\"https:\/\/radiorevelacionfm.cl\/wp-content\/uploads\/2023\/04\/7-26-1-1.jpg\" alt='' title='7 (26) (1) (1)' height=\"600\" width=\"900\"  itemprop=\"thumbnailUrl\" srcset=\"https:\/\/radiorevelacionfm.cl\/wp-content\/uploads\/2023\/04\/7-26-1-1.jpg 900w, https:\/\/radiorevelacionfm.cl\/wp-content\/uploads\/2023\/04\/7-26-1-1-300x200.jpg 300w, https:\/\/radiorevelacionfm.cl\/wp-content\/uploads\/2023\/04\/7-26-1-1-768x512.jpg 768w, https:\/\/radiorevelacionfm.cl\/wp-content\/uploads\/2023\/04\/7-26-1-1-705x470.jpg 705w, https:\/\/radiorevelacionfm.cl\/wp-content\/uploads\/2023\/04\/7-26-1-1-450x300.jpg 450w, https:\/\/radiorevelacionfm.cl\/wp-content\/uploads\/2023\/04\/7-26-1-1-600x400.jpg 600w\" sizes=\"(max-width: 900px) 100vw, 900px\" \/><\/div><\/div><\/div><\/div><div class=\"flex_column av_one_full  flex_column_div av-zero-column-padding first  avia-builder-el-2  el_after_av_one_full  el_before_av_one_full  column-top-margin\" style='border-radius:0px; '><section class=\"av_textblock_section \"  itemscope=\"itemscope\" itemtype=\"https:\/\/schema.org\/BlogPosting\" itemprop=\"blogPost\" ><div class='avia_textblock  '   itemprop=\"text\" ><p style=\"text-align: center;\"><span style=\"font-size: 18pt;\"><b>Fiscal\u00eda efectu\u00f3 taller para Carabineros y Gendarmer\u00eda sobre diversos aspectos de la ley Na\u00edn \u2013 Retamal<\/b><\/span><\/p>\n<div id=\"gtx-trans\" style=\"position: absolute; left: -50px; top: 4.31534px;\">\n<div class=\"gtx-trans-icon\"><\/div>\n<\/div>\n<\/div><\/section><\/div><div class=\"flex_column av_one_full  flex_column_div av-zero-column-padding first  avia-builder-el-4  el_after_av_one_full  el_before_av_hr  column-top-margin\" style='border-radius:0px; '><section class=\"av_textblock_section \"  itemscope=\"itemscope\" itemtype=\"https:\/\/schema.org\/BlogPosting\" itemprop=\"blogPost\" ><div class='avia_textblock  '   itemprop=\"text\" ><p style=\"font-weight: 400; text-align: justify;\">En el marco de la reciente promulgaci\u00f3n de la denominada ley Na\u00edn-Retamal, que\u00a0da mayor protecci\u00f3n y garant\u00edas\u00a0para que las polic\u00edas, Gendarmer\u00eda, Fuerzas Armadas, Polic\u00eda Mar\u00edtima y la Direcci\u00f3n General de Aeron\u00e1utica, puedan cumplir su labor en materia de orden p\u00fablico, la Fiscal\u00eda Regional de Ays\u00e9n efectu\u00f3 una capacitaci\u00f3n para funcionarios de Gendarmer\u00eda y Carabineros de Coyhaique y Puerto Ays\u00e9n.<\/p>\n<p style=\"font-weight: 400; text-align: justify;\">La actividad fue encabezada por el Fiscal Regional, Carlos Palma Guerra, quien expres\u00f3 que \u201ca juicio del Ministerio P\u00fablico, una persecuci\u00f3n penal eficiente significa una determinaci\u00f3n clara de los objetivos, alineamiento estrat\u00e9gico, trabajo mancomunado con los distintos actores y lo que tenemos ac\u00e1 hoy, es la confirmaci\u00f3n palmaria de c\u00f3mo se debe trabajar\u201d.<\/p>\n<p style=\"font-weight: 400; text-align: justify;\">La ley Na\u00edn-Retamal regula la leg\u00edtima defensa en el C\u00f3digo Penal, acotando la presunci\u00f3n en casos en que est\u00e9 en juego la vida o la integridad de los funcionarios policiales o de terceros y cuando no se dan de manera completa las razones que justifiquen el uso racional de fuerza,\u00a0se pueden aplicar atenuantes de responsabilidad, excepto que haya dolo.<\/p>\n<p style=\"font-weight: 400; text-align: justify;\">La capacitaci\u00f3n fue efectuada por el jefe de la Unidad de Asesor\u00eda Jur\u00eddica, Luis Soto Becerra, el fiscal jefe de Coyhaique, Jos\u00e9 Moris Ferrando y el fiscal jefe de SACFI, Luis Gonz\u00e1lez Aracena.<\/p>\n<p style=\"font-weight: 400; text-align: justify;\">Carlos Palma Guerra a\u00f1adi\u00f3 que en el taller, se explicaron \u201clos l\u00edmites de la norma, aplicando, bajando a la primera l\u00ednea, c\u00f3mo vamos a operar a prop\u00f3sito de la nueva normativa legal que tiene que dar garant\u00eda a todos los intervinientes. Es una jornada de trabajo, porque entendemos como Ministerio P\u00fablico que el conocimiento es fundamental para el trabajo en equipo\u201d.<\/p>\n<p style=\"font-weight: 400; text-align: justify;\">CARABINEROS<\/p>\n<p style=\"font-weight: 400; text-align: justify;\">Por su parte el jefe de la XI Zona de Carabineros Ays\u00e9n, General Patricio Santos Poblete, quien tambi\u00e9n particip\u00f3 de la capacitaci\u00f3n, dijo que para la instituci\u00f3n que dirige es fundamental elevar las competencias y para eso, participar de todos los procesos o instancias de capacitaci\u00f3n que puedan desarrollarse y particularmente aquellos que lidera el Ministerio P\u00fablico, es positivo. \u201cTrabajamos diariamente con el Ministerio P\u00fablico y quien mejor que ellos, los fiscales, de poder dar sus orientaciones en funci\u00f3n de la interpretaci\u00f3n de las modificaciones legales que, en definitiva, vienen a poder generar condiciones de seguridad para la participaci\u00f3n institucional y tambi\u00e9n, nuevas regulaciones en torno a la penalidad de las personas que ataquen a nuestros Carabineros\u201d.<\/p>\n<p style=\"font-weight: 400; text-align: justify;\">El General Santos tambi\u00e9n defini\u00f3 como relevante poder \u201cllevar a una situaci\u00f3n contextualizada, como la que viven los Carabineros d\u00eda a d\u00eda al enfrentar un procedimiento policial, estas nuevas regulaciones y ese es el principal valor, es decir, desde un caso conocido en que Carabineros tuvo que hacer uso de su armamento de servicio o que fue gravemente atacado, explorar c\u00f3mo funcionar\u00edan las nuevas normativas en estos casos\u201d.<\/p>\n<p style=\"font-weight: 400; text-align: justify;\">La principal autoridad de Carabineros en la regi\u00f3n cree que \u201cm\u00e1s capacitaci\u00f3n es m\u00e1s modernizaci\u00f3n, m\u00e1s profesionalizaci\u00f3n y en definitiva es un mejor servicio para la comunidad. Estamos muy satisfechos y agradecidos del trabajo conjunto que hemos desarrollado con la Fiscal\u00eda en la Regi\u00f3n de Ays\u00e9n\u201d.<\/p>\n<\/div><\/section><\/div><div  style='height:50px' class='hr hr-invisible   avia-builder-el-6  el_after_av_one_full  el_before_av_social_share '><span class='hr-inner ' ><span class='hr-inner-style'><\/span><\/span><\/div><\/p>\n<div  class='av-social-sharing-box  avia-builder-el-7  el_after_av_hr  el_before_av_hr  '><div class='av-share-box'><h5 class='av-share-link-description av-no-toc '>Compartir esta noticia<\/h5><ul class='av-share-box-list noLightbox'><li class='av-share-link av-social-link-facebook' ><a target=\"_blank\" aria-label=\"Compartir en Facebook\" href='https:\/\/www.facebook.com\/sharer.php?u=https:\/\/radiorevelacionfm.cl\/?p=30543&#038;t=Fiscal%C3%ADa%20efectu%C3%B3%20taller%20para%20Carabineros%20y%20Gendarmer%C3%ADa%20sobre%20diversos%20aspectos%20de%20la%20ley%20Na%C3%ADn%20%E2%80%93%20Retamal' aria-hidden='false' data-av_icon='\ue8f3' data-av_iconfont='entypo-fontello' title='' data-avia-related-tooltip='Compartir en Facebook' rel=\"noopener\"><span class='avia_hidden_link_text'>Compartir en Facebook<\/span><\/a><\/li><li class='av-share-link av-social-link-twitter' ><a target=\"_blank\" aria-label=\"Compartir en Twitter\" href='https:\/\/twitter.com\/share?text=Fiscal%C3%ADa%20efectu%C3%B3%20taller%20para%20Carabineros%20y%20Gendarmer%C3%ADa%20sobre%20diversos%20aspectos%20de%20la%20ley%20Na%C3%ADn%20%E2%80%93%20Retamal&#038;url=https:\/\/radiorevelacionfm.cl\/?p=30543' aria-hidden='false' data-av_icon='\ue8f1' data-av_iconfont='entypo-fontello' title='' data-avia-related-tooltip='Compartir en Twitter' rel=\"noopener\"><span class='avia_hidden_link_text'>Compartir en Twitter<\/span><\/a><\/li><li class='av-share-link av-social-link-whatsapp' ><a target=\"_blank\" aria-label=\"Compartir en Whatsapp\" href='https:\/\/api.whatsapp.com\/send?text=https:\/\/radiorevelacionfm.cl\/?p=30543' aria-hidden='false' data-av_icon='\uf232' data-av_iconfont='entypo-fontello' title='' data-avia-related-tooltip='Compartir en Whatsapp' rel=\"noopener\"><span class='avia_hidden_link_text'>Compartir en Whatsapp<\/span><\/a><\/li><li class='av-share-link av-social-link-linkedin' ><a target=\"_blank\" aria-label=\"Compartir en LinkedIn\" href='https:\/\/linkedin.com\/shareArticle?mini=true&#038;title=Fiscal%C3%ADa%20efectu%C3%B3%20taller%20para%20Carabineros%20y%20Gendarmer%C3%ADa%20sobre%20diversos%20aspectos%20de%20la%20ley%20Na%C3%ADn%20%E2%80%93%20Retamal&#038;url=https:\/\/radiorevelacionfm.cl\/?p=30543' aria-hidden='false' data-av_icon='\ue8fc' data-av_iconfont='entypo-fontello' title='' data-avia-related-tooltip='Compartir en LinkedIn' rel=\"noopener\"><span class='avia_hidden_link_text'>Compartir en LinkedIn<\/span><\/a><\/li><li class='av-share-link av-social-link-mail' ><a  aria-label=\"Compartir por correo\" href='mailto:?subject=Fiscal%C3%ADa%20efectu%C3%B3%20taller%20para%20Carabineros%20y%20Gendarmer%C3%ADa%20sobre%20diversos%20aspectos%20de%20la%20ley%20Na%C3%ADn%20%E2%80%93%20Retamal&#038;body=https:\/\/radiorevelacionfm.cl\/?p=30543' aria-hidden='false' data-av_icon='\ue805' data-av_iconfont='entypo-fontello' title='' data-avia-related-tooltip='Compartir por correo'><span class='avia_hidden_link_text'>Compartir por correo<\/span><\/a><\/li><\/ul><\/div><\/div>\n<div  style='height:50px' class='hr hr-invisible   avia-builder-el-8  el_after_av_social_share  el_before_av_comments_list '><span class='hr-inner ' ><span class='hr-inner-style'><\/span><\/span><\/div>\n<div  class='av-buildercomment  av-blog-meta-html-info-disabled av-blog-meta-tag-disabled  '><\/div>\n","protected":false},"excerpt":{"rendered":"","protected":false},"author":1,"featured_media":30544,"comment_status":"open","ping_status":"open","sticky":false,"template":"","format":"standard","meta":{"footnotes":""},"categories":[38],"tags":[],"class_list":["post-30543","post","type-post","status-publish","format-standard","has-post-thumbnail","hentry","category-regional"],"jetpack_featured_media_url":"https:\/\/radiorevelacionfm.cl\/wp-content\/uploads\/2023\/04\/7-26-1-1.jpg","_links":{"self":[{"href":"https:\/\/radiorevelacionfm.cl\/index.php?rest_route=\/wp\/v2\/posts\/30543","targetHints":{"allow":["GET"]}}],"collection":[{"href":"https:\/\/radiorevelacionfm.cl\/index.php?rest_route=\/wp\/v2\/posts"}],"about":[{"href":"https:\/\/radiorevelacionfm.cl\/index.php?rest_route=\/wp\/v2\/types\/post"}],"author":[{"embeddable":true,"href":"https:\/\/radiorevelacionfm.cl\/index.php?rest_route=\/wp\/v2\/users\/1"}],"replies":[{"embeddable":true,"href":"https:\/\/radiorevelacionfm.cl\/index.php?rest_route=%2Fwp%2Fv2%2Fcomments&post=30543"}],"version-history":[{"count":1,"href":"https:\/\/radiorevelacionfm.cl\/index.php?rest_route=\/wp\/v2\/posts\/30543\/revisions"}],"predecessor-version":[{"id":30545,"href":"https:\/\/radiorevelacionfm.cl\/index.php?rest_route=\/wp\/v2\/posts\/30543\/revisions\/30545"}],"wp:featuredmedia":[{"embeddable":true,"href":"https:\/\/radiorevelacionfm.cl\/index.php?rest_route=\/wp\/v2\/media\/30544"}],"wp:attachment":[{"href":"https:\/\/radiorevelacionfm.cl\/index.php?rest_route=%2Fwp%2Fv2%2Fmedia&parent=30543"}],"wp:term":[{"taxonomy":"category","embeddable":true,"href":"https:\/\/radiorevelacionfm.cl\/index.php?rest_route=%2Fwp%2Fv2%2Fcategories&post=30543"},{"taxonomy":"post_tag","embeddable":true,"href":"https:\/\/radiorevelacionfm.cl\/index.php?rest_route=%2Fwp%2Fv2%2Ftags&post=30543"}],"curies":[{"name":"wp","href":"https:\/\/api.w.org\/{rel}","templated":true}]}}