{"id":30540,"date":"2023-04-27T19:19:18","date_gmt":"2023-04-27T22:19:18","guid":{"rendered":"https:\/\/radiorevelacionfm.cl\/?p=30540"},"modified":"2023-04-27T19:19:18","modified_gmt":"2023-04-27T22:19:18","slug":"comunidad-educativa-de-la-junta-y-autoridades-dialogaron-sobre-reactivacion-y-traspaso-al-slep","status":"publish","type":"post","link":"https:\/\/radiorevelacionfm.cl\/?p=30540","title":{"rendered":"Comunidad educativa de La Junta y autoridades dialogaron sobre reactivaci\u00f3n y traspaso al SLEP"},"content":{"rendered":"<div class=\"flex_column av_one_full  flex_column_div av-zero-column-padding first  avia-builder-el-0  el_before_av_one_full  avia-builder-el-first  \" style='border-radius:0px; '><div  class='avia-image-container  av-styling-    avia-builder-el-1  avia-builder-el-no-sibling  avia-align-center '  itemprop=\"image\" itemscope=\"itemscope\" itemtype=\"https:\/\/schema.org\/ImageObject\"  ><div class='avia-image-container-inner'><div class='avia-image-overlay-wrap'><img decoding=\"async\" class='wp-image-30541 avia-img-lazy-loading-not-30541 avia_image' src=\"https:\/\/radiorevelacionfm.cl\/wp-content\/uploads\/2023\/04\/img_6754-1_optimized.jpg\" alt='' title='img_6754-(1)_optimized' height=\"600\" width=\"854\"  itemprop=\"thumbnailUrl\" srcset=\"https:\/\/radiorevelacionfm.cl\/wp-content\/uploads\/2023\/04\/img_6754-1_optimized.jpg 854w, https:\/\/radiorevelacionfm.cl\/wp-content\/uploads\/2023\/04\/img_6754-1_optimized-300x211.jpg 300w, https:\/\/radiorevelacionfm.cl\/wp-content\/uploads\/2023\/04\/img_6754-1_optimized-768x540.jpg 768w, https:\/\/radiorevelacionfm.cl\/wp-content\/uploads\/2023\/04\/img_6754-1_optimized-705x495.jpg 705w, https:\/\/radiorevelacionfm.cl\/wp-content\/uploads\/2023\/04\/img_6754-1_optimized-450x316.jpg 450w, https:\/\/radiorevelacionfm.cl\/wp-content\/uploads\/2023\/04\/img_6754-1_optimized-600x422.jpg 600w\" sizes=\"(max-width: 854px) 100vw, 854px\" \/><\/div><\/div><\/div><\/div><div class=\"flex_column av_one_full  flex_column_div av-zero-column-padding first  avia-builder-el-2  el_after_av_one_full  el_before_av_one_full  column-top-margin\" style='border-radius:0px; '><section class=\"av_textblock_section \"  itemscope=\"itemscope\" itemtype=\"https:\/\/schema.org\/BlogPosting\" itemprop=\"blogPost\" ><div class='avia_textblock  '   itemprop=\"text\" ><p style=\"text-align: center;\"><strong><span style=\"font-size: 18pt;\">Comunidad educativa de La Junta y autoridades dialogaron sobre reactivaci\u00f3n y traspaso al SLEP<\/span><\/strong><\/p>\n<div id=\"gtx-trans\" style=\"position: absolute; left: -50px; top: 4.31534px;\">\n<div class=\"gtx-trans-icon\"><\/div>\n<\/div>\n<\/div><\/section><\/div><div class=\"flex_column av_one_full  flex_column_div av-zero-column-padding first  avia-builder-el-4  el_after_av_one_full  el_before_av_hr  column-top-margin\" style='border-radius:0px; '><section class=\"av_textblock_section \"  itemscope=\"itemscope\" itemtype=\"https:\/\/schema.org\/BlogPosting\" itemprop=\"blogPost\" ><div class='avia_textblock  '   itemprop=\"text\" ><p style=\"font-weight: 400; text-align: justify;\">En la Escuela Eusebio Ibar Schepeler de La Junta, se realiz\u00f3 un encuentro que reuni\u00f3 a la comunidad educativa, representada por directivos, Centro General de Padres y Apoderados y estudiantado, en un dialogo informativo sobre el Plan de Reactivaci\u00f3n Educativa y el proceso de traspaso desde la actual Direcci\u00f3n de Educaci\u00f3n Municipal (DEM) al Servicio Local de Educaci\u00f3n P\u00fablica (SLEP), entre otros temas.<\/p>\n<p style=\"font-weight: 400; text-align: justify;\">En el encuentro particip\u00f3 el Delegado Presidencial Regional, Rodrigo Araya, quien valor\u00f3 la instancia y enfatiz\u00f3 en la importancia de abordar los procesos de reactivaci\u00f3n y transici\u00f3n educativa de manera conjunta.<\/p>\n<p style=\"font-weight: 400; text-align: justify;\">\u201cPudimos escuchar temas, dudas y lo que hay que resolver en el corto y largo plazo en relaci\u00f3n al desarrollo de este establecimiento educacional. Hay desaf\u00edos y vemos con optimismos este cambio que se est\u00e1 produciendo en nuestra regi\u00f3n, donde el pr\u00f3ximo a\u00f1o los establecimientos educacionales van a depender del Sistema Local de Educaci\u00f3n P\u00fablica, y donde el rol de los municipios es relevante\u201d, sintetiz\u00f3.<\/p>\n<p style=\"font-weight: 400; text-align: justify;\">\u201cEste proceso, importante para la educaci\u00f3n p\u00fablica de la Regi\u00f3n de Ays\u00e9n, requiere que nosotros estemos y seamos garantes de que ocurra de la mejor manera posible. As\u00ed ha sido, fue un espacio bastante largo, pero tambi\u00e9n intenso desde el punto de vista del aprendizaje\u201d, se\u00f1al\u00f3 el jefe del Departamento Provincial de Educaci\u00f3n Coyhaique de la seremi de Educaci\u00f3n, Yoal D\u00edaz, en torno a estas actividades de informaci\u00f3n impulsadas en toda la regi\u00f3n.<\/p>\n<p style=\"font-weight: 400; text-align: justify;\">Marcelo S\u00e1nchez, director (s) del establecimiento, valor\u00f3 la instancia que permite conocer proyecciones respecto de los cambios establecidos por el Servicio Local de Educaci\u00f3n.<\/p>\n<p style=\"font-weight: 400; text-align: justify;\">\u201cGenerar una posible l\u00ednea de acci\u00f3n futura, para poder estar en mayor contacto y generar respuestas inmediatas frente a nuestras necesidades y potenciar esta instancia, que no sea la \u00fanica y que se proyecte en el tiempo\u201d, enfatiz\u00f3.<\/p>\n<p style=\"font-weight: 400; text-align: justify;\">Por su parte, Amparo Mu\u00f1oz, secretaria del Centro de Alumnos del establecimiento coment\u00f3 sobre los esfuerzos del estudiantado en participar activamente, organizando reuniones y mostrando preocupaci\u00f3n e inter\u00e9s en este cambio. \u201cHemos tratado de que la voz de los estudiantes sea escuchada. Es lo que queremos conseguir este a\u00f1o\u201d, se\u00f1al\u00f3 la representante.<\/p>\n<p style=\"font-weight: 400; text-align: justify;\">Del mismo modo, el representante del Centro General de Padres, Sergio D\u00edaz, agradeci\u00f3 la instancia calific\u00e1ndola de productiva. \u201cSon estas reuniones en las que uno participa y va avanzando en los temas, tratando de encontrar soluciones. As\u00ed que s\u00faper bien, esperamos que se puedan ir concretando algunas cosas y fortalecidas las comunidades escolares, tanto de nuestra escuela como las de la zona norte\u201d, coment\u00f3, esperanzado en que con sobre esta transici\u00f3n se pueda avanzar en tener comunidades m\u00e1s empoderadas, que puedan ser parte de la toma de decisiones respecto a lo que pasa en cada uno de sus establecimientos.<\/p>\n<p style=\"font-weight: 400; text-align: justify;\">Entre los ejes de la Pol\u00edtica de Reactivaci\u00f3n Educativa est\u00e1n Asistencia y Revinculaci\u00f3n, Convivencia y Salud Mental y Fortalecimiento de Aprendizajes.<\/p>\n<p style=\"font-weight: 400; text-align: justify;\">Por otra parte, en la regi\u00f3n se traspasar\u00e1n 66 unidades educativas al SLEP, considerando 56 escuelas y liceos, y diez jardines infantiles V\u00eda Transferencia de Fondos (VTF).<\/p>\n<\/div><\/section><\/div><div  style='height:50px' class='hr hr-invisible   avia-builder-el-6  el_after_av_one_full  el_before_av_social_share '><span class='hr-inner ' ><span class='hr-inner-style'><\/span><\/span><\/div><\/p>\n<div  class='av-social-sharing-box  avia-builder-el-7  el_after_av_hr  el_before_av_hr  '><div class='av-share-box'><h5 class='av-share-link-description av-no-toc '>Compartir esta noticia<\/h5><ul class='av-share-box-list noLightbox'><li class='av-share-link av-social-link-facebook' ><a target=\"_blank\" aria-label=\"Compartir en Facebook\" href='https:\/\/www.facebook.com\/sharer.php?u=https:\/\/radiorevelacionfm.cl\/?p=30540&#038;t=Comunidad%20educativa%20de%20La%20Junta%20y%20autoridades%20dialogaron%20sobre%20reactivaci%C3%B3n%20y%20traspaso%20al%20SLEP' aria-hidden='false' data-av_icon='\ue8f3' data-av_iconfont='entypo-fontello' title='' data-avia-related-tooltip='Compartir en Facebook' rel=\"noopener\"><span class='avia_hidden_link_text'>Compartir en Facebook<\/span><\/a><\/li><li class='av-share-link av-social-link-twitter' ><a target=\"_blank\" aria-label=\"Compartir en Twitter\" href='https:\/\/twitter.com\/share?text=Comunidad%20educativa%20de%20La%20Junta%20y%20autoridades%20dialogaron%20sobre%20reactivaci%C3%B3n%20y%20traspaso%20al%20SLEP&#038;url=https:\/\/radiorevelacionfm.cl\/?p=30540' aria-hidden='false' data-av_icon='\ue8f1' data-av_iconfont='entypo-fontello' title='' data-avia-related-tooltip='Compartir en Twitter' rel=\"noopener\"><span class='avia_hidden_link_text'>Compartir en Twitter<\/span><\/a><\/li><li class='av-share-link av-social-link-whatsapp' ><a target=\"_blank\" aria-label=\"Compartir en Whatsapp\" href='https:\/\/api.whatsapp.com\/send?text=https:\/\/radiorevelacionfm.cl\/?p=30540' aria-hidden='false' data-av_icon='\uf232' data-av_iconfont='entypo-fontello' title='' data-avia-related-tooltip='Compartir en Whatsapp' rel=\"noopener\"><span class='avia_hidden_link_text'>Compartir en Whatsapp<\/span><\/a><\/li><li class='av-share-link av-social-link-linkedin' ><a target=\"_blank\" aria-label=\"Compartir en LinkedIn\" href='https:\/\/linkedin.com\/shareArticle?mini=true&#038;title=Comunidad%20educativa%20de%20La%20Junta%20y%20autoridades%20dialogaron%20sobre%20reactivaci%C3%B3n%20y%20traspaso%20al%20SLEP&#038;url=https:\/\/radiorevelacionfm.cl\/?p=30540' aria-hidden='false' data-av_icon='\ue8fc' data-av_iconfont='entypo-fontello' title='' data-avia-related-tooltip='Compartir en LinkedIn' rel=\"noopener\"><span class='avia_hidden_link_text'>Compartir en LinkedIn<\/span><\/a><\/li><li class='av-share-link av-social-link-mail' ><a  aria-label=\"Compartir por correo\" href='mailto:?subject=Comunidad%20educativa%20de%20La%20Junta%20y%20autoridades%20dialogaron%20sobre%20reactivaci%C3%B3n%20y%20traspaso%20al%20SLEP&#038;body=https:\/\/radiorevelacionfm.cl\/?p=30540' aria-hidden='false' data-av_icon='\ue805' data-av_iconfont='entypo-fontello' title='' data-avia-related-tooltip='Compartir por correo'><span class='avia_hidden_link_text'>Compartir por correo<\/span><\/a><\/li><\/ul><\/div><\/div>\n<div  style='height:50px' class='hr hr-invisible   avia-builder-el-8  el_after_av_social_share  el_before_av_comments_list '><span class='hr-inner ' ><span class='hr-inner-style'><\/span><\/span><\/div>\n<div  class='av-buildercomment  av-blog-meta-html-info-disabled av-blog-meta-tag-disabled  '><\/div>\n","protected":false},"excerpt":{"rendered":"","protected":false},"author":1,"featured_media":30541,"comment_status":"open","ping_status":"open","sticky":false,"template":"","format":"standard","meta":{"footnotes":""},"categories":[49],"tags":[],"class_list":["post-30540","post","type-post","status-publish","format-standard","has-post-thumbnail","hentry","category-educacion"],"jetpack_featured_media_url":"https:\/\/radiorevelacionfm.cl\/wp-content\/uploads\/2023\/04\/img_6754-1_optimized.jpg","_links":{"self":[{"href":"https:\/\/radiorevelacionfm.cl\/index.php?rest_route=\/wp\/v2\/posts\/30540","targetHints":{"allow":["GET"]}}],"collection":[{"href":"https:\/\/radiorevelacionfm.cl\/index.php?rest_route=\/wp\/v2\/posts"}],"about":[{"href":"https:\/\/radiorevelacionfm.cl\/index.php?rest_route=\/wp\/v2\/types\/post"}],"author":[{"embeddable":true,"href":"https:\/\/radiorevelacionfm.cl\/index.php?rest_route=\/wp\/v2\/users\/1"}],"replies":[{"embeddable":true,"href":"https:\/\/radiorevelacionfm.cl\/index.php?rest_route=%2Fwp%2Fv2%2Fcomments&post=30540"}],"version-history":[{"count":1,"href":"https:\/\/radiorevelacionfm.cl\/index.php?rest_route=\/wp\/v2\/posts\/30540\/revisions"}],"predecessor-version":[{"id":30542,"href":"https:\/\/radiorevelacionfm.cl\/index.php?rest_route=\/wp\/v2\/posts\/30540\/revisions\/30542"}],"wp:featuredmedia":[{"embeddable":true,"href":"https:\/\/radiorevelacionfm.cl\/index.php?rest_route=\/wp\/v2\/media\/30541"}],"wp:attachment":[{"href":"https:\/\/radiorevelacionfm.cl\/index.php?rest_route=%2Fwp%2Fv2%2Fmedia&parent=30540"}],"wp:term":[{"taxonomy":"category","embeddable":true,"href":"https:\/\/radiorevelacionfm.cl\/index.php?rest_route=%2Fwp%2Fv2%2Fcategories&post=30540"},{"taxonomy":"post_tag","embeddable":true,"href":"https:\/\/radiorevelacionfm.cl\/index.php?rest_route=%2Fwp%2Fv2%2Ftags&post=30540"}],"curies":[{"name":"wp","href":"https:\/\/api.w.org\/{rel}","templated":true}]}}