{"id":3054,"date":"2021-04-13T14:07:12","date_gmt":"2021-04-13T17:07:12","guid":{"rendered":"https:\/\/radiorevelacionfm.cl\/?p=3054"},"modified":"2021-04-13T14:07:12","modified_gmt":"2021-04-13T17:07:12","slug":"disponen-de-becas-para-que-instaladores-de-gas-clase-3-y-albaniles-puedan-certificar-sus-competencias-laborales","status":"publish","type":"post","link":"https:\/\/radiorevelacionfm.cl\/?p=3054","title":{"rendered":"Disponen de becas para que Instaladores de Gas Clase 3 y Alba\u00f1iles puedan certificar sus competencias laborales"},"content":{"rendered":"<div class=\"flex_column av_one_full  flex_column_div av-zero-column-padding first  avia-builder-el-0  el_before_av_one_full  avia-builder-el-first  \" style='border-radius:0px; '><div  class='avia-image-container  av-styling-    avia-builder-el-1  avia-builder-el-no-sibling  avia-align-center '  itemprop=\"image\" itemscope=\"itemscope\" itemtype=\"https:\/\/schema.org\/ImageObject\"  ><div class='avia-image-container-inner'><div class='avia-image-overlay-wrap'><img decoding=\"async\" class='wp-image-0 avia-img-lazy-loading-not-0 avia_image' src=\"https:\/\/radiorevelacionfm.cl\/wp-content\/uploads\/2021\/04\/albanil-1.jpg\" alt='' title=''   itemprop=\"thumbnailUrl\"  \/><\/div><\/div><\/div><\/div><div class=\"flex_column av_one_full  flex_column_div av-zero-column-padding first  avia-builder-el-2  el_after_av_one_full  el_before_av_one_full  column-top-margin\" style='border-radius:0px; '><section class=\"av_textblock_section \"  itemscope=\"itemscope\" itemtype=\"https:\/\/schema.org\/BlogPosting\" itemprop=\"blogPost\" ><div class='avia_textblock  '   itemprop=\"text\" ><p style=\"text-align: center;\"><strong><span style=\"font-size: 18pt;\">Disponen de becas para que Instaladores de Gas Clase 3 y Alba\u00f1iles puedan certificar sus competencias laborales<\/span><\/strong><\/p>\n<div id=\"gtx-trans\" style=\"position: absolute; left: -50px; top: 4.31534px;\">\n<div class=\"gtx-trans-icon\"><\/div>\n<\/div>\n<\/div><\/section><\/div><div class=\"flex_column av_one_full  flex_column_div av-zero-column-padding first  avia-builder-el-4  el_after_av_one_full  el_before_av_hr  column-top-margin\" style='border-radius:0px; '><section class=\"av_textblock_section \"  itemscope=\"itemscope\" itemtype=\"https:\/\/schema.org\/BlogPosting\" itemprop=\"blogPost\" ><div class='avia_textblock  '   itemprop=\"text\" ><div>\n<p class=\"v1gmail-MsoListParagraph\" style=\"text-align: justify;\">Se trata de procesos de evaluaci\u00f3n financiados a trav\u00e9s de Sence y ejecutados bajo el est\u00e1ndar ChileValora, en la Regi\u00f3n de Ays\u00e9n. La postulaci\u00f3n se realiza a trav\u00e9s de la plataforma Elige Mejor.<\/p>\n<p class=\"v1MsoNormal\" style=\"text-align: justify;\">Con el objetivo de fomentar la empleabilidad en distintos sectores a lo largo del pa\u00eds, ChileValora y el servicio Nacional de Capacitaci\u00f3n y Empleo, Sence, dieron a conocer los detalles de las becas para la evaluaci\u00f3n y certificaci\u00f3n de competencias laborales de Alba\u00f1iles e Instaladores a Gas Clase 3 en la Regi\u00f3n de Ays\u00e9n, proceso que permite a quienes desempe\u00f1an esas labores,\u00a0<span lang=\"ES-TRAD\">acreditar<\/span>\u00a0sus conocimientos en el oficio.<\/p>\n<p class=\"v1MsoNormal\" style=\"text-align: justify;\"><span lang=\"ES-TRAD\">En el caso de los Instaladores a Gas Clase 3, esta es una certificaci\u00f3n habilitante, pues se trata de un paso fundamental para\u00a0<\/span>obtener luego la licencia que otorga la Superintendencia de Electricidad y Combustible (SEC) e ingresar al registro de esta entidad fiscalizadora, que\u00a0<span lang=\"ES-TRAD\">confirma<\/span>\u00a0y respalda el desempe\u00f1o en distintas instalaciones, elevando los est\u00e1ndares de calidad de su trabajo en \u00e1mbitos industriales y residenciales.<\/p>\n<p class=\"v1MsoNormal\" style=\"text-align: justify;\">Carlos Rodr\u00edguez, Seremi(s) de Trabajo y Previsi\u00f3n Social, destac\u00f3 la importancia de la certificaci\u00f3n en el contexto actual, \u00abHoy en d\u00eda son muchos los trabajadores que tienen los conocimientos t\u00e9cnicos, de a\u00f1os de oficio en ciertas materias y es de toda justicia reconocerles esa experiencia, a trav\u00e9s de una certificaci\u00f3n que sea acorde a los momentos actuales y que les permita un mayor desarrollo en el mundo laboral con esa calificaci\u00f3n, accediendo a trabajos de mejor calidad. Hacemos un llamado a postular a las becas que entrega en nuestra Regi\u00f3n de Ays\u00e9n ChileValora junto a Sence para alba\u00f1iles e instaladores de gas clase 3. En el caso de los alba\u00f1iles, esta certificaci\u00f3n les permite encontrar de mejor forma un trabajo acorde y no de simple jornal en una obra, sino como maestro calificado y, en el caso de los instaladores de gas clase 3, recordarles que esta es una gran oportunidad, ya que luego de ello pueden tener una licencia de la SEC, la Superintendencia de Electricidad y Combustible, ya que esta es una certificaci\u00f3n habilitante para lograr esa licencia. Los invito a informarse en\u00a0<a href=\"http:\/\/elijemejor.sence.cl\/\" target=\"_blank\" rel=\"noopener noreferrer\">elijemejor.sence.cl<\/a>\u00ab, afirm\u00f3.<\/p>\n<p class=\"v1MsoNormal\" style=\"text-align: justify;\">\u00abEn el contexto del empleo a nivel regional, es fundamental la sinergia de los distintos organismos p\u00fablicos que permitan y fomenten estos beneficios para los trabajadores. La certificaci\u00f3n es una herramienta que ha demostrado ser \u00fatil, porque reconoce el conocimiento y la experiencia que las y los trabajadores han acumulado a lo largo de su vida laboral, adem\u00e1s de abrir puertas para sectores que requieren de licencias oficiales para desempe\u00f1arse, como es el caso del Instalador de Gas\u00bb, expres\u00f3 Francisco Silva, secretario ejecutivo de ChileValora.<\/p>\n<p class=\"v1MsoNormal\" style=\"text-align: justify;\">Por su parte, el Director Regional (S) del Servicio Nacional de Capacitaci\u00f3n y Empleo, SENCE, de la Regi\u00f3n de Ays\u00e9n, Samuel Santana, afirm\u00f3 que \u00abPara nosotros como servicio es una gran noticia esta iniciativa ya que es\u00a0posible llegar a personas de diferentes rubros y con esto ayudar a los trabajadores para poder evaluar y certificar sus competencias, mejorar la productividad de la empresa y mejorar incluso la rentabilidad de esta y tambi\u00e9n de quienes trabajan en ella. As\u00ed, estamos\u00a0colaborando con los sectores de Alba\u00f1iler\u00eda y Operarios de Gas, al objeto de mejorar el capital humano, fortaleciendo oficios que son imprescindibles para los sectores se\u00f1alados. Los participantes ser\u00e1n certificados por ChileValora, la entidad que certifica los planes formativos con los cuales se eval\u00faa un oficio. Para consultas, pueden enviar un mail a\u00a0<a href=\"mailto:vvalenzuela@sence.cl\" rel=\"noreferrer\">vvalenzuela@sence.cl<\/a>\u00a0\u00bb se\u00f1al\u00f3.<\/p>\n<p class=\"v1MsoNormal\" style=\"text-align: justify;\">La postulaci\u00f3n a las becas ya comenz\u00f3 y est\u00e1 dirigida a personas que se encuentren desempleadas, as\u00ed como a trabajadores independientes y de micro y peque\u00f1as empresas, quienes deben ingresar a la plataforma Elige Mejor <a href=\"https:\/\/eligemejor.sence.cl\/\" target=\"_blank\" rel=\"noopener noreferrer\">https:\/\/eligemejor.sence.cl<\/a>.<\/p>\n<p class=\"v1MsoNormal\" style=\"text-align: justify;\">Se entregar\u00e1n un total de 1.025 cupos para doce comunas en ocho regiones del pa\u00eds, lo que permitir\u00e1 que las y los trabajadores puedan postular al proceso de certificaci\u00f3n de competencias laborales de forma remota a diversos perfiles ocupacionales, para luego coordinar el proceso de evaluaci\u00f3n en su respectiva comuna, cuando el estado de emergencia sanitaria lo permita.<b><\/b><\/p>\n<p class=\"v1MsoNormal\" style=\"text-align: justify;\"><b>\u00bfC\u00f3mo se realiza la evaluaci\u00f3n de competencias?<\/b><\/p>\n<p class=\"v1MsoNormal\" style=\"text-align: justify;\">Los procesos de evaluaci\u00f3n ser\u00e1n ejecutados en la comuna de Coyhaique por el Centro Certificador de la Universidad de Concepci\u00f3n, para el perfil de Instalador de Gas Clase 3; y en la comuna de Ays\u00e9n, por el Centro Certificador Ecerlab, para Alba\u00f1iles.\u00a0Un elemento fundamental de ese proceso es la evaluaci\u00f3n a trav\u00e9s de la observaci\u00f3n del trabajador, mientras desarrolla sus funciones, lo que se realiza en un ambiente simulado.<\/p>\n<p class=\"v1MsoNormal\" style=\"text-align: justify;\">En esta evaluaci\u00f3n se detectar\u00e1n actividades clave que el trabajador debe cumplir, con el fin de reconocer sus conocimientos, habilidades y actitudes en el desarrollo de su funci\u00f3n. Una vez aprobados estos procedimientos, el trabajador est\u00e1 en condiciones de recibir el certificado que acredita su experiencia en el perfil en que ha sido evaluado.<\/p>\n<p class=\"v1MsoNormal\" style=\"text-align: justify;\">El financiamiento del proceso en la Regi\u00f3n de Ays\u00e9n se realiza a trav\u00e9s del\u00a0Programa de Evaluaci\u00f3n y Certificaci\u00f3n de Sence, que es uno de los mecanismos que contempla ChileValora para la certificaci\u00f3n de competencias; los otros dos corresponden a la franquicia tributaria y los recursos propios.<\/p>\n<\/div>\n<div style=\"text-align: justify;\"><\/div>\n<\/div><\/section><\/div><div  style='height:50px' class='hr hr-invisible   avia-builder-el-6  el_after_av_one_full  el_before_av_social_share '><span class='hr-inner ' ><span class='hr-inner-style'><\/span><\/span><\/div><\/p>\n<div  class='av-social-sharing-box  avia-builder-el-7  el_after_av_hr  el_before_av_hr  '><div class='av-share-box'><h5 class='av-share-link-description av-no-toc '>Compartir esta noticia<\/h5><ul class='av-share-box-list noLightbox'><li class='av-share-link av-social-link-facebook' ><a target=\"_blank\" aria-label=\"Compartir en Facebook\" href='https:\/\/www.facebook.com\/sharer.php?u=https:\/\/radiorevelacionfm.cl\/?p=3054&#038;t=Disponen%20de%20becas%20para%20que%20Instaladores%20de%20Gas%20Clase%203%20y%20Alba%C3%B1iles%20puedan%20certificar%20sus%20competencias%20laborales' aria-hidden='false' data-av_icon='\ue8f3' data-av_iconfont='entypo-fontello' title='' data-avia-related-tooltip='Compartir en Facebook' rel=\"noopener\"><span class='avia_hidden_link_text'>Compartir en Facebook<\/span><\/a><\/li><li class='av-share-link av-social-link-twitter' ><a target=\"_blank\" aria-label=\"Compartir en Twitter\" href='https:\/\/twitter.com\/share?text=Disponen%20de%20becas%20para%20que%20Instaladores%20de%20Gas%20Clase%203%20y%20Alba%C3%B1iles%20puedan%20certificar%20sus%20competencias%20laborales&#038;url=https:\/\/radiorevelacionfm.cl\/?p=3054' aria-hidden='false' data-av_icon='\ue8f1' data-av_iconfont='entypo-fontello' title='' data-avia-related-tooltip='Compartir en Twitter' rel=\"noopener\"><span class='avia_hidden_link_text'>Compartir en Twitter<\/span><\/a><\/li><li class='av-share-link av-social-link-whatsapp' ><a target=\"_blank\" aria-label=\"Compartir en Whatsapp\" href='https:\/\/api.whatsapp.com\/send?text=https:\/\/radiorevelacionfm.cl\/?p=3054' aria-hidden='false' data-av_icon='\uf232' data-av_iconfont='entypo-fontello' title='' data-avia-related-tooltip='Compartir en Whatsapp' rel=\"noopener\"><span class='avia_hidden_link_text'>Compartir en Whatsapp<\/span><\/a><\/li><li class='av-share-link av-social-link-linkedin' ><a target=\"_blank\" aria-label=\"Compartir en LinkedIn\" href='https:\/\/linkedin.com\/shareArticle?mini=true&#038;title=Disponen%20de%20becas%20para%20que%20Instaladores%20de%20Gas%20Clase%203%20y%20Alba%C3%B1iles%20puedan%20certificar%20sus%20competencias%20laborales&#038;url=https:\/\/radiorevelacionfm.cl\/?p=3054' aria-hidden='false' data-av_icon='\ue8fc' data-av_iconfont='entypo-fontello' title='' data-avia-related-tooltip='Compartir en LinkedIn' rel=\"noopener\"><span class='avia_hidden_link_text'>Compartir en LinkedIn<\/span><\/a><\/li><li class='av-share-link av-social-link-mail' ><a  aria-label=\"Compartir por correo\" href='mailto:?subject=Disponen%20de%20becas%20para%20que%20Instaladores%20de%20Gas%20Clase%203%20y%20Alba%C3%B1iles%20puedan%20certificar%20sus%20competencias%20laborales&#038;body=https:\/\/radiorevelacionfm.cl\/?p=3054' aria-hidden='false' data-av_icon='\ue805' data-av_iconfont='entypo-fontello' title='' data-avia-related-tooltip='Compartir por correo'><span class='avia_hidden_link_text'>Compartir por correo<\/span><\/a><\/li><\/ul><\/div><\/div>\n<div  style='height:50px' class='hr hr-invisible   avia-builder-el-8  el_after_av_social_share  el_before_av_comments_list '><span class='hr-inner ' ><span class='hr-inner-style'><\/span><\/span><\/div>\n<div  class='av-buildercomment  av-blog-meta-html-info-disabled av-blog-meta-tag-disabled  '><\/div>\n","protected":false},"excerpt":{"rendered":"","protected":false},"author":1,"featured_media":0,"comment_status":"open","ping_status":"open","sticky":false,"template":"","format":"standard","meta":{"footnotes":""},"categories":[56],"tags":[],"class_list":["post-3054","post","type-post","status-publish","format-standard","hentry","category-trabajo"],"jetpack_featured_media_url":"","_links":{"self":[{"href":"https:\/\/radiorevelacionfm.cl\/index.php?rest_route=\/wp\/v2\/posts\/3054","targetHints":{"allow":["GET"]}}],"collection":[{"href":"https:\/\/radiorevelacionfm.cl\/index.php?rest_route=\/wp\/v2\/posts"}],"about":[{"href":"https:\/\/radiorevelacionfm.cl\/index.php?rest_route=\/wp\/v2\/types\/post"}],"author":[{"embeddable":true,"href":"https:\/\/radiorevelacionfm.cl\/index.php?rest_route=\/wp\/v2\/users\/1"}],"replies":[{"embeddable":true,"href":"https:\/\/radiorevelacionfm.cl\/index.php?rest_route=%2Fwp%2Fv2%2Fcomments&post=3054"}],"version-history":[{"count":1,"href":"https:\/\/radiorevelacionfm.cl\/index.php?rest_route=\/wp\/v2\/posts\/3054\/revisions"}],"predecessor-version":[{"id":3056,"href":"https:\/\/radiorevelacionfm.cl\/index.php?rest_route=\/wp\/v2\/posts\/3054\/revisions\/3056"}],"wp:attachment":[{"href":"https:\/\/radiorevelacionfm.cl\/index.php?rest_route=%2Fwp%2Fv2%2Fmedia&parent=3054"}],"wp:term":[{"taxonomy":"category","embeddable":true,"href":"https:\/\/radiorevelacionfm.cl\/index.php?rest_route=%2Fwp%2Fv2%2Fcategories&post=3054"},{"taxonomy":"post_tag","embeddable":true,"href":"https:\/\/radiorevelacionfm.cl\/index.php?rest_route=%2Fwp%2Fv2%2Ftags&post=3054"}],"curies":[{"name":"wp","href":"https:\/\/api.w.org\/{rel}","templated":true}]}}