{"id":30538,"date":"2023-04-27T21:12:22","date_gmt":"2023-04-28T00:12:22","guid":{"rendered":"https:\/\/radiorevelacionfm.cl\/?p=30538"},"modified":"2023-04-27T21:12:22","modified_gmt":"2023-04-28T00:12:22","slug":"seremi-de-gobierno-destaca-campana-informativa-por-elecciones-de-consejeros-constitucionales","status":"publish","type":"post","link":"https:\/\/radiorevelacionfm.cl\/?p=30538","title":{"rendered":"Seremi de Gobierno destaca campa\u00f1a informativa por elecciones de Consejeros Constitucionales"},"content":{"rendered":"<div class=\"flex_column av_one_full  flex_column_div av-zero-column-padding first  avia-builder-el-0  el_before_av_one_full  avia-builder-el-first  \" style='border-radius:0px; '><div  class='avia-image-container  av-styling-    avia-builder-el-1  avia-builder-el-no-sibling  avia-align-center '  itemprop=\"image\" itemscope=\"itemscope\" itemtype=\"https:\/\/schema.org\/ImageObject\"  ><div class='avia-image-container-inner'><div class='avia-image-overlay-wrap'><img decoding=\"async\" class='wp-image-30215 avia-img-lazy-loading-not-30215 avia_image' src=\"https:\/\/radiorevelacionfm.cl\/wp-content\/uploads\/2023\/04\/Seremi-aumento-sueldo-minimo-1-1.jpeg\" alt='' title='Seremi aumento sueldo m\u00ednimo (1) (1)' height=\"600\" width=\"800\"  itemprop=\"thumbnailUrl\" srcset=\"https:\/\/radiorevelacionfm.cl\/wp-content\/uploads\/2023\/04\/Seremi-aumento-sueldo-minimo-1-1.jpeg 800w, https:\/\/radiorevelacionfm.cl\/wp-content\/uploads\/2023\/04\/Seremi-aumento-sueldo-minimo-1-1-300x225.jpeg 300w, https:\/\/radiorevelacionfm.cl\/wp-content\/uploads\/2023\/04\/Seremi-aumento-sueldo-minimo-1-1-768x576.jpeg 768w, https:\/\/radiorevelacionfm.cl\/wp-content\/uploads\/2023\/04\/Seremi-aumento-sueldo-minimo-1-1-705x529.jpeg 705w, https:\/\/radiorevelacionfm.cl\/wp-content\/uploads\/2023\/04\/Seremi-aumento-sueldo-minimo-1-1-450x338.jpeg 450w, https:\/\/radiorevelacionfm.cl\/wp-content\/uploads\/2023\/04\/Seremi-aumento-sueldo-minimo-1-1-600x450.jpeg 600w\" sizes=\"(max-width: 800px) 100vw, 800px\" \/><\/div><\/div><\/div><\/div><div class=\"flex_column av_one_full  flex_column_div av-zero-column-padding first  avia-builder-el-2  el_after_av_one_full  el_before_av_one_full  column-top-margin\" style='border-radius:0px; '><section class=\"av_textblock_section \"  itemscope=\"itemscope\" itemtype=\"https:\/\/schema.org\/BlogPosting\" itemprop=\"blogPost\" ><div class='avia_textblock  '   itemprop=\"text\" ><p style=\"text-align: center;\"><span style=\"font-size: 18pt;\"><strong>Seremi de Gobierno destaca campa\u00f1a informativa por elecciones de Consejeros Constitucionales<\/strong><\/span><\/p>\n<div id=\"gtx-trans\" style=\"position: absolute; left: -50px; top: 4.31534px;\">\n<div class=\"gtx-trans-icon\"><\/div>\n<\/div>\n<\/div><\/section><\/div><div class=\"flex_column av_one_full  flex_column_div av-zero-column-padding first  avia-builder-el-4  el_after_av_one_full  el_before_av_hr  column-top-margin\" style='border-radius:0px; '><section class=\"av_textblock_section \"  itemscope=\"itemscope\" itemtype=\"https:\/\/schema.org\/BlogPosting\" itemprop=\"blogPost\" ><div class='avia_textblock  '   itemprop=\"text\" ><p style=\"text-align: justify;\">El d\u00eda lunes 24 de este mes, el Gobierno del Presidente Gabriel Boric comenz\u00f3 a difundir una campa\u00f1a informativa sobre la elecci\u00f3n de Consejeros Constitucionales del pr\u00f3ximo domingo 7 de mayo. Se trata de spots publicitarios, preparados por el Ministerio Secretar\u00eda General de Gobierno (Segegob), que explican caracter\u00edsticas de la elecci\u00f3n, como la obligatoriedad del voto y otras informaciones.<\/p>\n<p style=\"text-align: justify;\">El contenido fue preparado por el Ministerio Secretar\u00eda General de Gobierno que lidera la ministra Camila Vallejo. La campa\u00f1a de difusi\u00f3n se est\u00e1 realizando por redes sociales y por los medios que pertenecen a la Asociaci\u00f3n Regional de Canales de Televisi\u00f3n de Se\u00f1al Abierta de Chile (Arcatel) y consiste en piezas gr\u00e1ficas y videos. En el video de la campa\u00f1a se enfatiza que votar en las elecciones es un derecho y tambi\u00e9n un deber de todas las personas habilitadas para votar y que el voto es obligatorio.<\/p>\n<p style=\"text-align: justify;\">La vocera de Gobierno expres\u00f3: \u201cHoy lanzamos la primera parte de la campa\u00f1a informativa que es un spot en redes sociales, en medios regionales y ya nos aprobaron adem\u00e1s en el Consejo Nacional de Televisi\u00f3n que esta campa\u00f1a pueda transmitirse tambi\u00e9n en televisi\u00f3n. A la ciudadan\u00eda no le basta con saber que el voto es obligatorio, tambi\u00e9n tiene que conocer los procesos, tiene que informarse sobre las candidaturas, que hagan propuestas acordes a la funci\u00f3n que van a tener, que en este caso va a ser deliberar sobre un texto constitucional\u201d.<\/p>\n<p style=\"text-align: justify;\">En tanto, Tatiana Pl\u00e1, Seremi de Gobierno regi\u00f3n de Ays\u00e9n, se\u00f1al\u00f3: \u201cTal como dice el slogan de esta campa\u00f1a, que ha lanzado nuestro Ministerio Secretar\u00eda General de Gobierno, <em>\u2018Votar es importante, porque eres importante\u2019<\/em>. Hacemos un llamado a la ciudadan\u00eda a participar en estas elecciones para elegir a las y los Consejeros Constitucionales. Es fundamental que las personas conozcan las caracter\u00edsticas de esta elecci\u00f3n y que todas y todos, las y los ciudadanos de la regi\u00f3n participen en este proceso que es muy importante para nuestro futuro como pa\u00eds\u201d.<\/p>\n<p style=\"text-align: justify;\">La campa\u00f1a se puede ver en redes sociales, en los 34 canales regionales de Arcatel, Minsal TV en consultorios, canales del Congreso y en otros medios de comunicaci\u00f3n a nivel nacional.<\/p>\n<\/div><\/section><\/div><div  style='height:50px' class='hr hr-invisible   avia-builder-el-6  el_after_av_one_full  el_before_av_social_share '><span class='hr-inner ' ><span class='hr-inner-style'><\/span><\/span><\/div><\/p>\n<div  class='av-social-sharing-box  avia-builder-el-7  el_after_av_hr  el_before_av_hr  '><div class='av-share-box'><h5 class='av-share-link-description av-no-toc '>Compartir esta noticia<\/h5><ul class='av-share-box-list noLightbox'><li class='av-share-link av-social-link-facebook' ><a target=\"_blank\" aria-label=\"Compartir en Facebook\" href='https:\/\/www.facebook.com\/sharer.php?u=https:\/\/radiorevelacionfm.cl\/?p=30538&#038;t=Seremi%20de%20Gobierno%20destaca%20campa%C3%B1a%20informativa%20por%20elecciones%20de%20Consejeros%20Constitucionales' aria-hidden='false' data-av_icon='\ue8f3' data-av_iconfont='entypo-fontello' title='' data-avia-related-tooltip='Compartir en Facebook' rel=\"noopener\"><span class='avia_hidden_link_text'>Compartir en Facebook<\/span><\/a><\/li><li class='av-share-link av-social-link-twitter' ><a target=\"_blank\" aria-label=\"Compartir en Twitter\" href='https:\/\/twitter.com\/share?text=Seremi%20de%20Gobierno%20destaca%20campa%C3%B1a%20informativa%20por%20elecciones%20de%20Consejeros%20Constitucionales&#038;url=https:\/\/radiorevelacionfm.cl\/?p=30538' aria-hidden='false' data-av_icon='\ue8f1' data-av_iconfont='entypo-fontello' title='' data-avia-related-tooltip='Compartir en Twitter' rel=\"noopener\"><span class='avia_hidden_link_text'>Compartir en Twitter<\/span><\/a><\/li><li class='av-share-link av-social-link-whatsapp' ><a target=\"_blank\" aria-label=\"Compartir en Whatsapp\" href='https:\/\/api.whatsapp.com\/send?text=https:\/\/radiorevelacionfm.cl\/?p=30538' aria-hidden='false' data-av_icon='\uf232' data-av_iconfont='entypo-fontello' title='' data-avia-related-tooltip='Compartir en Whatsapp' rel=\"noopener\"><span class='avia_hidden_link_text'>Compartir en Whatsapp<\/span><\/a><\/li><li class='av-share-link av-social-link-linkedin' ><a target=\"_blank\" aria-label=\"Compartir en LinkedIn\" href='https:\/\/linkedin.com\/shareArticle?mini=true&#038;title=Seremi%20de%20Gobierno%20destaca%20campa%C3%B1a%20informativa%20por%20elecciones%20de%20Consejeros%20Constitucionales&#038;url=https:\/\/radiorevelacionfm.cl\/?p=30538' aria-hidden='false' data-av_icon='\ue8fc' data-av_iconfont='entypo-fontello' title='' data-avia-related-tooltip='Compartir en LinkedIn' rel=\"noopener\"><span class='avia_hidden_link_text'>Compartir en LinkedIn<\/span><\/a><\/li><li class='av-share-link av-social-link-mail' ><a  aria-label=\"Compartir por correo\" href='mailto:?subject=Seremi%20de%20Gobierno%20destaca%20campa%C3%B1a%20informativa%20por%20elecciones%20de%20Consejeros%20Constitucionales&#038;body=https:\/\/radiorevelacionfm.cl\/?p=30538' aria-hidden='false' data-av_icon='\ue805' data-av_iconfont='entypo-fontello' title='' data-avia-related-tooltip='Compartir por correo'><span class='avia_hidden_link_text'>Compartir por correo<\/span><\/a><\/li><\/ul><\/div><\/div>\n<div  style='height:50px' class='hr hr-invisible   avia-builder-el-8  el_after_av_social_share  el_before_av_comments_list '><span class='hr-inner ' ><span class='hr-inner-style'><\/span><\/span><\/div>\n<div  class='av-buildercomment  av-blog-meta-html-info-disabled av-blog-meta-tag-disabled  '><\/div>\n","protected":false},"excerpt":{"rendered":"","protected":false},"author":1,"featured_media":30215,"comment_status":"open","ping_status":"open","sticky":false,"template":"","format":"standard","meta":{"footnotes":""},"categories":[38],"tags":[],"class_list":["post-30538","post","type-post","status-publish","format-standard","has-post-thumbnail","hentry","category-regional"],"jetpack_featured_media_url":"https:\/\/radiorevelacionfm.cl\/wp-content\/uploads\/2023\/04\/Seremi-aumento-sueldo-minimo-1-1.jpeg","_links":{"self":[{"href":"https:\/\/radiorevelacionfm.cl\/index.php?rest_route=\/wp\/v2\/posts\/30538","targetHints":{"allow":["GET"]}}],"collection":[{"href":"https:\/\/radiorevelacionfm.cl\/index.php?rest_route=\/wp\/v2\/posts"}],"about":[{"href":"https:\/\/radiorevelacionfm.cl\/index.php?rest_route=\/wp\/v2\/types\/post"}],"author":[{"embeddable":true,"href":"https:\/\/radiorevelacionfm.cl\/index.php?rest_route=\/wp\/v2\/users\/1"}],"replies":[{"embeddable":true,"href":"https:\/\/radiorevelacionfm.cl\/index.php?rest_route=%2Fwp%2Fv2%2Fcomments&post=30538"}],"version-history":[{"count":1,"href":"https:\/\/radiorevelacionfm.cl\/index.php?rest_route=\/wp\/v2\/posts\/30538\/revisions"}],"predecessor-version":[{"id":30539,"href":"https:\/\/radiorevelacionfm.cl\/index.php?rest_route=\/wp\/v2\/posts\/30538\/revisions\/30539"}],"wp:featuredmedia":[{"embeddable":true,"href":"https:\/\/radiorevelacionfm.cl\/index.php?rest_route=\/wp\/v2\/media\/30215"}],"wp:attachment":[{"href":"https:\/\/radiorevelacionfm.cl\/index.php?rest_route=%2Fwp%2Fv2%2Fmedia&parent=30538"}],"wp:term":[{"taxonomy":"category","embeddable":true,"href":"https:\/\/radiorevelacionfm.cl\/index.php?rest_route=%2Fwp%2Fv2%2Fcategories&post=30538"},{"taxonomy":"post_tag","embeddable":true,"href":"https:\/\/radiorevelacionfm.cl\/index.php?rest_route=%2Fwp%2Fv2%2Ftags&post=30538"}],"curies":[{"name":"wp","href":"https:\/\/api.w.org\/{rel}","templated":true}]}}