{"id":30533,"date":"2023-04-28T12:18:37","date_gmt":"2023-04-28T15:18:37","guid":{"rendered":"https:\/\/radiorevelacionfm.cl\/?p=30533"},"modified":"2023-04-28T17:15:04","modified_gmt":"2023-04-28T20:15:04","slug":"ministra-orellana-llego-hasta-la-region-de-aysen-para-participar-de-diversos-encuentros-con-mujeres-y-autoridades","status":"publish","type":"post","link":"https:\/\/radiorevelacionfm.cl\/?p=30533","title":{"rendered":"Ministra Orellana lleg\u00f3 hasta la regi\u00f3n de Ays\u00e9n para participar de diversos encuentros con mujeres y autoridades"},"content":{"rendered":"<div class=\"flex_column av_one_full  flex_column_div av-zero-column-padding first  avia-builder-el-0  el_before_av_one_full  avia-builder-el-first  \" style='border-radius:0px; '><div  class='avia-image-container  av-styling-    avia-builder-el-1  avia-builder-el-no-sibling  avia-align-center '  itemprop=\"image\" itemscope=\"itemscope\" itemtype=\"https:\/\/schema.org\/ImageObject\"  ><div class='avia-image-container-inner'><div class='avia-image-overlay-wrap'><img decoding=\"async\" class='wp-image-30558 avia-img-lazy-loading-not-30558 avia_image' src=\"https:\/\/radiorevelacionfm.cl\/wp-content\/uploads\/2023\/04\/image-2-1-1_optimized-1_optimized-1.jpeg\" alt='' title='image-(2)-(1)-(1)_optimized-(1)_optimized (1)' height=\"600\" width=\"931\"  itemprop=\"thumbnailUrl\" srcset=\"https:\/\/radiorevelacionfm.cl\/wp-content\/uploads\/2023\/04\/image-2-1-1_optimized-1_optimized-1.jpeg 931w, https:\/\/radiorevelacionfm.cl\/wp-content\/uploads\/2023\/04\/image-2-1-1_optimized-1_optimized-1-300x193.jpeg 300w, https:\/\/radiorevelacionfm.cl\/wp-content\/uploads\/2023\/04\/image-2-1-1_optimized-1_optimized-1-768x495.jpeg 768w, https:\/\/radiorevelacionfm.cl\/wp-content\/uploads\/2023\/04\/image-2-1-1_optimized-1_optimized-1-705x454.jpeg 705w, https:\/\/radiorevelacionfm.cl\/wp-content\/uploads\/2023\/04\/image-2-1-1_optimized-1_optimized-1-450x290.jpeg 450w, https:\/\/radiorevelacionfm.cl\/wp-content\/uploads\/2023\/04\/image-2-1-1_optimized-1_optimized-1-600x387.jpeg 600w\" sizes=\"(max-width: 931px) 100vw, 931px\" \/><\/div><\/div><\/div><\/div>\n<div class=\"flex_column av_one_full  flex_column_div av-zero-column-padding first  avia-builder-el-2  el_after_av_one_full  el_before_av_one_full  column-top-margin\" style='border-radius:0px; '><section class=\"av_textblock_section \"  itemscope=\"itemscope\" itemtype=\"https:\/\/schema.org\/BlogPosting\" itemprop=\"blogPost\" ><div class='avia_textblock  '   itemprop=\"text\" ><p style=\"text-align: center;\"><strong><span style=\"font-size: 18pt;\">Ministra Orellana lleg\u00f3 hasta la regi\u00f3n de Ays\u00e9n para participar de diversos encuentros con mujeres y autoridades <\/span><\/strong><\/p>\n<div id=\"gtx-trans\" style=\"position: absolute; left: -50px; top: 4.31534px;\">\n<div class=\"gtx-trans-icon\"><\/div>\n<\/div>\n<\/div><\/section><\/div>\n<div class=\"flex_column av_one_full  flex_column_div av-zero-column-padding first  avia-builder-el-4  el_after_av_one_full  el_before_av_hr  column-top-margin\" style='border-radius:0px; '><section class=\"av_textblock_section \"  itemscope=\"itemscope\" itemtype=\"https:\/\/schema.org\/BlogPosting\" itemprop=\"blogPost\" ><div class='avia_textblock  '   itemprop=\"text\" ><p style=\"text-align: justify;\">Hasta la Regi\u00f3n de Ays\u00e9n lleg\u00f3 la ministra de la Mujer y la Equidad de G\u00e9nero, Antonia Orellana Guarello, para participar de diversas actividades que reunir\u00e1n a mujeres de toda la regi\u00f3n, con quienes compartir\u00e1n experiencias y dar\u00e1 a conocer las acciones que se est\u00e1n impulsando para contribuir en mejorar la calidad de vida de las mujeres. Adem\u00e1s, la titular de la cartera participar\u00e1 junto a su par de Agricultura, Esteban Valenzuela, del Gabinete Regional, junto con el delegado Presidencial, Rodrigo Araya Morales, la Gobernadora regional, Andrea Mac\u00edas Palma, la Seremi de la Mujer y la Equidad de G\u00e9nero, Andrea M\u00e9ndez Valenzuela y alcaldes\/alcaldesas de las ciudades que visitar\u00e1.<\/p>\n<p style=\"text-align: justify;\">La visita de la secretaria de Estado inici\u00f3 con la participaci\u00f3n del acto en conmemoraci\u00f3n del nonag\u00e9simo sexto aniversario de Carabineros donde se reuni\u00f3 con el General y jefe de la Zona de Carabineros de la Regi\u00f3n de Ays\u00e9n, Patricio Javier Santos Poblete; a quien agradeci\u00f3 el trabajo que realizan, ya que gran parte de las denuncias que se reciben en la regi\u00f3n son por violencia intrafamiliar y otras formas de violencia de g\u00e9nero. Adem\u00e1s, la ministra destac\u00f3 los anuncios relacionados con mejoras en la vestimenta de las Carabineras, la adquisici\u00f3n de uniformes para Carabineras embarazadas, entre otras mejoras.<\/p>\n<p style=\"text-align: justify;\">Si bien la titular de la cartera se reunir\u00e1 con gran diversidad de mujeres, un papel especial est\u00e1 destinado a las mujeres rurales quienes participar\u00e1n del V Encuentro Latinoamericano y del Caribe de Mujeres Rurales, el que se realiza entre el 24 al 28 de abril 2023 en Coyhaique, y que es financiado por el Gobierno regional y que contar\u00e1 con la presencia del ministro de Agricultura y Ganader\u00eda, Esteban Valenzuela.<\/p>\n<p style=\"text-align: justify;\">\u201cLas mujeres rurales cuentan con el Ministerio de la Mujer y nosotras contamos con ellas para poder seguir con nuestra agenda que permita cada vez m\u00e1s acceso a m\u00e1s derechos para todas las mujeres. Hay quienes piensan que el ministerio de la mujer es para las j\u00f3venes de Santiago, no, estamos trabajando con el ministerio de agricultura para las mujeres de Ays\u00e9n tambi\u00e9n y estamos trabajando para las mujeres de la pesca, con las mujeres ind\u00edgenas, las empresarias, nuestra mirada es transversal porque las mujeres estamos en todos lados.\u201d, enfatiz\u00f3 Orellana Guarello.<\/p>\n<p style=\"text-align: justify;\">La ministra de la Mujer y la Equidad de G\u00e9nero, junto al director de SENAMA, Nicol\u00e1s Quilodran, se reunir\u00e1 tambi\u00e9n con mujeres mayores de diversos \u00e1mbitos, quienes conformar\u00e1n el panel \u201cSer Mujer en Ays\u00e9n\u201d, el que busca visibilizar la vejez femenina, respondiendo a preguntas sobre los desaf\u00edos y oportunidades de habitar este territorio siendo mujer mayor.<\/p>\n<p style=\"text-align: justify;\">\u201cPara m\u00ed en particular como ministra es muy importante recoger las experiencias de las mujeres mayores, porque nos muestran que las cosas s\u00ed se pueden cambiar, que queda mucho por hacer, pero que tambi\u00e9n hemos avanzado harto y este es un momento \u00fanico, nunca en nuestro pa\u00eds hab\u00edamos tenido tantas mujeres tomando decisiones, independiente del sector pol\u00edtico\u201d, destac\u00f3 la ministra de la Mujer y la Equidad de G\u00e9nero.<\/p>\n<p style=\"text-align: justify;\">Adem\u00e1s, la secretaria de Estado abordar\u00e1 la tem\u00e1tica sobre violencia de g\u00e9nero con estudiantes escolares y universitarias, participar\u00e1 de un encuentro con la Mesa Regional de Diversidades Sexo Gen\u00e9ricas y se reunir\u00e1 con la Mesa Mujer Rural.<\/p>\n<p style=\"text-align: justify;\">El viaje de la autoridad incluye un recorrido por la localidad de Cerro Castillo, para conocer emprendimientos femeninos locales y as\u00ed continuar avanzando en la identificaci\u00f3n de oportunidades para el fortalecimiento de la autonom\u00eda econ\u00f3mica de las mujeres de dicha localidad.<\/p>\n<p style=\"text-align: justify;\">La titular de la cartera de la Mujer y la Equidad de G\u00e9nero cerrar\u00e1 su visita a la regi\u00f3n con un encuentro con las mujeres privadas de libertad que son parte del taller de Lanas, para conocer sus experiencias, que muestren sus creaciones y, adem\u00e1s, se proceda a firmar convenio de colaboraci\u00f3n para continuar con esta iniciativa.<\/p>\n<\/div><\/section><\/div><div  style='height:50px' class='hr hr-invisible   avia-builder-el-6  el_after_av_one_full  el_before_av_social_share '><span class='hr-inner ' ><span class='hr-inner-style'><\/span><\/span><\/div><\/p>\n<div  class='av-social-sharing-box  avia-builder-el-7  el_after_av_hr  el_before_av_hr  '><div class='av-share-box'><h5 class='av-share-link-description av-no-toc '>Compartir esta noticia<\/h5><ul class='av-share-box-list noLightbox'><li class='av-share-link av-social-link-facebook' ><a target=\"_blank\" aria-label=\"Compartir en Facebook\" href='https:\/\/www.facebook.com\/sharer.php?u=https:\/\/radiorevelacionfm.cl\/?p=30533&#038;t=Ministra%20Orellana%20lleg%C3%B3%20hasta%20la%20regi%C3%B3n%20de%20Ays%C3%A9n%20para%20participar%20de%20diversos%20encuentros%20con%20mujeres%20y%20autoridades' aria-hidden='false' data-av_icon='\ue8f3' data-av_iconfont='entypo-fontello' title='' data-avia-related-tooltip='Compartir en Facebook' rel=\"noopener\"><span class='avia_hidden_link_text'>Compartir en Facebook<\/span><\/a><\/li><li class='av-share-link av-social-link-twitter' ><a target=\"_blank\" aria-label=\"Compartir en Twitter\" href='https:\/\/twitter.com\/share?text=Ministra%20Orellana%20lleg%C3%B3%20hasta%20la%20regi%C3%B3n%20de%20Ays%C3%A9n%20para%20participar%20de%20diversos%20encuentros%20con%20mujeres%20y%20autoridades&#038;url=https:\/\/radiorevelacionfm.cl\/?p=30533' aria-hidden='false' data-av_icon='\ue8f1' data-av_iconfont='entypo-fontello' title='' data-avia-related-tooltip='Compartir en Twitter' rel=\"noopener\"><span class='avia_hidden_link_text'>Compartir en Twitter<\/span><\/a><\/li><li class='av-share-link av-social-link-whatsapp' ><a target=\"_blank\" aria-label=\"Compartir en Whatsapp\" href='https:\/\/api.whatsapp.com\/send?text=https:\/\/radiorevelacionfm.cl\/?p=30533' aria-hidden='false' data-av_icon='\uf232' data-av_iconfont='entypo-fontello' title='' data-avia-related-tooltip='Compartir en Whatsapp' rel=\"noopener\"><span class='avia_hidden_link_text'>Compartir en Whatsapp<\/span><\/a><\/li><li class='av-share-link av-social-link-linkedin' ><a target=\"_blank\" aria-label=\"Compartir en LinkedIn\" href='https:\/\/linkedin.com\/shareArticle?mini=true&#038;title=Ministra%20Orellana%20lleg%C3%B3%20hasta%20la%20regi%C3%B3n%20de%20Ays%C3%A9n%20para%20participar%20de%20diversos%20encuentros%20con%20mujeres%20y%20autoridades&#038;url=https:\/\/radiorevelacionfm.cl\/?p=30533' aria-hidden='false' data-av_icon='\ue8fc' data-av_iconfont='entypo-fontello' title='' data-avia-related-tooltip='Compartir en LinkedIn' rel=\"noopener\"><span class='avia_hidden_link_text'>Compartir en LinkedIn<\/span><\/a><\/li><li class='av-share-link av-social-link-mail' ><a  aria-label=\"Compartir por correo\" href='mailto:?subject=Ministra%20Orellana%20lleg%C3%B3%20hasta%20la%20regi%C3%B3n%20de%20Ays%C3%A9n%20para%20participar%20de%20diversos%20encuentros%20con%20mujeres%20y%20autoridades&#038;body=https:\/\/radiorevelacionfm.cl\/?p=30533' aria-hidden='false' data-av_icon='\ue805' data-av_iconfont='entypo-fontello' title='' data-avia-related-tooltip='Compartir por correo'><span class='avia_hidden_link_text'>Compartir por correo<\/span><\/a><\/li><\/ul><\/div><\/div>\n<div  style='height:50px' class='hr hr-invisible   avia-builder-el-8  el_after_av_social_share  el_before_av_comments_list '><span class='hr-inner ' ><span class='hr-inner-style'><\/span><\/span><\/div>\n<div  class='av-buildercomment  av-blog-meta-html-info-disabled av-blog-meta-tag-disabled  '><\/div>\n","protected":false},"excerpt":{"rendered":"","protected":false},"author":1,"featured_media":30558,"comment_status":"open","ping_status":"open","sticky":false,"template":"","format":"standard","meta":{"footnotes":""},"categories":[38],"tags":[],"class_list":["post-30533","post","type-post","status-publish","format-standard","has-post-thumbnail","hentry","category-regional"],"jetpack_featured_media_url":"https:\/\/radiorevelacionfm.cl\/wp-content\/uploads\/2023\/04\/image-2-1-1_optimized-1_optimized-1.jpeg","_links":{"self":[{"href":"https:\/\/radiorevelacionfm.cl\/index.php?rest_route=\/wp\/v2\/posts\/30533","targetHints":{"allow":["GET"]}}],"collection":[{"href":"https:\/\/radiorevelacionfm.cl\/index.php?rest_route=\/wp\/v2\/posts"}],"about":[{"href":"https:\/\/radiorevelacionfm.cl\/index.php?rest_route=\/wp\/v2\/types\/post"}],"author":[{"embeddable":true,"href":"https:\/\/radiorevelacionfm.cl\/index.php?rest_route=\/wp\/v2\/users\/1"}],"replies":[{"embeddable":true,"href":"https:\/\/radiorevelacionfm.cl\/index.php?rest_route=%2Fwp%2Fv2%2Fcomments&post=30533"}],"version-history":[{"count":3,"href":"https:\/\/radiorevelacionfm.cl\/index.php?rest_route=\/wp\/v2\/posts\/30533\/revisions"}],"predecessor-version":[{"id":30566,"href":"https:\/\/radiorevelacionfm.cl\/index.php?rest_route=\/wp\/v2\/posts\/30533\/revisions\/30566"}],"wp:featuredmedia":[{"embeddable":true,"href":"https:\/\/radiorevelacionfm.cl\/index.php?rest_route=\/wp\/v2\/media\/30558"}],"wp:attachment":[{"href":"https:\/\/radiorevelacionfm.cl\/index.php?rest_route=%2Fwp%2Fv2%2Fmedia&parent=30533"}],"wp:term":[{"taxonomy":"category","embeddable":true,"href":"https:\/\/radiorevelacionfm.cl\/index.php?rest_route=%2Fwp%2Fv2%2Fcategories&post=30533"},{"taxonomy":"post_tag","embeddable":true,"href":"https:\/\/radiorevelacionfm.cl\/index.php?rest_route=%2Fwp%2Fv2%2Ftags&post=30533"}],"curies":[{"name":"wp","href":"https:\/\/api.w.org\/{rel}","templated":true}]}}