{"id":30530,"date":"2023-04-27T18:37:06","date_gmt":"2023-04-27T21:37:06","guid":{"rendered":"https:\/\/radiorevelacionfm.cl\/?p=30530"},"modified":"2023-04-27T18:37:06","modified_gmt":"2023-04-27T21:37:06","slug":"jardin-los-chilcos-refuerza-acciones-educativas-de-cuidado-al-medio-ambiente-en-puerto-aysen","status":"publish","type":"post","link":"https:\/\/radiorevelacionfm.cl\/?p=30530","title":{"rendered":"Jard\u00edn Los Chilcos refuerza acciones educativas de cuidado al medio ambiente en Puerto Ays\u00e9n"},"content":{"rendered":"<div class=\"flex_column av_one_full  flex_column_div av-zero-column-padding first  avia-builder-el-0  el_before_av_one_full  avia-builder-el-first  \" style='border-radius:0px; '><div  class='avia-image-container  av-styling-    avia-builder-el-1  avia-builder-el-no-sibling  avia-align-center '  itemprop=\"image\" itemscope=\"itemscope\" itemtype=\"https:\/\/schema.org\/ImageObject\"  ><div class='avia-image-container-inner'><div class='avia-image-overlay-wrap'><img decoding=\"async\" class='wp-image-30531 avia-img-lazy-loading-not-30531 avia_image' src=\"https:\/\/radiorevelacionfm.cl\/wp-content\/uploads\/2023\/04\/jardin-los-chilcos-1-1_optimized-1.jpeg\" alt='' title='jardin-los-chilcos-(1)-(1)_optimized (1)' height=\"600\" width=\"800\"  itemprop=\"thumbnailUrl\" srcset=\"https:\/\/radiorevelacionfm.cl\/wp-content\/uploads\/2023\/04\/jardin-los-chilcos-1-1_optimized-1.jpeg 800w, https:\/\/radiorevelacionfm.cl\/wp-content\/uploads\/2023\/04\/jardin-los-chilcos-1-1_optimized-1-300x225.jpeg 300w, https:\/\/radiorevelacionfm.cl\/wp-content\/uploads\/2023\/04\/jardin-los-chilcos-1-1_optimized-1-768x576.jpeg 768w, https:\/\/radiorevelacionfm.cl\/wp-content\/uploads\/2023\/04\/jardin-los-chilcos-1-1_optimized-1-705x529.jpeg 705w, https:\/\/radiorevelacionfm.cl\/wp-content\/uploads\/2023\/04\/jardin-los-chilcos-1-1_optimized-1-450x338.jpeg 450w, https:\/\/radiorevelacionfm.cl\/wp-content\/uploads\/2023\/04\/jardin-los-chilcos-1-1_optimized-1-600x450.jpeg 600w\" sizes=\"(max-width: 800px) 100vw, 800px\" \/><\/div><\/div><\/div><\/div><div class=\"flex_column av_one_full  flex_column_div av-zero-column-padding first  avia-builder-el-2  el_after_av_one_full  el_before_av_one_full  column-top-margin\" style='border-radius:0px; '><section class=\"av_textblock_section \"  itemscope=\"itemscope\" itemtype=\"https:\/\/schema.org\/BlogPosting\" itemprop=\"blogPost\" ><div class='avia_textblock  '   itemprop=\"text\" ><p style=\"text-align: center;\"><strong><span style=\"font-size: 18pt;\">Jard\u00edn Los Chilcos refuerza acciones educativas de cuidado al medio ambiente en Puerto Ays\u00e9n<\/span><\/strong><\/p>\n<div id=\"gtx-trans\" style=\"position: absolute; left: -50px; top: 4.31534px;\">\n<div class=\"gtx-trans-icon\"><\/div>\n<\/div>\n<\/div><\/section><\/div><div class=\"flex_column av_one_full  flex_column_div av-zero-column-padding first  avia-builder-el-4  el_after_av_one_full  el_before_av_hr  column-top-margin\" style='border-radius:0px; '><section class=\"av_textblock_section \"  itemscope=\"itemscope\" itemtype=\"https:\/\/schema.org\/BlogPosting\" itemprop=\"blogPost\" ><div class='avia_textblock  '   itemprop=\"text\" ><p style=\"text-align: justify;\">Uno de los sellos educativos que imparte el jard\u00edn infantil \u201cLos Chilcos\u201d de Integra en Puerto Ays\u00e9n, es el cuidado al medio ambiente, a trav\u00e9s de diversas acciones que desarrolla la comunidad educativa en el establecimiento y que no cabe duda que los ni\u00f1os replicar\u00e1n junto a sus familias en el hogar.<\/p>\n<p style=\"text-align: justify;\">Es de esta forma que, siendo parte de un conjunto de organizaciones agrupadas en \u201cReinventa Ays\u00e9n\u201d, est\u00e1n realizando actividades que pretenden pasar de la teor\u00eda a lo pr\u00e1ctico. En ello, Empresas Bahamonde ha decidido colaborar y ante la solicitud de donar una compostera para el jard\u00edn, hubo inmediata respuesta.<\/p>\n<p style=\"text-align: justify;\">Felices en la comunidad educativa junto a la directora regional de Integra Leticia Araya Norambuena, acompa\u00f1ados de sus redes de trabajo y apoyo como los jardines Gotitas de Lluvia, Creciendo Contento, Lobito Feroz, entre otros equipos educativos, m\u00e1s la presencia de Alejandro Bahamonde y Juanita Bahomonde, inauguraron el donativo recibido.<\/p>\n<p style=\"text-align: justify;\">Sandra Figueroa, agente educativo del jard\u00edn Los Chilcos, manifest\u00f3, \u201cconformamos un comit\u00e9 de medio ambiente, somos varias personas, estamos en una red que se llama Reinventa Ays\u00e9n, ah\u00ed se unen varios jardines, liceos, colegios y otros estamentos que buscan trabajar el tema de la vida sustentable. En eso, llegamos donde don Alejandro Bahamonde y conseguimos una compostera, as\u00ed es que, estamos contentos porque con eso podemos seguir avanzando y trabajar con los ni\u00f1os la vida sustentable, hacer el compost con el material org\u00e1nico. Hay hartos niveles, estamos trabajando con los ni\u00f1os, con nuestras familias, con nuestro equipo de jard\u00edn, as\u00ed es que, estamos contentas porque hemos conseguido hartas cosas\u201d.<\/p>\n<p style=\"text-align: justify;\">Sandra Figueroa, recalc\u00f3 la importancia de realizar actividades donde se involucra toda la comunidad educativa y adem\u00e1s se va creando conciencia del cuidado al medio ambiente. \u201cEstamos muy contentas, estamos felices, porque vamos creando conciencia en nuestras familias, nosotras tambi\u00e9n vamos aprendiendo. Contentas con todo y con el equipo que tenemos en el jard\u00edn, ya que, todas estas iniciativas nos permiten ir creciendo\u201d, puntualiz\u00f3.<\/p>\n<\/div><\/section><\/div><div  style='height:50px' class='hr hr-invisible   avia-builder-el-6  el_after_av_one_full  el_before_av_social_share '><span class='hr-inner ' ><span class='hr-inner-style'><\/span><\/span><\/div><\/p>\n<div  class='av-social-sharing-box  avia-builder-el-7  el_after_av_hr  el_before_av_hr  '><div class='av-share-box'><h5 class='av-share-link-description av-no-toc '>Compartir esta noticia<\/h5><ul class='av-share-box-list noLightbox'><li class='av-share-link av-social-link-facebook' ><a target=\"_blank\" aria-label=\"Compartir en Facebook\" href='https:\/\/www.facebook.com\/sharer.php?u=https:\/\/radiorevelacionfm.cl\/?p=30530&#038;t=Jard%C3%ADn%20Los%20Chilcos%20refuerza%20acciones%20educativas%20de%20cuidado%20al%20medio%20ambiente%20en%20Puerto%20Ays%C3%A9n' aria-hidden='false' data-av_icon='\ue8f3' data-av_iconfont='entypo-fontello' title='' data-avia-related-tooltip='Compartir en Facebook' rel=\"noopener\"><span class='avia_hidden_link_text'>Compartir en Facebook<\/span><\/a><\/li><li class='av-share-link av-social-link-twitter' ><a target=\"_blank\" aria-label=\"Compartir en Twitter\" href='https:\/\/twitter.com\/share?text=Jard%C3%ADn%20Los%20Chilcos%20refuerza%20acciones%20educativas%20de%20cuidado%20al%20medio%20ambiente%20en%20Puerto%20Ays%C3%A9n&#038;url=https:\/\/radiorevelacionfm.cl\/?p=30530' aria-hidden='false' data-av_icon='\ue8f1' data-av_iconfont='entypo-fontello' title='' data-avia-related-tooltip='Compartir en Twitter' rel=\"noopener\"><span class='avia_hidden_link_text'>Compartir en Twitter<\/span><\/a><\/li><li class='av-share-link av-social-link-whatsapp' ><a target=\"_blank\" aria-label=\"Compartir en Whatsapp\" href='https:\/\/api.whatsapp.com\/send?text=https:\/\/radiorevelacionfm.cl\/?p=30530' aria-hidden='false' data-av_icon='\uf232' data-av_iconfont='entypo-fontello' title='' data-avia-related-tooltip='Compartir en Whatsapp' rel=\"noopener\"><span class='avia_hidden_link_text'>Compartir en Whatsapp<\/span><\/a><\/li><li class='av-share-link av-social-link-linkedin' ><a target=\"_blank\" aria-label=\"Compartir en LinkedIn\" href='https:\/\/linkedin.com\/shareArticle?mini=true&#038;title=Jard%C3%ADn%20Los%20Chilcos%20refuerza%20acciones%20educativas%20de%20cuidado%20al%20medio%20ambiente%20en%20Puerto%20Ays%C3%A9n&#038;url=https:\/\/radiorevelacionfm.cl\/?p=30530' aria-hidden='false' data-av_icon='\ue8fc' data-av_iconfont='entypo-fontello' title='' data-avia-related-tooltip='Compartir en LinkedIn' rel=\"noopener\"><span class='avia_hidden_link_text'>Compartir en LinkedIn<\/span><\/a><\/li><li class='av-share-link av-social-link-mail' ><a  aria-label=\"Compartir por correo\" href='mailto:?subject=Jard%C3%ADn%20Los%20Chilcos%20refuerza%20acciones%20educativas%20de%20cuidado%20al%20medio%20ambiente%20en%20Puerto%20Ays%C3%A9n&#038;body=https:\/\/radiorevelacionfm.cl\/?p=30530' aria-hidden='false' data-av_icon='\ue805' data-av_iconfont='entypo-fontello' title='' data-avia-related-tooltip='Compartir por correo'><span class='avia_hidden_link_text'>Compartir por correo<\/span><\/a><\/li><\/ul><\/div><\/div>\n<div  style='height:50px' class='hr hr-invisible   avia-builder-el-8  el_after_av_social_share  el_before_av_comments_list '><span class='hr-inner ' ><span class='hr-inner-style'><\/span><\/span><\/div>\n<div  class='av-buildercomment  av-blog-meta-html-info-disabled av-blog-meta-tag-disabled  '><\/div>\n","protected":false},"excerpt":{"rendered":"","protected":false},"author":1,"featured_media":30531,"comment_status":"open","ping_status":"open","sticky":false,"template":"","format":"standard","meta":{"footnotes":""},"categories":[38],"tags":[],"class_list":["post-30530","post","type-post","status-publish","format-standard","has-post-thumbnail","hentry","category-regional"],"jetpack_featured_media_url":"https:\/\/radiorevelacionfm.cl\/wp-content\/uploads\/2023\/04\/jardin-los-chilcos-1-1_optimized-1.jpeg","_links":{"self":[{"href":"https:\/\/radiorevelacionfm.cl\/index.php?rest_route=\/wp\/v2\/posts\/30530","targetHints":{"allow":["GET"]}}],"collection":[{"href":"https:\/\/radiorevelacionfm.cl\/index.php?rest_route=\/wp\/v2\/posts"}],"about":[{"href":"https:\/\/radiorevelacionfm.cl\/index.php?rest_route=\/wp\/v2\/types\/post"}],"author":[{"embeddable":true,"href":"https:\/\/radiorevelacionfm.cl\/index.php?rest_route=\/wp\/v2\/users\/1"}],"replies":[{"embeddable":true,"href":"https:\/\/radiorevelacionfm.cl\/index.php?rest_route=%2Fwp%2Fv2%2Fcomments&post=30530"}],"version-history":[{"count":1,"href":"https:\/\/radiorevelacionfm.cl\/index.php?rest_route=\/wp\/v2\/posts\/30530\/revisions"}],"predecessor-version":[{"id":30532,"href":"https:\/\/radiorevelacionfm.cl\/index.php?rest_route=\/wp\/v2\/posts\/30530\/revisions\/30532"}],"wp:featuredmedia":[{"embeddable":true,"href":"https:\/\/radiorevelacionfm.cl\/index.php?rest_route=\/wp\/v2\/media\/30531"}],"wp:attachment":[{"href":"https:\/\/radiorevelacionfm.cl\/index.php?rest_route=%2Fwp%2Fv2%2Fmedia&parent=30530"}],"wp:term":[{"taxonomy":"category","embeddable":true,"href":"https:\/\/radiorevelacionfm.cl\/index.php?rest_route=%2Fwp%2Fv2%2Fcategories&post=30530"},{"taxonomy":"post_tag","embeddable":true,"href":"https:\/\/radiorevelacionfm.cl\/index.php?rest_route=%2Fwp%2Fv2%2Ftags&post=30530"}],"curies":[{"name":"wp","href":"https:\/\/api.w.org\/{rel}","templated":true}]}}