{"id":30527,"date":"2023-04-27T17:39:38","date_gmt":"2023-04-27T20:39:38","guid":{"rendered":"https:\/\/radiorevelacionfm.cl\/?p=30527"},"modified":"2023-04-27T17:39:38","modified_gmt":"2023-04-27T20:39:38","slug":"aysen-recibe-la-fiesta-de-los-juegos-binacionales-araucania-2024","status":"publish","type":"post","link":"https:\/\/radiorevelacionfm.cl\/?p=30527","title":{"rendered":"Ays\u00e9n recibe la fiesta de los Juegos Binacionales Araucan\u00eda 2024"},"content":{"rendered":"<div class=\"flex_column av_one_full  flex_column_div av-zero-column-padding first  avia-builder-el-0  el_before_av_one_full  avia-builder-el-first  \" style='border-radius:0px; '><div  class='avia-image-container  av-styling-    avia-builder-el-1  avia-builder-el-no-sibling  avia-align-center '  itemprop=\"image\" itemscope=\"itemscope\" itemtype=\"https:\/\/schema.org\/ImageObject\"  ><div class='avia-image-container-inner'><div class='avia-image-overlay-wrap'><img decoding=\"async\" class='wp-image-30528 avia-img-lazy-loading-not-30528 avia_image' src=\"https:\/\/radiorevelacionfm.cl\/wp-content\/uploads\/2023\/04\/1-28-1-3.jpg\" alt='' title='1 (28) (1) (3)' height=\"600\" width=\"798\"  itemprop=\"thumbnailUrl\" srcset=\"https:\/\/radiorevelacionfm.cl\/wp-content\/uploads\/2023\/04\/1-28-1-3.jpg 798w, https:\/\/radiorevelacionfm.cl\/wp-content\/uploads\/2023\/04\/1-28-1-3-300x226.jpg 300w, https:\/\/radiorevelacionfm.cl\/wp-content\/uploads\/2023\/04\/1-28-1-3-768x577.jpg 768w, https:\/\/radiorevelacionfm.cl\/wp-content\/uploads\/2023\/04\/1-28-1-3-705x530.jpg 705w, https:\/\/radiorevelacionfm.cl\/wp-content\/uploads\/2023\/04\/1-28-1-3-450x338.jpg 450w, https:\/\/radiorevelacionfm.cl\/wp-content\/uploads\/2023\/04\/1-28-1-3-600x451.jpg 600w\" sizes=\"(max-width: 798px) 100vw, 798px\" \/><\/div><\/div><\/div><\/div><div class=\"flex_column av_one_full  flex_column_div av-zero-column-padding first  avia-builder-el-2  el_after_av_one_full  el_before_av_one_full  column-top-margin\" style='border-radius:0px; '><section class=\"av_textblock_section \"  itemscope=\"itemscope\" itemtype=\"https:\/\/schema.org\/BlogPosting\" itemprop=\"blogPost\" ><div class='avia_textblock  '   itemprop=\"text\" ><p class=\"v1MsoNormal\" style=\"text-align: center;\"><span style=\"font-size: 18pt;\"><b>Ays\u00e9n recibe la fiesta de los Juegos Binacionales Araucan\u00eda 2024<\/b><\/span><\/p>\n<div id=\"gtx-trans\" style=\"position: absolute; left: -50px; top: 4.31534px;\">\n<div class=\"gtx-trans-icon\"><\/div>\n<\/div>\n<\/div><\/section><\/div><div class=\"flex_column av_one_full  flex_column_div av-zero-column-padding first  avia-builder-el-4  el_after_av_one_full  el_before_av_hr  column-top-margin\" style='border-radius:0px; '><section class=\"av_textblock_section \"  itemscope=\"itemscope\" itemtype=\"https:\/\/schema.org\/BlogPosting\" itemprop=\"blogPost\" ><div class='avia_textblock  '   itemprop=\"text\" ><div>\n<p class=\"v1MsoNormal\" style=\"text-align: justify;\">Los Juegos Binacionales Araucan\u00eda son la m\u00e1xima expresi\u00f3n de la competencia deportiva del sur chileno-argentino, convocando a j\u00f3venes deportistas, damas y varones, de 15 a 19 a\u00f1os, provenientes de las provincias argentinas ubicadas, entre La Pampa y Tierra del Fuego y las regiones chilenas, entre \u00d1uble y Magallanes,\u00a0 en las disciplinas de atletismo, f\u00fatbol, nataci\u00f3n, judo, b\u00e1squetbol, v\u00f3leibol y ciclismo.<\/p>\n<p class=\"v1MsoNormal\" style=\"text-align: justify;\">Este a\u00f1o la edici\u00f3n n\u00famero 30\u00b0 edici\u00f3n de la competencia juvenil tendr\u00e1 a la provincia de R\u00edo Negro como anfitriona y se estima que\u00a0 participar\u00e1n 2500 deportistas de las seis provincias de la Patagonia Argentina y de las siete regiones de la Patagonia Chilena, certamen que se hab\u00eda postergado a causa de la pandemia por COVID-19.<\/p>\n<p class=\"v1MsoNormal\" style=\"text-align: justify;\">Sobre la edici\u00f3n N\u00b0 32 de los juegos el a\u00f1o 2024, Mar\u00eda Eugenia Dur\u00e1n Jara, Seremi del Deporte Regi\u00f3n de Ays\u00e9n se\u00f1al\u00f3 \u00abqueremos que estos juegos, los m\u00e1s importantes de la Patagonia Chilena y Argentina se desarrollen de la mejor manera posible, por eso como gobierno del presidente Gabriel Boric Font hemos ratificado nuestro compromiso como regi\u00f3n y pa\u00eds anfitri\u00f3n con la versi\u00f3n n\u00b0 31 de los Juegos Binacionales de la Araucan\u00eda ante el Consejo General. Para ello hemos estado trabajando desde el a\u00f1o 2022 de manera conjunta con el objetivo que los Juegos puedan realizarse mayoritariamente en nuestra regi\u00f3n empleando a tope toda la capacidad de alojamiento con la que disponemos, de acuerdo a los est\u00e1ndares actuales que nos exigen las bases de los Juegos Binacionales de la Araucan\u00eda 2024. Tenemos un gran desaf\u00edo pero tambi\u00e9n una gran oportunidad de dejar un importante legado material e inmaterial en nuestra regi\u00f3n para lo cual seguiremos creando alianzas con el intersector p\u00fablico y privado\u00bb.<\/p>\n<p class=\"v1MsoNormal\" style=\"text-align: justify;\">Asimismo, el Director Regional (S) del Instituto Nacional de Deportes Regi\u00f3n de Ays\u00e9n Javier Medina Mella precis\u00f3 \u00a0\u00abLa semana pasada, la ciudad de Coyhaique recibi\u00f3\u00a0la visita de las m\u00e1ximas autoridades de los Juegos Binacionales de la Araucan\u00eda, encabezados por el Presidente, e integrantes, del Consejo General, junto con el presidente, e integrantes del comit\u00e9\u00a0t\u00e9cnico asesor. Durante, las jornadas de trabajo se analizaron\u00a0diversos temas relacionados con este importante evento, se evalu\u00f3\u00a0la versi\u00f3n desarrollada el a\u00f1o pasado en la Regi\u00f3n de Los Lagos; trabajamos en materias t\u00e9cnicas y reglamentarias con miras a la competencia del presente a\u00f1o a efectuarse en la Provincia de R\u00edo Negro.\u00bb Manifestando adem\u00e1s que \u00abse ratific\u00f3 a la Regi\u00f3n de Ays\u00e9n como sede de la versi\u00f3n N\u00aa 31 para el a\u00f1o 2024, competencia que se desarrollar\u00e1 considerando una subsede en la Regi\u00f3n de Magallanes\u00bb y que \u00abpara el Ministerio del Deporte y nuestra Seremi Mar\u00eda Eugenia Dur\u00e1n Jara y para el instituto la organizaci\u00f3n de este evento en un gran desaf\u00edo regional en lo administrativo, t\u00e9cnico\u00a0y log\u00edstico, por lo que agradezco el apoyo y compromiso de las autoridades regionales, encabezadas por la Gobernadora Regional, Srta. Andrea Mac\u00edas Palma\u00bb.<\/p>\n<p class=\"v1MsoNormal\" style=\"text-align: justify;\"><b><u>Sedes<\/u><\/b><\/p>\n<p class=\"v1MsoNormal\" style=\"text-align: justify;\">La distribuci\u00f3n de los deportes para Ays\u00e9n 2024 qued\u00f3 de la siguiente forma: B\u00e1squetbol, V\u00f3leibol, Judo, Atletismo y Nataci\u00f3n, disciplinas que se desarrollar\u00e1n en las subsedes Coyhaique y Puerto Ays\u00e9n, en la Regi\u00f3n de Ays\u00e9n, y el F\u00fatbol\u00a0y Ciclismo, disciplinas que ser\u00e1n ejecutadas en la subsede Punta Arenas de la Regi\u00f3n de Magallanes.<\/p>\n<\/div>\n<div dir=\"ltr\">\n<div dir=\"ltr\">\n<div style=\"text-align: justify;\"><\/div>\n<\/div>\n<\/div>\n<\/div><\/section><\/div><div  style='height:50px' class='hr hr-invisible   avia-builder-el-6  el_after_av_one_full  el_before_av_social_share '><span class='hr-inner ' ><span class='hr-inner-style'><\/span><\/span><\/div><\/p>\n<div  class='av-social-sharing-box  avia-builder-el-7  el_after_av_hr  el_before_av_hr  '><div class='av-share-box'><h5 class='av-share-link-description av-no-toc '>Compartir esta noticia<\/h5><ul class='av-share-box-list noLightbox'><li class='av-share-link av-social-link-facebook' ><a target=\"_blank\" aria-label=\"Compartir en Facebook\" href='https:\/\/www.facebook.com\/sharer.php?u=https:\/\/radiorevelacionfm.cl\/?p=30527&#038;t=Ays%C3%A9n%20recibe%20la%20fiesta%20de%20los%20Juegos%20Binacionales%20Araucan%C3%ADa%202024' aria-hidden='false' data-av_icon='\ue8f3' data-av_iconfont='entypo-fontello' title='' data-avia-related-tooltip='Compartir en Facebook' rel=\"noopener\"><span class='avia_hidden_link_text'>Compartir en Facebook<\/span><\/a><\/li><li class='av-share-link av-social-link-twitter' ><a target=\"_blank\" aria-label=\"Compartir en Twitter\" href='https:\/\/twitter.com\/share?text=Ays%C3%A9n%20recibe%20la%20fiesta%20de%20los%20Juegos%20Binacionales%20Araucan%C3%ADa%202024&#038;url=https:\/\/radiorevelacionfm.cl\/?p=30527' aria-hidden='false' data-av_icon='\ue8f1' data-av_iconfont='entypo-fontello' title='' data-avia-related-tooltip='Compartir en Twitter' rel=\"noopener\"><span class='avia_hidden_link_text'>Compartir en Twitter<\/span><\/a><\/li><li class='av-share-link av-social-link-whatsapp' ><a target=\"_blank\" aria-label=\"Compartir en Whatsapp\" href='https:\/\/api.whatsapp.com\/send?text=https:\/\/radiorevelacionfm.cl\/?p=30527' aria-hidden='false' data-av_icon='\uf232' data-av_iconfont='entypo-fontello' title='' data-avia-related-tooltip='Compartir en Whatsapp' rel=\"noopener\"><span class='avia_hidden_link_text'>Compartir en Whatsapp<\/span><\/a><\/li><li class='av-share-link av-social-link-linkedin' ><a target=\"_blank\" aria-label=\"Compartir en LinkedIn\" href='https:\/\/linkedin.com\/shareArticle?mini=true&#038;title=Ays%C3%A9n%20recibe%20la%20fiesta%20de%20los%20Juegos%20Binacionales%20Araucan%C3%ADa%202024&#038;url=https:\/\/radiorevelacionfm.cl\/?p=30527' aria-hidden='false' data-av_icon='\ue8fc' data-av_iconfont='entypo-fontello' title='' data-avia-related-tooltip='Compartir en LinkedIn' rel=\"noopener\"><span class='avia_hidden_link_text'>Compartir en LinkedIn<\/span><\/a><\/li><li class='av-share-link av-social-link-mail' ><a  aria-label=\"Compartir por correo\" href='mailto:?subject=Ays%C3%A9n%20recibe%20la%20fiesta%20de%20los%20Juegos%20Binacionales%20Araucan%C3%ADa%202024&#038;body=https:\/\/radiorevelacionfm.cl\/?p=30527' aria-hidden='false' data-av_icon='\ue805' data-av_iconfont='entypo-fontello' title='' data-avia-related-tooltip='Compartir por correo'><span class='avia_hidden_link_text'>Compartir por correo<\/span><\/a><\/li><\/ul><\/div><\/div>\n<div  style='height:50px' class='hr hr-invisible   avia-builder-el-8  el_after_av_social_share  el_before_av_comments_list '><span class='hr-inner ' ><span class='hr-inner-style'><\/span><\/span><\/div>\n<div  class='av-buildercomment  av-blog-meta-html-info-disabled av-blog-meta-tag-disabled  '><\/div>\n","protected":false},"excerpt":{"rendered":"","protected":false},"author":1,"featured_media":30528,"comment_status":"open","ping_status":"open","sticky":false,"template":"","format":"standard","meta":{"footnotes":""},"categories":[40],"tags":[],"class_list":["post-30527","post","type-post","status-publish","format-standard","has-post-thumbnail","hentry","category-deportes"],"jetpack_featured_media_url":"https:\/\/radiorevelacionfm.cl\/wp-content\/uploads\/2023\/04\/1-28-1-3.jpg","_links":{"self":[{"href":"https:\/\/radiorevelacionfm.cl\/index.php?rest_route=\/wp\/v2\/posts\/30527","targetHints":{"allow":["GET"]}}],"collection":[{"href":"https:\/\/radiorevelacionfm.cl\/index.php?rest_route=\/wp\/v2\/posts"}],"about":[{"href":"https:\/\/radiorevelacionfm.cl\/index.php?rest_route=\/wp\/v2\/types\/post"}],"author":[{"embeddable":true,"href":"https:\/\/radiorevelacionfm.cl\/index.php?rest_route=\/wp\/v2\/users\/1"}],"replies":[{"embeddable":true,"href":"https:\/\/radiorevelacionfm.cl\/index.php?rest_route=%2Fwp%2Fv2%2Fcomments&post=30527"}],"version-history":[{"count":1,"href":"https:\/\/radiorevelacionfm.cl\/index.php?rest_route=\/wp\/v2\/posts\/30527\/revisions"}],"predecessor-version":[{"id":30529,"href":"https:\/\/radiorevelacionfm.cl\/index.php?rest_route=\/wp\/v2\/posts\/30527\/revisions\/30529"}],"wp:featuredmedia":[{"embeddable":true,"href":"https:\/\/radiorevelacionfm.cl\/index.php?rest_route=\/wp\/v2\/media\/30528"}],"wp:attachment":[{"href":"https:\/\/radiorevelacionfm.cl\/index.php?rest_route=%2Fwp%2Fv2%2Fmedia&parent=30527"}],"wp:term":[{"taxonomy":"category","embeddable":true,"href":"https:\/\/radiorevelacionfm.cl\/index.php?rest_route=%2Fwp%2Fv2%2Fcategories&post=30527"},{"taxonomy":"post_tag","embeddable":true,"href":"https:\/\/radiorevelacionfm.cl\/index.php?rest_route=%2Fwp%2Fv2%2Ftags&post=30527"}],"curies":[{"name":"wp","href":"https:\/\/api.w.org\/{rel}","templated":true}]}}