{"id":30524,"date":"2023-04-27T22:14:35","date_gmt":"2023-04-28T01:14:35","guid":{"rendered":"https:\/\/radiorevelacionfm.cl\/?p=30524"},"modified":"2023-04-27T22:14:35","modified_gmt":"2023-04-28T01:14:35","slug":"invitan-a-mujeres-de-la-region-de-aysen-a-postular-al-voluntariado-internacional-sobre-memoria-y-genero","status":"publish","type":"post","link":"https:\/\/radiorevelacionfm.cl\/?p=30524","title":{"rendered":"Invitan a mujeres de la regi\u00f3n de Ays\u00e9n a postular al voluntariado internacional sobre memoria y g\u00e9nero"},"content":{"rendered":"<div class=\"flex_column av_one_full  flex_column_div av-zero-column-padding first  avia-builder-el-0  el_before_av_one_full  avia-builder-el-first  \" style='border-radius:0px; '><div  class='avia-image-container  av-styling-    avia-builder-el-1  avia-builder-el-no-sibling  avia-align-center '  itemprop=\"image\" itemscope=\"itemscope\" itemtype=\"https:\/\/schema.org\/ImageObject\"  ><div class='avia-image-container-inner'><div class='avia-image-overlay-wrap'><img decoding=\"async\" class='wp-image-30525 avia-img-lazy-loading-not-30525 avia_image' src=\"https:\/\/radiorevelacionfm.cl\/wp-content\/uploads\/2023\/04\/FOTO-4-9-1-1.jpg\" alt='' title='FOTO 4 (9) (1) (1)' height=\"600\" width=\"1067\"  itemprop=\"thumbnailUrl\" srcset=\"https:\/\/radiorevelacionfm.cl\/wp-content\/uploads\/2023\/04\/FOTO-4-9-1-1.jpg 1067w, https:\/\/radiorevelacionfm.cl\/wp-content\/uploads\/2023\/04\/FOTO-4-9-1-1-300x169.jpg 300w, https:\/\/radiorevelacionfm.cl\/wp-content\/uploads\/2023\/04\/FOTO-4-9-1-1-1030x579.jpg 1030w, https:\/\/radiorevelacionfm.cl\/wp-content\/uploads\/2023\/04\/FOTO-4-9-1-1-768x432.jpg 768w, https:\/\/radiorevelacionfm.cl\/wp-content\/uploads\/2023\/04\/FOTO-4-9-1-1-705x396.jpg 705w, https:\/\/radiorevelacionfm.cl\/wp-content\/uploads\/2023\/04\/FOTO-4-9-1-1-450x253.jpg 450w, https:\/\/radiorevelacionfm.cl\/wp-content\/uploads\/2023\/04\/FOTO-4-9-1-1-600x337.jpg 600w\" sizes=\"(max-width: 1067px) 100vw, 1067px\" \/><\/div><\/div><\/div><\/div><div class=\"flex_column av_one_full  flex_column_div av-zero-column-padding first  avia-builder-el-2  el_after_av_one_full  el_before_av_one_full  column-top-margin\" style='border-radius:0px; '><section class=\"av_textblock_section \"  itemscope=\"itemscope\" itemtype=\"https:\/\/schema.org\/BlogPosting\" itemprop=\"blogPost\" ><div class='avia_textblock  '   itemprop=\"text\" ><p style=\"text-align: center;\"><strong><span style=\"font-size: 18pt;\">Invitan a mujeres de la regi\u00f3n de Ays\u00e9n a postular al voluntariado internacional sobre memoria y g\u00e9nero<\/span><\/strong><\/p>\n<div id=\"gtx-trans\" style=\"position: absolute; left: -50px; top: 4.31534px;\">\n<div class=\"gtx-trans-icon\"><\/div>\n<\/div>\n<\/div><\/section><\/div><div class=\"flex_column av_one_full  flex_column_div av-zero-column-padding first  avia-builder-el-4  el_after_av_one_full  el_before_av_hr  column-top-margin\" style='border-radius:0px; '><section class=\"av_textblock_section \"  itemscope=\"itemscope\" itemtype=\"https:\/\/schema.org\/BlogPosting\" itemprop=\"blogPost\" ><div class='avia_textblock  '   itemprop=\"text\" ><p style=\"text-align: justify;\">En el marco del Foro de Ni\u00f1os, Ni\u00f1as, Adolescentes y Juventudes de Am\u00e9rica Latina y el Caribe 2030, que se llev\u00f3 a cabo en FAO, Fundaci\u00f3n Tremendas y el Instituto Nacional de la Juventud (INJUV) lanzaron la convocatoria al proyecto de Chile del Voluntariado de la Alianza del Pac\u00edfico 2023.<\/p>\n<p style=\"text-align: justify;\">Tras la pandemia, este a\u00f1o el voluntariado vuelve a ser presencial, por lo que quienes postulen podr\u00e1n intercambiar experiencias con personas j\u00f3venes de Per\u00fa, M\u00e9xico y Colombia. El proyecto de Chile tiene por nombre \u201cJuventudes, feminismo y memoria\u201d, y busca relevar la memoria hist\u00f3rica de las lideresas sociales en los \u00faltimos 50 a\u00f1os, as\u00ed como fortalecer habilidades de incidencia y desarrollo de proyectos con enfoque de g\u00e9nero.<\/p>\n<p style=\"text-align: justify;\">La postulaci\u00f3n es hasta el 10 de mayo, y pueden participar mujeres de entre 18 y 29 a\u00f1os de Chile, M\u00e9xico, Per\u00fa y Colombia, que participen en alguna iniciativa de activismo y\/o voluntariado feminista, medioambiental, de desarrollo sostenible, cultural y\/o relacionado con derechos humanos. Los resultados ser\u00e1n publicados en la p\u00e1gina de la Alianza del Pac\u00edfico el 13 de junio 2023, y desde ah\u00ed comenzar\u00e1 la etapa de capacitaciones en formato virtual que finalizan con el encuentro presencial en el mes de agosto.<\/p>\n<p style=\"text-align: justify;\">Dada la tem\u00e1tica, el Instituto Nacional de la Juventud (INJUV) invit\u00f3 a la Fundaci\u00f3n Tremendas a ser coorganizadora de todas las actividades. \u201cPara TREMENDAS, liderar este proyecto junto a INJUV es fundamental para la consolidaci\u00f3n de un trabajo de activismo femenino colaborativo e informado que asiente sus \u00e1reas de incidencia en toda Latinoam\u00e9rica. Es fundamental abrir y consolidar espacios regionales con perspectiva de g\u00e9nero que permitan el desarrollo de las mujeres j\u00f3venes en \u00e1reas donde se nos ha hecho m\u00e1s dif\u00edcil hist\u00f3ricamente, como la pol\u00edtica y la incidencia p\u00fablica\u201d, explica Mar\u00eda Ignacia Aybar, directora ejecutiva de la organizaci\u00f3n.<\/p>\n<p style=\"text-align: justify;\">\u201cInvitamos a todas las mujeres de nuestra regi\u00f3n que se encuentren en el rango etario mencionado a inscribirse y participar en esta importante iniciativa que est\u00e1 organizada por la Fundaci\u00f3n Tremendas y el Instituto Nacional de la Juventud. Seguiremos trabajando para entregar m\u00e1s y mejores espacios de participaci\u00f3n a toda nuestra comunidad juvenil\u201d, sostuvo la directora regional (s), G\u00e9nesis Arias Fuentes.<\/p>\n<p style=\"text-align: justify;\"><strong>Voluntariados de la Alianza del Pac\u00edfico<\/strong><\/p>\n<p style=\"text-align: justify;\">El programa de Voluntariados Juveniles de la Alianza del Pac\u00edfico busca que j\u00f3venes de los pa\u00edses miembros contribuyan a superar los desaf\u00edos de la regi\u00f3n a trav\u00e9s de una experiencia formativa vivencial, que en el caso de Chile estar\u00e1 enfocada en la perspectiva de g\u00e9nero. En Colombia y M\u00e9xico, en cambio, el foco estar\u00e1 puesto en el cuidado del medio ambiente, y en Per\u00fa, en la promoci\u00f3n de una buena salud mental entre adolescentes y sus comunidades.<\/p>\n<p style=\"text-align: justify;\">La participaci\u00f3n en este programa brinda una experiencia de intercambio social y cultural enriquecedora entre personas j\u00f3venes de distintos pa\u00edses, en la que se crean v\u00ednculos significativos y se construyen propuestas de cambio ante problem\u00e1ticas sociales y ambientales que afectan a la regi\u00f3n.<\/p>\n<p style=\"text-align: justify;\">Toda postulante deber\u00e1 contar con un equipo computacional con c\u00e1mara web, conexi\u00f3n a internet y acceso a plataformas de comunicaci\u00f3n virtual para la fase de preparaci\u00f3n indicada, as\u00ed como disponibilidad para viajar y permanecer en Chile durante todo el desarrollo de la etapa de implementaci\u00f3n. Para m\u00e1s informaci\u00f3n sobre las condiciones de postulaci\u00f3n, ingresa a <a href=\"https:\/\/voluntariado.alianzapacifico.net\/\">https:\/\/voluntariado.alianzapacifico.net\/<\/a>.<\/p>\n<\/div><\/section><\/div><div  style='height:50px' class='hr hr-invisible   avia-builder-el-6  el_after_av_one_full  el_before_av_social_share '><span class='hr-inner ' ><span class='hr-inner-style'><\/span><\/span><\/div><\/p>\n<div  class='av-social-sharing-box  avia-builder-el-7  el_after_av_hr  el_before_av_hr  '><div class='av-share-box'><h5 class='av-share-link-description av-no-toc '>Compartir esta noticia<\/h5><ul class='av-share-box-list noLightbox'><li class='av-share-link av-social-link-facebook' ><a target=\"_blank\" aria-label=\"Compartir en Facebook\" href='https:\/\/www.facebook.com\/sharer.php?u=https:\/\/radiorevelacionfm.cl\/?p=30524&#038;t=Invitan%20a%20mujeres%20de%20la%20regi%C3%B3n%20de%20Ays%C3%A9n%20a%20postular%20al%20voluntariado%20internacional%20sobre%20memoria%20y%20g%C3%A9nero' aria-hidden='false' data-av_icon='\ue8f3' data-av_iconfont='entypo-fontello' title='' data-avia-related-tooltip='Compartir en Facebook' rel=\"noopener\"><span class='avia_hidden_link_text'>Compartir en Facebook<\/span><\/a><\/li><li class='av-share-link av-social-link-twitter' ><a target=\"_blank\" aria-label=\"Compartir en Twitter\" href='https:\/\/twitter.com\/share?text=Invitan%20a%20mujeres%20de%20la%20regi%C3%B3n%20de%20Ays%C3%A9n%20a%20postular%20al%20voluntariado%20internacional%20sobre%20memoria%20y%20g%C3%A9nero&#038;url=https:\/\/radiorevelacionfm.cl\/?p=30524' aria-hidden='false' data-av_icon='\ue8f1' data-av_iconfont='entypo-fontello' title='' data-avia-related-tooltip='Compartir en Twitter' rel=\"noopener\"><span class='avia_hidden_link_text'>Compartir en Twitter<\/span><\/a><\/li><li class='av-share-link av-social-link-whatsapp' ><a target=\"_blank\" aria-label=\"Compartir en Whatsapp\" href='https:\/\/api.whatsapp.com\/send?text=https:\/\/radiorevelacionfm.cl\/?p=30524' aria-hidden='false' data-av_icon='\uf232' data-av_iconfont='entypo-fontello' title='' data-avia-related-tooltip='Compartir en Whatsapp' rel=\"noopener\"><span class='avia_hidden_link_text'>Compartir en Whatsapp<\/span><\/a><\/li><li class='av-share-link av-social-link-linkedin' ><a target=\"_blank\" aria-label=\"Compartir en LinkedIn\" href='https:\/\/linkedin.com\/shareArticle?mini=true&#038;title=Invitan%20a%20mujeres%20de%20la%20regi%C3%B3n%20de%20Ays%C3%A9n%20a%20postular%20al%20voluntariado%20internacional%20sobre%20memoria%20y%20g%C3%A9nero&#038;url=https:\/\/radiorevelacionfm.cl\/?p=30524' aria-hidden='false' data-av_icon='\ue8fc' data-av_iconfont='entypo-fontello' title='' data-avia-related-tooltip='Compartir en LinkedIn' rel=\"noopener\"><span class='avia_hidden_link_text'>Compartir en LinkedIn<\/span><\/a><\/li><li class='av-share-link av-social-link-mail' ><a  aria-label=\"Compartir por correo\" href='mailto:?subject=Invitan%20a%20mujeres%20de%20la%20regi%C3%B3n%20de%20Ays%C3%A9n%20a%20postular%20al%20voluntariado%20internacional%20sobre%20memoria%20y%20g%C3%A9nero&#038;body=https:\/\/radiorevelacionfm.cl\/?p=30524' aria-hidden='false' data-av_icon='\ue805' data-av_iconfont='entypo-fontello' title='' data-avia-related-tooltip='Compartir por correo'><span class='avia_hidden_link_text'>Compartir por correo<\/span><\/a><\/li><\/ul><\/div><\/div>\n<div  style='height:50px' class='hr hr-invisible   avia-builder-el-8  el_after_av_social_share  el_before_av_comments_list '><span class='hr-inner ' ><span class='hr-inner-style'><\/span><\/span><\/div>\n<div  class='av-buildercomment  av-blog-meta-html-info-disabled av-blog-meta-tag-disabled  '><\/div>\n","protected":false},"excerpt":{"rendered":"","protected":false},"author":1,"featured_media":30525,"comment_status":"open","ping_status":"open","sticky":false,"template":"","format":"standard","meta":{"footnotes":""},"categories":[38],"tags":[],"class_list":["post-30524","post","type-post","status-publish","format-standard","has-post-thumbnail","hentry","category-regional"],"jetpack_featured_media_url":"https:\/\/radiorevelacionfm.cl\/wp-content\/uploads\/2023\/04\/FOTO-4-9-1-1.jpg","_links":{"self":[{"href":"https:\/\/radiorevelacionfm.cl\/index.php?rest_route=\/wp\/v2\/posts\/30524","targetHints":{"allow":["GET"]}}],"collection":[{"href":"https:\/\/radiorevelacionfm.cl\/index.php?rest_route=\/wp\/v2\/posts"}],"about":[{"href":"https:\/\/radiorevelacionfm.cl\/index.php?rest_route=\/wp\/v2\/types\/post"}],"author":[{"embeddable":true,"href":"https:\/\/radiorevelacionfm.cl\/index.php?rest_route=\/wp\/v2\/users\/1"}],"replies":[{"embeddable":true,"href":"https:\/\/radiorevelacionfm.cl\/index.php?rest_route=%2Fwp%2Fv2%2Fcomments&post=30524"}],"version-history":[{"count":1,"href":"https:\/\/radiorevelacionfm.cl\/index.php?rest_route=\/wp\/v2\/posts\/30524\/revisions"}],"predecessor-version":[{"id":30526,"href":"https:\/\/radiorevelacionfm.cl\/index.php?rest_route=\/wp\/v2\/posts\/30524\/revisions\/30526"}],"wp:featuredmedia":[{"embeddable":true,"href":"https:\/\/radiorevelacionfm.cl\/index.php?rest_route=\/wp\/v2\/media\/30525"}],"wp:attachment":[{"href":"https:\/\/radiorevelacionfm.cl\/index.php?rest_route=%2Fwp%2Fv2%2Fmedia&parent=30524"}],"wp:term":[{"taxonomy":"category","embeddable":true,"href":"https:\/\/radiorevelacionfm.cl\/index.php?rest_route=%2Fwp%2Fv2%2Fcategories&post=30524"},{"taxonomy":"post_tag","embeddable":true,"href":"https:\/\/radiorevelacionfm.cl\/index.php?rest_route=%2Fwp%2Fv2%2Ftags&post=30524"}],"curies":[{"name":"wp","href":"https:\/\/api.w.org\/{rel}","templated":true}]}}