{"id":30521,"date":"2023-04-27T18:28:01","date_gmt":"2023-04-27T21:28:01","guid":{"rendered":"https:\/\/radiorevelacionfm.cl\/?p=30521"},"modified":"2023-04-27T18:28:01","modified_gmt":"2023-04-27T21:28:01","slug":"pdi-invita-a-postular-a-proceso-de-admision-a-la-escuela-de-investigaciones-y-centro-de-capacitacion-profesional","status":"publish","type":"post","link":"https:\/\/radiorevelacionfm.cl\/?p=30521","title":{"rendered":"PDI invita a postular a proceso de admisi\u00f3n a la Escuela de Investigaciones y Centro de Capacitaci\u00f3n Profesional"},"content":{"rendered":"<div class=\"flex_column av_one_full  flex_column_div av-zero-column-padding first  avia-builder-el-0  el_before_av_one_full  avia-builder-el-first  \" style='border-radius:0px; '><div  class='avia-image-container  av-styling-    avia-builder-el-1  avia-builder-el-no-sibling  avia-align-center '  itemprop=\"image\" itemscope=\"itemscope\" itemtype=\"https:\/\/schema.org\/ImageObject\"  ><div class='avia-image-container-inner'><div class='avia-image-overlay-wrap'><img decoding=\"async\" class='wp-image-30522 avia-img-lazy-loading-not-30522 avia_image' src=\"https:\/\/radiorevelacionfm.cl\/wp-content\/uploads\/2023\/04\/Admision-Escuela-PDI-2024-1-1.jpeg\" alt='' title='Admisi\u00f3n Escuela PDI 2024 (1) (1)' height=\"600\" width=\"1067\"  itemprop=\"thumbnailUrl\" srcset=\"https:\/\/radiorevelacionfm.cl\/wp-content\/uploads\/2023\/04\/Admision-Escuela-PDI-2024-1-1.jpeg 1067w, https:\/\/radiorevelacionfm.cl\/wp-content\/uploads\/2023\/04\/Admision-Escuela-PDI-2024-1-1-300x169.jpeg 300w, https:\/\/radiorevelacionfm.cl\/wp-content\/uploads\/2023\/04\/Admision-Escuela-PDI-2024-1-1-1030x579.jpeg 1030w, https:\/\/radiorevelacionfm.cl\/wp-content\/uploads\/2023\/04\/Admision-Escuela-PDI-2024-1-1-768x432.jpeg 768w, https:\/\/radiorevelacionfm.cl\/wp-content\/uploads\/2023\/04\/Admision-Escuela-PDI-2024-1-1-705x396.jpeg 705w, https:\/\/radiorevelacionfm.cl\/wp-content\/uploads\/2023\/04\/Admision-Escuela-PDI-2024-1-1-450x253.jpeg 450w, https:\/\/radiorevelacionfm.cl\/wp-content\/uploads\/2023\/04\/Admision-Escuela-PDI-2024-1-1-600x337.jpeg 600w\" sizes=\"(max-width: 1067px) 100vw, 1067px\" \/><\/div><\/div><\/div><\/div><div class=\"flex_column av_one_full  flex_column_div av-zero-column-padding first  avia-builder-el-2  el_after_av_one_full  el_before_av_one_full  column-top-margin\" style='border-radius:0px; '><section class=\"av_textblock_section \"  itemscope=\"itemscope\" itemtype=\"https:\/\/schema.org\/BlogPosting\" itemprop=\"blogPost\" ><div class='avia_textblock  '   itemprop=\"text\" ><p style=\"text-align: center;\"><strong><span style=\"font-size: 18pt;\">PDI invita a postular a proceso de admisi\u00f3n a la Escuela de Investigaciones y Centro de Capacitaci\u00f3n Profesional<\/span><\/strong><\/p>\n<div id=\"gtx-trans\" style=\"position: absolute; left: -50px; top: 4.31534px;\">\n<div class=\"gtx-trans-icon\"><\/div>\n<\/div>\n<\/div><\/section><\/div><div class=\"flex_column av_one_full  flex_column_div av-zero-column-padding first  avia-builder-el-4  el_after_av_one_full  el_before_av_hr  column-top-margin\" style='border-radius:0px; '><section class=\"av_textblock_section \"  itemscope=\"itemscope\" itemtype=\"https:\/\/schema.org\/BlogPosting\" itemprop=\"blogPost\" ><div class='avia_textblock  '   itemprop=\"text\" ><p style=\"text-align: justify;\">La Polic\u00eda de Investigaciones de Chile inform\u00f3 que hasta el 24 de mayo est\u00e1 abierto el proceso de admisi\u00f3n 2024 a la Escuela de Investigaciones Policiales Presidente Arturo Alessandri Palma.<\/p>\n<p style=\"text-align: justify;\">El llamado est\u00e1 dirigido a personas entre 17 y 21 a\u00f1os que deben cumplir una serie de requisitos para convertirse en oficiales policiales profesionales de l\u00ednea y continuar una carrera dentro de la instituci\u00f3n.<\/p>\n<p style=\"text-align: justify;\">Al respecto, desde la instituci\u00f3n realizaron un llamado a informarse del proceso a trav\u00e9s del sitio web de la Escuela PDI y acercarse a los encargados del proceso en los complejos policial de Coyhaique y Puerto Ays\u00e9n para resolver dudas.<\/p>\n<p style=\"text-align: justify;\">Los interesados en postular a la polic\u00eda civil deben realizar una inscripci\u00f3n en l\u00ednea e ingresar toda la informaci\u00f3n solicitada para lo cual deben contar con su Clave \u00danica, adem\u00e1s, deber\u00e1n realizar un pago de 30 mil pesos para validar la postulaci\u00f3n.<\/p>\n<p style=\"text-align: justify;\">Las etapas del proceso consisten en una evaluaci\u00f3n psicot\u00e9cnica, psicol\u00f3gica, m\u00e9dico-dental, f\u00edsica, ingl\u00e9s, entrevista policial, declaraci\u00f3n de historial personal y PDT o PAES y NEM.<\/p>\n<p style=\"text-align: justify;\">El r\u00e9gimen de estudios contempla ocho semestres que consiste en tres a\u00f1os de estudio en r\u00e9gimen de internado, sum\u00e1ndose un cuarto a\u00f1o de formaci\u00f3n en modalidad pr\u00e1ctica profesional para obtener el t\u00edtulo profesional de Investigador Policial y convertirse en detective de la PDI.<\/p>\n<p style=\"text-align: justify;\">M\u00e1s informaci\u00f3n de todo el proceso de admisi\u00f3n en: <a href=\"http:\/\/www.escuelapdi.cl\/admision\/\">www.escuelapdi.cl\/admision\/<\/a>.<\/p>\n<p style=\"text-align: justify;\"><strong>CECAPRO<\/strong><\/p>\n<p style=\"text-align: justify;\">Adem\u00e1s, tambi\u00e9n se encuentra vigente el proceso de admisi\u00f3n para el Centro de Capacitaci\u00f3n Profesional, plantel formador de los asistentes policiales de la PDI, cuya funci\u00f3n es entregar apoyo permanente y de calidad a la investigaci\u00f3n policial.<\/p>\n<p style=\"text-align: justify;\">El curso de formaci\u00f3n tiene una duraci\u00f3n de dos a\u00f1os, el primero presencial en modalidad internado y el segundo en la modalidad b-learning. Una vez finalizado el curso, los asistentes policiales podr\u00e1n desempe\u00f1arse en diversas \u00e1reas y funciones como conducci\u00f3n policial, atenci\u00f3n de usuarios, denuncias y seguridad en complejos policiales y control y fiscalizaci\u00f3n en temas migratorios. Asimismo, a trav\u00e9s de capacitaciones pueden optar a desempe\u00f1arse en las siguientes especialidades: gu\u00eda canino, protecci\u00f3n de personas, operador t\u00e1ctico, microtr\u00e1fico cero y recuperaci\u00f3n y manejo de evidencias.<\/p>\n<p style=\"text-align: justify;\">Los postulantes deben aprobar todas las etapas del concurso, tales como prueba psicot\u00e9cnica, evaluaci\u00f3n psicolaboral, pruebas f\u00edsicas, ex\u00e1menes m\u00e9dico-dentales, entrevista policial, evaluaci\u00f3n de antecedentes personales y familiares, adem\u00e1s del puntaje NEM.<\/p>\n<p style=\"text-align: justify;\">Cabe se\u00f1alar que el proceso de inscripci\u00f3n y la formaci\u00f3n no tienen costos asociados y se realiza bajo modalidad online, m\u00e1s informaci\u00f3n sobre el proceso y los requisitos a trav\u00e9s de <a href=\"http:\/\/www.cecapro.cl\">www.cecapro.cl<\/a>.<\/p>\n<\/div><\/section><\/div><div  style='height:50px' class='hr hr-invisible   avia-builder-el-6  el_after_av_one_full  el_before_av_social_share '><span class='hr-inner ' ><span class='hr-inner-style'><\/span><\/span><\/div><\/p>\n<div  class='av-social-sharing-box  avia-builder-el-7  el_after_av_hr  el_before_av_hr  '><div class='av-share-box'><h5 class='av-share-link-description av-no-toc '>Compartir esta noticia<\/h5><ul class='av-share-box-list noLightbox'><li class='av-share-link av-social-link-facebook' ><a target=\"_blank\" aria-label=\"Compartir en Facebook\" href='https:\/\/www.facebook.com\/sharer.php?u=https:\/\/radiorevelacionfm.cl\/?p=30521&#038;t=PDI%20invita%20a%20postular%20a%20proceso%20de%20admisi%C3%B3n%20a%20la%20Escuela%20de%20Investigaciones%20y%20Centro%20de%20Capacitaci%C3%B3n%20Profesional' aria-hidden='false' data-av_icon='\ue8f3' data-av_iconfont='entypo-fontello' title='' data-avia-related-tooltip='Compartir en Facebook' rel=\"noopener\"><span class='avia_hidden_link_text'>Compartir en Facebook<\/span><\/a><\/li><li class='av-share-link av-social-link-twitter' ><a target=\"_blank\" aria-label=\"Compartir en Twitter\" href='https:\/\/twitter.com\/share?text=PDI%20invita%20a%20postular%20a%20proceso%20de%20admisi%C3%B3n%20a%20la%20Escuela%20de%20Investigaciones%20y%20Centro%20de%20Capacitaci%C3%B3n%20Profesional&#038;url=https:\/\/radiorevelacionfm.cl\/?p=30521' aria-hidden='false' data-av_icon='\ue8f1' data-av_iconfont='entypo-fontello' title='' data-avia-related-tooltip='Compartir en Twitter' rel=\"noopener\"><span class='avia_hidden_link_text'>Compartir en Twitter<\/span><\/a><\/li><li class='av-share-link av-social-link-whatsapp' ><a target=\"_blank\" aria-label=\"Compartir en Whatsapp\" href='https:\/\/api.whatsapp.com\/send?text=https:\/\/radiorevelacionfm.cl\/?p=30521' aria-hidden='false' data-av_icon='\uf232' data-av_iconfont='entypo-fontello' title='' data-avia-related-tooltip='Compartir en Whatsapp' rel=\"noopener\"><span class='avia_hidden_link_text'>Compartir en Whatsapp<\/span><\/a><\/li><li class='av-share-link av-social-link-linkedin' ><a target=\"_blank\" aria-label=\"Compartir en LinkedIn\" href='https:\/\/linkedin.com\/shareArticle?mini=true&#038;title=PDI%20invita%20a%20postular%20a%20proceso%20de%20admisi%C3%B3n%20a%20la%20Escuela%20de%20Investigaciones%20y%20Centro%20de%20Capacitaci%C3%B3n%20Profesional&#038;url=https:\/\/radiorevelacionfm.cl\/?p=30521' aria-hidden='false' data-av_icon='\ue8fc' data-av_iconfont='entypo-fontello' title='' data-avia-related-tooltip='Compartir en LinkedIn' rel=\"noopener\"><span class='avia_hidden_link_text'>Compartir en LinkedIn<\/span><\/a><\/li><li class='av-share-link av-social-link-mail' ><a  aria-label=\"Compartir por correo\" href='mailto:?subject=PDI%20invita%20a%20postular%20a%20proceso%20de%20admisi%C3%B3n%20a%20la%20Escuela%20de%20Investigaciones%20y%20Centro%20de%20Capacitaci%C3%B3n%20Profesional&#038;body=https:\/\/radiorevelacionfm.cl\/?p=30521' aria-hidden='false' data-av_icon='\ue805' data-av_iconfont='entypo-fontello' title='' data-avia-related-tooltip='Compartir por correo'><span class='avia_hidden_link_text'>Compartir por correo<\/span><\/a><\/li><\/ul><\/div><\/div>\n<div  style='height:50px' class='hr hr-invisible   avia-builder-el-8  el_after_av_social_share  el_before_av_comments_list '><span class='hr-inner ' ><span class='hr-inner-style'><\/span><\/span><\/div>\n<div  class='av-buildercomment  av-blog-meta-html-info-disabled av-blog-meta-tag-disabled  '><\/div>\n","protected":false},"excerpt":{"rendered":"","protected":false},"author":1,"featured_media":30522,"comment_status":"open","ping_status":"open","sticky":false,"template":"","format":"standard","meta":{"footnotes":""},"categories":[36],"tags":[],"class_list":["post-30521","post","type-post","status-publish","format-standard","has-post-thumbnail","hentry","category-policial"],"jetpack_featured_media_url":"https:\/\/radiorevelacionfm.cl\/wp-content\/uploads\/2023\/04\/Admision-Escuela-PDI-2024-1-1.jpeg","_links":{"self":[{"href":"https:\/\/radiorevelacionfm.cl\/index.php?rest_route=\/wp\/v2\/posts\/30521","targetHints":{"allow":["GET"]}}],"collection":[{"href":"https:\/\/radiorevelacionfm.cl\/index.php?rest_route=\/wp\/v2\/posts"}],"about":[{"href":"https:\/\/radiorevelacionfm.cl\/index.php?rest_route=\/wp\/v2\/types\/post"}],"author":[{"embeddable":true,"href":"https:\/\/radiorevelacionfm.cl\/index.php?rest_route=\/wp\/v2\/users\/1"}],"replies":[{"embeddable":true,"href":"https:\/\/radiorevelacionfm.cl\/index.php?rest_route=%2Fwp%2Fv2%2Fcomments&post=30521"}],"version-history":[{"count":1,"href":"https:\/\/radiorevelacionfm.cl\/index.php?rest_route=\/wp\/v2\/posts\/30521\/revisions"}],"predecessor-version":[{"id":30523,"href":"https:\/\/radiorevelacionfm.cl\/index.php?rest_route=\/wp\/v2\/posts\/30521\/revisions\/30523"}],"wp:featuredmedia":[{"embeddable":true,"href":"https:\/\/radiorevelacionfm.cl\/index.php?rest_route=\/wp\/v2\/media\/30522"}],"wp:attachment":[{"href":"https:\/\/radiorevelacionfm.cl\/index.php?rest_route=%2Fwp%2Fv2%2Fmedia&parent=30521"}],"wp:term":[{"taxonomy":"category","embeddable":true,"href":"https:\/\/radiorevelacionfm.cl\/index.php?rest_route=%2Fwp%2Fv2%2Fcategories&post=30521"},{"taxonomy":"post_tag","embeddable":true,"href":"https:\/\/radiorevelacionfm.cl\/index.php?rest_route=%2Fwp%2Fv2%2Ftags&post=30521"}],"curies":[{"name":"wp","href":"https:\/\/api.w.org\/{rel}","templated":true}]}}