{"id":30518,"date":"2023-04-28T16:25:58","date_gmt":"2023-04-28T19:25:58","guid":{"rendered":"https:\/\/radiorevelacionfm.cl\/?p=30518"},"modified":"2023-04-28T16:25:58","modified_gmt":"2023-04-28T19:25:58","slug":"formalizan-la-creacion-de-la-agrupacion-de-trabajadores-de-la-musica-de-aysen-trama","status":"publish","type":"post","link":"https:\/\/radiorevelacionfm.cl\/?p=30518","title":{"rendered":"Formalizan la creaci\u00f3n de la Agrupaci\u00f3n de Trabajadores de la M\u00fasica de Ays\u00e9n, TRAMA"},"content":{"rendered":"<div class=\"flex_column av_one_full  flex_column_div av-zero-column-padding first  avia-builder-el-0  el_before_av_one_full  avia-builder-el-first  \" style='border-radius:0px; '><div  class='avia-image-container  av-styling-    avia-builder-el-1  avia-builder-el-no-sibling  avia-align-center '  itemprop=\"image\" itemscope=\"itemscope\" itemtype=\"https:\/\/schema.org\/ImageObject\"  ><div class='avia-image-container-inner'><div class='avia-image-overlay-wrap'><img decoding=\"async\" class='wp-image-30519 avia-img-lazy-loading-not-30519 avia_image' src=\"https:\/\/radiorevelacionfm.cl\/wp-content\/uploads\/2023\/04\/trama-1_optimized.jpeg\" alt='' title='trama--(1)_optimized' height=\"600\" width=\"974\"  itemprop=\"thumbnailUrl\" srcset=\"https:\/\/radiorevelacionfm.cl\/wp-content\/uploads\/2023\/04\/trama-1_optimized.jpeg 974w, https:\/\/radiorevelacionfm.cl\/wp-content\/uploads\/2023\/04\/trama-1_optimized-300x185.jpeg 300w, https:\/\/radiorevelacionfm.cl\/wp-content\/uploads\/2023\/04\/trama-1_optimized-768x473.jpeg 768w, https:\/\/radiorevelacionfm.cl\/wp-content\/uploads\/2023\/04\/trama-1_optimized-705x434.jpeg 705w, https:\/\/radiorevelacionfm.cl\/wp-content\/uploads\/2023\/04\/trama-1_optimized-450x277.jpeg 450w, https:\/\/radiorevelacionfm.cl\/wp-content\/uploads\/2023\/04\/trama-1_optimized-600x370.jpeg 600w\" sizes=\"(max-width: 974px) 100vw, 974px\" \/><\/div><\/div><\/div><\/div><div class=\"flex_column av_one_full  flex_column_div av-zero-column-padding first  avia-builder-el-2  el_after_av_one_full  el_before_av_one_full  column-top-margin\" style='border-radius:0px; '><section class=\"av_textblock_section \"  itemscope=\"itemscope\" itemtype=\"https:\/\/schema.org\/BlogPosting\" itemprop=\"blogPost\" ><div class='avia_textblock  '   itemprop=\"text\" ><p style=\"text-align: center;\"><strong><span style=\"font-size: 18pt;\">Formalizan la creaci\u00f3n de la Agrupaci\u00f3n de Trabajadores de la M\u00fasica de Ays\u00e9n, TRAMA<\/span><\/strong><\/p>\n<div id=\"gtx-trans\" style=\"position: absolute; left: -50px; top: 4.31534px;\">\n<div class=\"gtx-trans-icon\"><\/div>\n<\/div>\n<\/div><\/section><\/div><div class=\"flex_column av_one_full  flex_column_div av-zero-column-padding first  avia-builder-el-4  el_after_av_one_full  el_before_av_hr  column-top-margin\" style='border-radius:0px; '><section class=\"av_textblock_section \"  itemscope=\"itemscope\" itemtype=\"https:\/\/schema.org\/BlogPosting\" itemprop=\"blogPost\" ><div class='avia_textblock  '   itemprop=\"text\" ><p style=\"text-align: justify;\">El pasado jueves 20, bajo el alero de la Ilustre Municipalidad de Coyhaique este nuevo organismo, que re\u00fane a los trabajadores de la industria musical local, nace para resguardar la escena y abrir espacios para la creaci\u00f3n y ejecuci\u00f3n musical.<\/p>\n<p style=\"text-align: justify;\">Una positiva noticia para todos los que trabajan en torno a la escena de la m\u00fasica a nivel local surge en Coyhaique con la constituci\u00f3n y formalizaci\u00f3n de la Agrupaci\u00f3n de los Trabajadores de la M\u00fasica Ays\u00e9n, TRAMA, la que luego de diversas instancias de dialogo y camarader\u00eda entre m\u00fasicos, t\u00e9cnicos y audiovisualistas deciden potenciar la industria musical local y dar vida a esta nueva organizaci\u00f3n que nace con personalidad jur\u00eddica a trav\u00e9s del municipio de Coyhaique.<\/p>\n<p style=\"text-align: justify;\">As\u00ed lo dio a conocer su primer presidente, Juan Fern\u00e1ndez, quien destac\u00f3 la organizaci\u00f3n de sus pares por lograr los objetivos que visualizan a mediano plazo.\u00bb Hace a\u00f1os que venimos hablando de formar esta agrupaci\u00f3n y hoy, por fin lo hemos realizado. Esto servir\u00e1 mucho para poder organizarnos, postular a proyectos y, por sobre todo, a profesionalizar nuestro trabajo, creo que debemos estar unidos para lograr las cosas. Este es el primero de muchos pasos que vendr\u00e1n\u00bb, destac\u00f3 el dirigente.<\/p>\n<p style=\"text-align: justify;\">Fern\u00e1ndez dijo que con esta agrupaci\u00f3n se lograr\u00e1 visibilizar a\u00fan m\u00e1s las problem\u00e1ticas del sector con el fin de profesionalizar la escena local y abrir as\u00ed m\u00e1s espacios para la creaci\u00f3n y ejecuci\u00f3n musical.<\/p>\n<p style=\"text-align: justify;\">La nueva directiva de TRAMA est\u00e1 constituida por su presidente Juan Fern\u00e1ndez, profesor, m\u00fasico y gestor cultural, como secretaria la trabajadora social, cantante y gestora cultural, Bel\u00e9n Saldivia y como tesorero el reconocido m\u00fasico local Marcos Zu\u00f1iga.<\/p>\n<p style=\"text-align: justify;\">Si deseas seguir el trabajo de esta esta agrupaci\u00f3n en redes sociales, en Instagram la encuentras por @trabajadoresdelamusicaaysen\u00a0 y en Facebook por Trabajadores de la M\u00fasica Ays\u00e9n TRAMA.<\/p>\n<p style=\"text-align: justify;\">Para ser parte de esta nueva agrupaci\u00f3n te puedes contactar a trav\u00e9s del correo\u00a0<a href=\"mailto:contacto.trama.patagonia@gmail.com\" rel=\"noreferrer\">contacto.trama.patagonia@gmail.com<\/a><\/p>\n<\/div><\/section><\/div><div  style='height:50px' class='hr hr-invisible   avia-builder-el-6  el_after_av_one_full  el_before_av_social_share '><span class='hr-inner ' ><span class='hr-inner-style'><\/span><\/span><\/div><\/p>\n<div  class='av-social-sharing-box  avia-builder-el-7  el_after_av_hr  el_before_av_hr  '><div class='av-share-box'><h5 class='av-share-link-description av-no-toc '>Compartir esta noticia<\/h5><ul class='av-share-box-list noLightbox'><li class='av-share-link av-social-link-facebook' ><a target=\"_blank\" aria-label=\"Compartir en Facebook\" href='https:\/\/www.facebook.com\/sharer.php?u=https:\/\/radiorevelacionfm.cl\/?p=30518&#038;t=Formalizan%20la%20creaci%C3%B3n%20de%20la%20Agrupaci%C3%B3n%20de%20Trabajadores%20de%20la%20M%C3%BAsica%20de%20Ays%C3%A9n%2C%20TRAMA' aria-hidden='false' data-av_icon='\ue8f3' data-av_iconfont='entypo-fontello' title='' data-avia-related-tooltip='Compartir en Facebook' rel=\"noopener\"><span class='avia_hidden_link_text'>Compartir en Facebook<\/span><\/a><\/li><li class='av-share-link av-social-link-twitter' ><a target=\"_blank\" aria-label=\"Compartir en Twitter\" href='https:\/\/twitter.com\/share?text=Formalizan%20la%20creaci%C3%B3n%20de%20la%20Agrupaci%C3%B3n%20de%20Trabajadores%20de%20la%20M%C3%BAsica%20de%20Ays%C3%A9n%2C%20TRAMA&#038;url=https:\/\/radiorevelacionfm.cl\/?p=30518' aria-hidden='false' data-av_icon='\ue8f1' data-av_iconfont='entypo-fontello' title='' data-avia-related-tooltip='Compartir en Twitter' rel=\"noopener\"><span class='avia_hidden_link_text'>Compartir en Twitter<\/span><\/a><\/li><li class='av-share-link av-social-link-whatsapp' ><a target=\"_blank\" aria-label=\"Compartir en Whatsapp\" href='https:\/\/api.whatsapp.com\/send?text=https:\/\/radiorevelacionfm.cl\/?p=30518' aria-hidden='false' data-av_icon='\uf232' data-av_iconfont='entypo-fontello' title='' data-avia-related-tooltip='Compartir en Whatsapp' rel=\"noopener\"><span class='avia_hidden_link_text'>Compartir en Whatsapp<\/span><\/a><\/li><li class='av-share-link av-social-link-linkedin' ><a target=\"_blank\" aria-label=\"Compartir en LinkedIn\" href='https:\/\/linkedin.com\/shareArticle?mini=true&#038;title=Formalizan%20la%20creaci%C3%B3n%20de%20la%20Agrupaci%C3%B3n%20de%20Trabajadores%20de%20la%20M%C3%BAsica%20de%20Ays%C3%A9n%2C%20TRAMA&#038;url=https:\/\/radiorevelacionfm.cl\/?p=30518' aria-hidden='false' data-av_icon='\ue8fc' data-av_iconfont='entypo-fontello' title='' data-avia-related-tooltip='Compartir en LinkedIn' rel=\"noopener\"><span class='avia_hidden_link_text'>Compartir en LinkedIn<\/span><\/a><\/li><li class='av-share-link av-social-link-mail' ><a  aria-label=\"Compartir por correo\" href='mailto:?subject=Formalizan%20la%20creaci%C3%B3n%20de%20la%20Agrupaci%C3%B3n%20de%20Trabajadores%20de%20la%20M%C3%BAsica%20de%20Ays%C3%A9n%2C%20TRAMA&#038;body=https:\/\/radiorevelacionfm.cl\/?p=30518' aria-hidden='false' data-av_icon='\ue805' data-av_iconfont='entypo-fontello' title='' data-avia-related-tooltip='Compartir por correo'><span class='avia_hidden_link_text'>Compartir por correo<\/span><\/a><\/li><\/ul><\/div><\/div>\n<div  style='height:50px' class='hr hr-invisible   avia-builder-el-8  el_after_av_social_share  el_before_av_comments_list '><span class='hr-inner ' ><span class='hr-inner-style'><\/span><\/span><\/div>\n<div  class='av-buildercomment  av-blog-meta-html-info-disabled av-blog-meta-tag-disabled  '><\/div>\n","protected":false},"excerpt":{"rendered":"","protected":false},"author":1,"featured_media":30519,"comment_status":"open","ping_status":"open","sticky":false,"template":"","format":"standard","meta":{"footnotes":""},"categories":[43],"tags":[],"class_list":["post-30518","post","type-post","status-publish","format-standard","has-post-thumbnail","hentry","category-musica"],"jetpack_featured_media_url":"https:\/\/radiorevelacionfm.cl\/wp-content\/uploads\/2023\/04\/trama-1_optimized.jpeg","_links":{"self":[{"href":"https:\/\/radiorevelacionfm.cl\/index.php?rest_route=\/wp\/v2\/posts\/30518","targetHints":{"allow":["GET"]}}],"collection":[{"href":"https:\/\/radiorevelacionfm.cl\/index.php?rest_route=\/wp\/v2\/posts"}],"about":[{"href":"https:\/\/radiorevelacionfm.cl\/index.php?rest_route=\/wp\/v2\/types\/post"}],"author":[{"embeddable":true,"href":"https:\/\/radiorevelacionfm.cl\/index.php?rest_route=\/wp\/v2\/users\/1"}],"replies":[{"embeddable":true,"href":"https:\/\/radiorevelacionfm.cl\/index.php?rest_route=%2Fwp%2Fv2%2Fcomments&post=30518"}],"version-history":[{"count":1,"href":"https:\/\/radiorevelacionfm.cl\/index.php?rest_route=\/wp\/v2\/posts\/30518\/revisions"}],"predecessor-version":[{"id":30520,"href":"https:\/\/radiorevelacionfm.cl\/index.php?rest_route=\/wp\/v2\/posts\/30518\/revisions\/30520"}],"wp:featuredmedia":[{"embeddable":true,"href":"https:\/\/radiorevelacionfm.cl\/index.php?rest_route=\/wp\/v2\/media\/30519"}],"wp:attachment":[{"href":"https:\/\/radiorevelacionfm.cl\/index.php?rest_route=%2Fwp%2Fv2%2Fmedia&parent=30518"}],"wp:term":[{"taxonomy":"category","embeddable":true,"href":"https:\/\/radiorevelacionfm.cl\/index.php?rest_route=%2Fwp%2Fv2%2Fcategories&post=30518"},{"taxonomy":"post_tag","embeddable":true,"href":"https:\/\/radiorevelacionfm.cl\/index.php?rest_route=%2Fwp%2Fv2%2Ftags&post=30518"}],"curies":[{"name":"wp","href":"https:\/\/api.w.org\/{rel}","templated":true}]}}