{"id":30515,"date":"2023-04-27T16:47:26","date_gmt":"2023-04-27T19:47:26","guid":{"rendered":"https:\/\/radiorevelacionfm.cl\/?p=30515"},"modified":"2023-04-27T16:47:26","modified_gmt":"2023-04-27T19:47:26","slug":"cuatro-proyectos-regionales-se-adjudican-el-fondo-del-patrimonio-cultural","status":"publish","type":"post","link":"https:\/\/radiorevelacionfm.cl\/?p=30515","title":{"rendered":"Cuatro proyectos regionales se adjudican el Fondo del Patrimonio Cultural"},"content":{"rendered":"<div class=\"flex_column av_one_full  flex_column_div av-zero-column-padding first  avia-builder-el-0  el_before_av_one_full  avia-builder-el-first  \" style='border-radius:0px; '><div  class='avia-image-container  av-styling-    avia-builder-el-1  avia-builder-el-no-sibling  avia-align-center '  itemprop=\"image\" itemscope=\"itemscope\" itemtype=\"https:\/\/schema.org\/ImageObject\"  ><div class='avia-image-container-inner'><div class='avia-image-overlay-wrap'><img decoding=\"async\" class='wp-image-30516 avia-img-lazy-loading-not-30516 avia_image' src=\"https:\/\/radiorevelacionfm.cl\/wp-content\/uploads\/2023\/04\/fpc-3-1-1_optimized-1.jpg\" alt='' title='fpc-3-(1)-(1)_optimized (1)' height=\"600\" width=\"1126\"  itemprop=\"thumbnailUrl\" srcset=\"https:\/\/radiorevelacionfm.cl\/wp-content\/uploads\/2023\/04\/fpc-3-1-1_optimized-1.jpg 1126w, https:\/\/radiorevelacionfm.cl\/wp-content\/uploads\/2023\/04\/fpc-3-1-1_optimized-1-300x160.jpg 300w, https:\/\/radiorevelacionfm.cl\/wp-content\/uploads\/2023\/04\/fpc-3-1-1_optimized-1-1030x549.jpg 1030w, https:\/\/radiorevelacionfm.cl\/wp-content\/uploads\/2023\/04\/fpc-3-1-1_optimized-1-768x409.jpg 768w, https:\/\/radiorevelacionfm.cl\/wp-content\/uploads\/2023\/04\/fpc-3-1-1_optimized-1-705x376.jpg 705w, https:\/\/radiorevelacionfm.cl\/wp-content\/uploads\/2023\/04\/fpc-3-1-1_optimized-1-450x240.jpg 450w, https:\/\/radiorevelacionfm.cl\/wp-content\/uploads\/2023\/04\/fpc-3-1-1_optimized-1-600x320.jpg 600w\" sizes=\"(max-width: 1126px) 100vw, 1126px\" \/><\/div><\/div><\/div><\/div><div class=\"flex_column av_one_full  flex_column_div av-zero-column-padding first  avia-builder-el-2  el_after_av_one_full  el_before_av_one_full  column-top-margin\" style='border-radius:0px; '><section class=\"av_textblock_section \"  itemscope=\"itemscope\" itemtype=\"https:\/\/schema.org\/BlogPosting\" itemprop=\"blogPost\" ><div class='avia_textblock  '   itemprop=\"text\" ><p class=\"Cuerpo\" style=\"text-align: center;\"><span style=\"font-size: 18pt;\"><b><span lang=\"ES-TRAD\">Cuatro proyectos regionales se adjudican el Fondo del Patrimonio Cultural<\/span><\/b><\/span><\/p>\n<div id=\"gtx-trans\" style=\"position: absolute; left: -50px; top: 4.31534px;\">\n<div class=\"gtx-trans-icon\"><\/div>\n<\/div>\n<\/div><\/section><\/div><div class=\"flex_column av_one_full  flex_column_div av-zero-column-padding first  avia-builder-el-4  el_after_av_one_full  el_before_av_hr  column-top-margin\" style='border-radius:0px; '><section class=\"av_textblock_section \"  itemscope=\"itemscope\" itemtype=\"https:\/\/schema.org\/BlogPosting\" itemprop=\"blogPost\" ><div class='avia_textblock  '   itemprop=\"text\" ><p style=\"text-align: justify;\">La convocatoria 2022 del Fondo de Patrimonio Cultural seleccion\u00f3 71 proyectos en todo el pa\u00eds, 4 de ellos en la Regi\u00f3n de Ays\u00e9n. Se trata de la cuarta versi\u00f3n de este fondo que entrega el Servicio Nacional del Patrimonio Cultural y que este a\u00f1o entrega un total de $1.927.975.580.<\/p>\n<p style=\"text-align: justify;\">Jos\u00e9 Mansilla, director (s) de Patrimonio Cultural en la Regi\u00f3n de Ays\u00e9n, se mostr\u00f3 satisfecho con los resultados de la convocatoria 2022 del Fondo del Patrimonio: \u201cNos parece fundamental que tengamos este a\u00f1o 4 proyectos, 2 m\u00e1s que el a\u00f1o pasado, y tambi\u00e9n que tengamos orientaciones que no necesariamente se resuelven dentro de los marcos m\u00e1s conocidos del patrimonio, sino que tambi\u00e9n abarcan otras \u00e1reas. En el caso de los proyectos que hemos visto ac\u00e1 seleccionados, hay una relaci\u00f3n entre el patrimonio inmaterial y el patrimonio natural, lo que permite entonces que podamos explorar los patrimonios desde distintas perspectivas. Estos proyectos tambi\u00e9n nos permiten investigar a los territorios en profundidad, conocer m\u00e1s de lo que est\u00e1 sucediendo en los territorios con sus habitantes, con las personas, y generar un mayor sentido de pertenencia e identidad\u201d.<\/p>\n<p style=\"text-align: justify;\">Los proyectos regionales destacan por su variedad y por su fuerte vinculaci\u00f3n con la identidad y el territorio. El primero de ellos es un \u201cEstudio y levantamiento de informaci\u00f3n para el desarrollo de un modelo de gesti\u00f3n comunitario para la colecci\u00f3n naturalista <em>Inara<\/em> del Museo de Puerto R\u00edo Tranquilo\u201d, presentado por la fundaci\u00f3n\u00a0 \u201cAys\u00e9n mira al mar\u201d.<\/p>\n<p style=\"text-align: justify;\">Tambi\u00e9n se adjudic\u00f3 este fondo la investigaci\u00f3n: \u201cMedicina herbal y usos de la naturaleza en la cuenca del Baker\u201d. Al respecto, Karina Garrido, parte del equipo, dijo que \u201crecibimos esta noticia s\u00faper contentos porque para nosotros es muy relevante. Actualmente estamos ejecutando un Fondo del Patrimonio que est\u00e1 directamente relacionado con este; queremos abarcar m\u00e1s territorio. Estamos rescatando la medicina herbal y sus usos y viendo c\u00f3mo la sanaci\u00f3n de la medicina se hace propia en los saberes de las comunidades. Nos dimos cuenta de que la mayor\u00eda de las personas que habitan todav\u00eda en Caleta Tortel tambi\u00e9n en su momento, tuvieron que migrar a localidades que quedan un poco m\u00e1s cerca o que tienen mejores condiciones, entonces la mayor\u00eda de las personas mayores se asentaron en Cochrane o en las localidades cercanas y eso es a lo que queremos apuntar ahora, de poder seguir esta l\u00ednea y abarcar la mayor cantidad posible de gente a trav\u00e9s de entrevistas\u201d.<\/p>\n<p style=\"text-align: justify;\">El tercer proyecto se denomina \u201cRukan\u201d presentado por la Asociaci\u00f3n Ind\u00edgena Millarai de Puerto Cisnes. Seg\u00fan una de las gestoras, Pamela Contreras, \u00abresponde principalmente a la necesidad de rescatar saberes ancestrales que se han perdido en el tiempo. De esta manera, estudiar y aprender sobre las t\u00e9cnicas de preparaci\u00f3n de un rukan y la ceremonia que envuelve esta pr\u00e1ctica en torno a la construcci\u00f3n de una ruca, ya que sus t\u00e9cnicas de armado se han perdido entre nosotros. Solo hay ideas vagas de c\u00f3mo se realiza este proceso. Por eso es tan importante para nosotros habernos adjudicado este proyecto porque eso nos permite traspasarlo a las nuevas generaciones, quienes tienen un total desconocimiento de esta pr\u00e1ctica. Estamos muy contentos de adjudicarnos estos fondos y sacar adelante esta idea que hac\u00eda mucho tiempo que rondaba entre nosotros\u201d.<\/p>\n<p style=\"text-align: justify;\">El cuarto proyecto regional seleccionado es \u201cArtes de la Naturaleza en Ays\u00e9n. Cuaderno de Campo para la Conservaci\u00f3n del Patrimonio Biocultural\u201d. Al respecto, Angela Merello, integrante del equipo ejecutante, dijo que \u201cestamos motivados prepar\u00e1ndonos para este desaf\u00edo, para abordar tem\u00e1ticas ligadas a la artesan\u00eda en conjunto con la AG Artesanos de Ays\u00e9n. Buscamos promover la puesta en valor de pr\u00e1cticas artesanales para la elaboraci\u00f3n de material pedag\u00f3gico que pueda ser abordado desde la educaci\u00f3n patrimonial y desde la educaci\u00f3n no formal. Estas pr\u00e1cticas artesanales las entendemos como representativas de un patrimonio biocultural que queremos relevar\u201d.<\/p>\n<\/div><\/section><\/div><div  style='height:50px' class='hr hr-invisible   avia-builder-el-6  el_after_av_one_full  el_before_av_social_share '><span class='hr-inner ' ><span class='hr-inner-style'><\/span><\/span><\/div><\/p>\n<div  class='av-social-sharing-box  avia-builder-el-7  el_after_av_hr  el_before_av_hr  '><div class='av-share-box'><h5 class='av-share-link-description av-no-toc '>Compartir esta noticia<\/h5><ul class='av-share-box-list noLightbox'><li class='av-share-link av-social-link-facebook' ><a target=\"_blank\" aria-label=\"Compartir en Facebook\" href='https:\/\/www.facebook.com\/sharer.php?u=https:\/\/radiorevelacionfm.cl\/?p=30515&#038;t=Cuatro%20proyectos%20regionales%20se%20adjudican%20el%20Fondo%20del%20Patrimonio%20Cultural' aria-hidden='false' data-av_icon='\ue8f3' data-av_iconfont='entypo-fontello' title='' data-avia-related-tooltip='Compartir en Facebook' rel=\"noopener\"><span class='avia_hidden_link_text'>Compartir en Facebook<\/span><\/a><\/li><li class='av-share-link av-social-link-twitter' ><a target=\"_blank\" aria-label=\"Compartir en Twitter\" href='https:\/\/twitter.com\/share?text=Cuatro%20proyectos%20regionales%20se%20adjudican%20el%20Fondo%20del%20Patrimonio%20Cultural&#038;url=https:\/\/radiorevelacionfm.cl\/?p=30515' aria-hidden='false' data-av_icon='\ue8f1' data-av_iconfont='entypo-fontello' title='' data-avia-related-tooltip='Compartir en Twitter' rel=\"noopener\"><span class='avia_hidden_link_text'>Compartir en Twitter<\/span><\/a><\/li><li class='av-share-link av-social-link-whatsapp' ><a target=\"_blank\" aria-label=\"Compartir en Whatsapp\" href='https:\/\/api.whatsapp.com\/send?text=https:\/\/radiorevelacionfm.cl\/?p=30515' aria-hidden='false' data-av_icon='\uf232' data-av_iconfont='entypo-fontello' title='' data-avia-related-tooltip='Compartir en Whatsapp' rel=\"noopener\"><span class='avia_hidden_link_text'>Compartir en Whatsapp<\/span><\/a><\/li><li class='av-share-link av-social-link-linkedin' ><a target=\"_blank\" aria-label=\"Compartir en LinkedIn\" href='https:\/\/linkedin.com\/shareArticle?mini=true&#038;title=Cuatro%20proyectos%20regionales%20se%20adjudican%20el%20Fondo%20del%20Patrimonio%20Cultural&#038;url=https:\/\/radiorevelacionfm.cl\/?p=30515' aria-hidden='false' data-av_icon='\ue8fc' data-av_iconfont='entypo-fontello' title='' data-avia-related-tooltip='Compartir en LinkedIn' rel=\"noopener\"><span class='avia_hidden_link_text'>Compartir en LinkedIn<\/span><\/a><\/li><li class='av-share-link av-social-link-mail' ><a  aria-label=\"Compartir por correo\" href='mailto:?subject=Cuatro%20proyectos%20regionales%20se%20adjudican%20el%20Fondo%20del%20Patrimonio%20Cultural&#038;body=https:\/\/radiorevelacionfm.cl\/?p=30515' aria-hidden='false' data-av_icon='\ue805' data-av_iconfont='entypo-fontello' title='' data-avia-related-tooltip='Compartir por correo'><span class='avia_hidden_link_text'>Compartir por correo<\/span><\/a><\/li><\/ul><\/div><\/div>\n<div  style='height:50px' class='hr hr-invisible   avia-builder-el-8  el_after_av_social_share  el_before_av_comments_list '><span class='hr-inner ' ><span class='hr-inner-style'><\/span><\/span><\/div>\n<div  class='av-buildercomment  av-blog-meta-html-info-disabled av-blog-meta-tag-disabled  '><\/div>\n","protected":false},"excerpt":{"rendered":"","protected":false},"author":1,"featured_media":30516,"comment_status":"open","ping_status":"open","sticky":false,"template":"","format":"standard","meta":{"footnotes":""},"categories":[52],"tags":[],"class_list":["post-30515","post","type-post","status-publish","format-standard","has-post-thumbnail","hentry","category-cultura"],"jetpack_featured_media_url":"https:\/\/radiorevelacionfm.cl\/wp-content\/uploads\/2023\/04\/fpc-3-1-1_optimized-1.jpg","_links":{"self":[{"href":"https:\/\/radiorevelacionfm.cl\/index.php?rest_route=\/wp\/v2\/posts\/30515","targetHints":{"allow":["GET"]}}],"collection":[{"href":"https:\/\/radiorevelacionfm.cl\/index.php?rest_route=\/wp\/v2\/posts"}],"about":[{"href":"https:\/\/radiorevelacionfm.cl\/index.php?rest_route=\/wp\/v2\/types\/post"}],"author":[{"embeddable":true,"href":"https:\/\/radiorevelacionfm.cl\/index.php?rest_route=\/wp\/v2\/users\/1"}],"replies":[{"embeddable":true,"href":"https:\/\/radiorevelacionfm.cl\/index.php?rest_route=%2Fwp%2Fv2%2Fcomments&post=30515"}],"version-history":[{"count":1,"href":"https:\/\/radiorevelacionfm.cl\/index.php?rest_route=\/wp\/v2\/posts\/30515\/revisions"}],"predecessor-version":[{"id":30517,"href":"https:\/\/radiorevelacionfm.cl\/index.php?rest_route=\/wp\/v2\/posts\/30515\/revisions\/30517"}],"wp:featuredmedia":[{"embeddable":true,"href":"https:\/\/radiorevelacionfm.cl\/index.php?rest_route=\/wp\/v2\/media\/30516"}],"wp:attachment":[{"href":"https:\/\/radiorevelacionfm.cl\/index.php?rest_route=%2Fwp%2Fv2%2Fmedia&parent=30515"}],"wp:term":[{"taxonomy":"category","embeddable":true,"href":"https:\/\/radiorevelacionfm.cl\/index.php?rest_route=%2Fwp%2Fv2%2Fcategories&post=30515"},{"taxonomy":"post_tag","embeddable":true,"href":"https:\/\/radiorevelacionfm.cl\/index.php?rest_route=%2Fwp%2Fv2%2Ftags&post=30515"}],"curies":[{"name":"wp","href":"https:\/\/api.w.org\/{rel}","templated":true}]}}