{"id":30511,"date":"2023-04-27T15:58:58","date_gmt":"2023-04-27T18:58:58","guid":{"rendered":"https:\/\/radiorevelacionfm.cl\/?p=30511"},"modified":"2023-04-27T15:58:58","modified_gmt":"2023-04-27T18:58:58","slug":"clinica-alemana-y-hospital-coyhaique-se-unen-en-la-ix-jornada-de-avances-en-cancer-de-mama","status":"publish","type":"post","link":"https:\/\/radiorevelacionfm.cl\/?p=30511","title":{"rendered":"Cl\u00ednica Alemana y Hospital Coyhaique se unen en la \u201cIX Jornada de Avances en c\u00e1ncer de mama\u201d"},"content":{"rendered":"<div class=\"flex_column av_one_full  flex_column_div av-zero-column-padding first  avia-builder-el-0  el_before_av_one_full  avia-builder-el-first  \" style='border-radius:0px; '><div  class='avia-image-container  av-styling-    avia-builder-el-1  avia-builder-el-no-sibling  avia-align-center '  itemprop=\"image\" itemscope=\"itemscope\" itemtype=\"https:\/\/schema.org\/ImageObject\"  ><div class='avia-image-container-inner'><div class='avia-image-overlay-wrap'><img decoding=\"async\" class='wp-image-30513 avia-img-lazy-loading-not-30513 avia_image' src=\"https:\/\/radiorevelacionfm.cl\/wp-content\/uploads\/2023\/04\/ix-jornada-cancer-mama-1-1-1_optimized-1.jpg\" alt='' title='ix-jornada-cancer-mama-(1)-(1)-(1)_optimized (1)' height=\"600\" width=\"1285\"  itemprop=\"thumbnailUrl\" srcset=\"https:\/\/radiorevelacionfm.cl\/wp-content\/uploads\/2023\/04\/ix-jornada-cancer-mama-1-1-1_optimized-1.jpg 1285w, https:\/\/radiorevelacionfm.cl\/wp-content\/uploads\/2023\/04\/ix-jornada-cancer-mama-1-1-1_optimized-1-300x140.jpg 300w, https:\/\/radiorevelacionfm.cl\/wp-content\/uploads\/2023\/04\/ix-jornada-cancer-mama-1-1-1_optimized-1-1030x481.jpg 1030w, https:\/\/radiorevelacionfm.cl\/wp-content\/uploads\/2023\/04\/ix-jornada-cancer-mama-1-1-1_optimized-1-768x359.jpg 768w, https:\/\/radiorevelacionfm.cl\/wp-content\/uploads\/2023\/04\/ix-jornada-cancer-mama-1-1-1_optimized-1-705x329.jpg 705w, https:\/\/radiorevelacionfm.cl\/wp-content\/uploads\/2023\/04\/ix-jornada-cancer-mama-1-1-1_optimized-1-450x210.jpg 450w, https:\/\/radiorevelacionfm.cl\/wp-content\/uploads\/2023\/04\/ix-jornada-cancer-mama-1-1-1_optimized-1-600x280.jpg 600w\" sizes=\"(max-width: 1285px) 100vw, 1285px\" \/><\/div><\/div><\/div><\/div><div class=\"flex_column av_one_full  flex_column_div av-zero-column-padding first  avia-builder-el-2  el_after_av_one_full  el_before_av_one_full  column-top-margin\" style='border-radius:0px; '><section class=\"av_textblock_section \"  itemscope=\"itemscope\" itemtype=\"https:\/\/schema.org\/BlogPosting\" itemprop=\"blogPost\" ><div class='avia_textblock  '   itemprop=\"text\" ><p style=\"text-align: center;\"><strong><span style=\"font-size: 18pt;\">Cl\u00ednica Alemana y Hospital Coyhaique se unen en la \u201cIX Jornada de Avances en c\u00e1ncer de mama\u201d<\/span><\/strong><\/p>\n<div id=\"gtx-trans\" style=\"position: absolute; left: -50px; top: 4.31534px;\">\n<div class=\"gtx-trans-icon\"><\/div>\n<\/div>\n<\/div><\/section><\/div><div class=\"flex_column av_one_full  flex_column_div av-zero-column-padding first  avia-builder-el-4  el_after_av_one_full  el_before_av_hr  column-top-margin\" style='border-radius:0px; '><section class=\"av_textblock_section \"  itemscope=\"itemscope\" itemtype=\"https:\/\/schema.org\/BlogPosting\" itemprop=\"blogPost\" ><div class='avia_textblock  '   itemprop=\"text\" ><p style=\"text-align: justify;\">Otorgar conceptos actualizados en el manejo integral del c\u00e1ncer de mama, dando a conocer, adem\u00e1s, la realidad epidemiol\u00f3gica y de tratamiento de esta patolog\u00eda en la regi\u00f3n de Ays\u00e9n, fueron los objetivos de la \u201cIX Jornada de Avances de C\u00e1ncer de mama\u201d, actividad organizada por la Cl\u00ednica Alemana de Santiago en conjunto con el equipo de patolog\u00eda mamaria del Hospital Regional Coyhaique.<\/p>\n<p style=\"text-align: justify;\">La actividad, dirigida al personal de salud de toda la regi\u00f3n, cont\u00f3 con la participaci\u00f3n de 14 expositores, cuatro de ellos, especialistas del HRC quienes en conjunto con sus pares de la Cl\u00ednica Alemana, abordaron una serie de tem\u00e1ticas atingentes a la pesquisa, diagn\u00f3stico y tratamiento de la enfermedad que cobra m\u00e1s vidas de mujeres en Chile.<\/p>\n<p style=\"text-align: justify;\">\u201cEsta jornada tiene por objeto llegar a lugares lejanos del pa\u00eds, para que aquellas personas que atienden en primera l\u00ednea a las pacientes con c\u00e1ncer de mama se beneficien de la educaci\u00f3n, mostrando los avances que existen en esta patolog\u00eda, dado que es la principal causa de muerte en mujeres de nuestro pa\u00eds\u201d, sostuvo la Dra. Jamile Camacho, mast\u00f3loga de la Cl\u00ednica Alemana, quien recalc\u00f3 que el modelo educativo de la instituci\u00f3n implica ir a diversas regiones del pa\u00eds, \u201cacercando el conocimiento a aquellas personas que atienden a las pacientes con sospecha y con c\u00e1ncer de mama\u201d, agreg\u00f3.<\/p>\n<p style=\"text-align: justify;\">En tanto, la Dra. Yannina Ageno, encargada de Patolog\u00eda Mamaria del Hospital Regional Coyhaique y coordinadora local del evento, que reuni\u00f3 a m\u00e1s de 60 profesionales de salud de toda la regi\u00f3n, destac\u00f3 la importancia de generar alianzas de capacitaci\u00f3n y cooperaci\u00f3n con otras instituciones, lo que sin duda va en beneficio de todas las pacientes.<\/p>\n<p style=\"text-align: justify;\">\u201cConvers\u00e9 con el equipo de capacitaci\u00f3n de la Cl\u00ednica Alemana junto a la Dra. Camacho para que vinieran a Ays\u00e9n, ya que somos una regi\u00f3n con una importante cantidad de c\u00e1nceres, especialmente de mama, y ser\u00eda interesante conocer nuestra realidad. Adem\u00e1s, nuestras pacientes a veces cuentan con una escasa confianza en el equipo de salud, entonces actividades como esta sirven para afiatar las confianzas\u201d, se\u00f1al\u00f3 la Dra. Ageno.<\/p>\n<p style=\"text-align: justify;\">En cuanto al estado actual del c\u00e1ncer de mama en la regi\u00f3n de Ays\u00e9n, la Dra. Ageno precis\u00f3 que durante este a\u00f1o llegar\u00e1 al HRC un nuevo mam\u00f3grafo, y adem\u00e1s se incorporar\u00e1, en diciembre de 2023, una cirujana subespecializada en patolog\u00eda mamaria.<\/p>\n<p style=\"text-align: justify;\"><strong>C\u00c1NCER DE MAMA EN AYS\u00c9N<\/strong><\/p>\n<p style=\"text-align: justify;\">\u201cEs evidente que ha habido un cambio important\u00edsimo en cuanto a la pesquisa, diagn\u00f3stico y tratamiento de las mujeres con c\u00e1ncer de mama. A\u00f1os atr\u00e1s, nuestras pacientes llegaban con tumores enormes, palpables, algunas con mamas ulceradas, con heridas, en etapas muy avanzadas y donde evidentemente el pron\u00f3stico ya estaba sellado al momento en que las ve\u00edamos, y sab\u00edamos que las \u00edbamos a tener por un corto periodo de tiempo\u201d, cuenta el Dr. Pedro Pablo Pinto, subdirector m\u00e9dico del HRC, quien durante d\u00e9cadas fue el \u00fanico especialista en la materia en la regi\u00f3n de Ays\u00e9n.<\/p>\n<p style=\"text-align: justify;\">El subdirector m\u00e9dico del HRC destac\u00f3 que los avances tanto en materia de difusi\u00f3n como de equipamiento y de profesionales dedicados a la patolog\u00eda mamaria, ha permitido que actualmente la detecci\u00f3n de esta enfermedad se haga en etapas m\u00e1s tempranas, logrando as\u00ed un aumento en la sobrevida de estas pacientes, adem\u00e1s de tratamientos menos invasivos.<\/p>\n<p style=\"text-align: justify;\">\u201cEl diagn\u00f3stico del c\u00e1ncer in situ es del 20%, es decir, 1 de cada 5 mujeres llega en etapas muy tempranas. El ideal es que esto vaya aumentando, lo que nos va a permitir tener menos mortalidad y una mejor evoluci\u00f3n para ellas. Adem\u00e1s, ha influido mucho la difusi\u00f3n por redes sociales y otras plataformas donde se transmite la experiencia de muchas pacientes, y todo el trabajo que ha hecho la red de salud de la regi\u00f3n para que lleguen los instructivos y conocimientos para hacer un diagn\u00f3stico precoz del c\u00e1ncer\u201d, sostuvo el especialista.<\/p>\n<\/div><\/section><\/div><div  style='height:50px' class='hr hr-invisible   avia-builder-el-6  el_after_av_one_full  el_before_av_social_share '><span class='hr-inner ' ><span class='hr-inner-style'><\/span><\/span><\/div><\/p>\n<div  class='av-social-sharing-box  avia-builder-el-7  el_after_av_hr  el_before_av_hr  '><div class='av-share-box'><h5 class='av-share-link-description av-no-toc '>Compartir esta noticia<\/h5><ul class='av-share-box-list noLightbox'><li class='av-share-link av-social-link-facebook' ><a target=\"_blank\" aria-label=\"Compartir en Facebook\" href='https:\/\/www.facebook.com\/sharer.php?u=https:\/\/radiorevelacionfm.cl\/?p=30511&#038;t=Cl%C3%ADnica%20Alemana%20y%20Hospital%20Coyhaique%20se%20unen%20en%20la%20%E2%80%9CIX%20Jornada%20de%20Avances%20en%20c%C3%A1ncer%20de%20mama%E2%80%9D' aria-hidden='false' data-av_icon='\ue8f3' data-av_iconfont='entypo-fontello' title='' data-avia-related-tooltip='Compartir en Facebook' rel=\"noopener\"><span class='avia_hidden_link_text'>Compartir en Facebook<\/span><\/a><\/li><li class='av-share-link av-social-link-twitter' ><a target=\"_blank\" aria-label=\"Compartir en Twitter\" href='https:\/\/twitter.com\/share?text=Cl%C3%ADnica%20Alemana%20y%20Hospital%20Coyhaique%20se%20unen%20en%20la%20%E2%80%9CIX%20Jornada%20de%20Avances%20en%20c%C3%A1ncer%20de%20mama%E2%80%9D&#038;url=https:\/\/radiorevelacionfm.cl\/?p=30511' aria-hidden='false' data-av_icon='\ue8f1' data-av_iconfont='entypo-fontello' title='' data-avia-related-tooltip='Compartir en Twitter' rel=\"noopener\"><span class='avia_hidden_link_text'>Compartir en Twitter<\/span><\/a><\/li><li class='av-share-link av-social-link-whatsapp' ><a target=\"_blank\" aria-label=\"Compartir en Whatsapp\" href='https:\/\/api.whatsapp.com\/send?text=https:\/\/radiorevelacionfm.cl\/?p=30511' aria-hidden='false' data-av_icon='\uf232' data-av_iconfont='entypo-fontello' title='' data-avia-related-tooltip='Compartir en Whatsapp' rel=\"noopener\"><span class='avia_hidden_link_text'>Compartir en Whatsapp<\/span><\/a><\/li><li class='av-share-link av-social-link-linkedin' ><a target=\"_blank\" aria-label=\"Compartir en LinkedIn\" href='https:\/\/linkedin.com\/shareArticle?mini=true&#038;title=Cl%C3%ADnica%20Alemana%20y%20Hospital%20Coyhaique%20se%20unen%20en%20la%20%E2%80%9CIX%20Jornada%20de%20Avances%20en%20c%C3%A1ncer%20de%20mama%E2%80%9D&#038;url=https:\/\/radiorevelacionfm.cl\/?p=30511' aria-hidden='false' data-av_icon='\ue8fc' data-av_iconfont='entypo-fontello' title='' data-avia-related-tooltip='Compartir en LinkedIn' rel=\"noopener\"><span class='avia_hidden_link_text'>Compartir en LinkedIn<\/span><\/a><\/li><li class='av-share-link av-social-link-mail' ><a  aria-label=\"Compartir por correo\" href='mailto:?subject=Cl%C3%ADnica%20Alemana%20y%20Hospital%20Coyhaique%20se%20unen%20en%20la%20%E2%80%9CIX%20Jornada%20de%20Avances%20en%20c%C3%A1ncer%20de%20mama%E2%80%9D&#038;body=https:\/\/radiorevelacionfm.cl\/?p=30511' aria-hidden='false' data-av_icon='\ue805' data-av_iconfont='entypo-fontello' title='' data-avia-related-tooltip='Compartir por correo'><span class='avia_hidden_link_text'>Compartir por correo<\/span><\/a><\/li><\/ul><\/div><\/div>\n<div  style='height:50px' class='hr hr-invisible   avia-builder-el-8  el_after_av_social_share  el_before_av_comments_list '><span class='hr-inner ' ><span class='hr-inner-style'><\/span><\/span><\/div>\n<div  class='av-buildercomment  av-blog-meta-html-info-disabled av-blog-meta-tag-disabled  '><\/div>\n","protected":false},"excerpt":{"rendered":"","protected":false},"author":1,"featured_media":30513,"comment_status":"open","ping_status":"open","sticky":false,"template":"","format":"standard","meta":{"footnotes":""},"categories":[46],"tags":[],"class_list":["post-30511","post","type-post","status-publish","format-standard","has-post-thumbnail","hentry","category-salud"],"jetpack_featured_media_url":"https:\/\/radiorevelacionfm.cl\/wp-content\/uploads\/2023\/04\/ix-jornada-cancer-mama-1-1-1_optimized-1.jpg","_links":{"self":[{"href":"https:\/\/radiorevelacionfm.cl\/index.php?rest_route=\/wp\/v2\/posts\/30511","targetHints":{"allow":["GET"]}}],"collection":[{"href":"https:\/\/radiorevelacionfm.cl\/index.php?rest_route=\/wp\/v2\/posts"}],"about":[{"href":"https:\/\/radiorevelacionfm.cl\/index.php?rest_route=\/wp\/v2\/types\/post"}],"author":[{"embeddable":true,"href":"https:\/\/radiorevelacionfm.cl\/index.php?rest_route=\/wp\/v2\/users\/1"}],"replies":[{"embeddable":true,"href":"https:\/\/radiorevelacionfm.cl\/index.php?rest_route=%2Fwp%2Fv2%2Fcomments&post=30511"}],"version-history":[{"count":1,"href":"https:\/\/radiorevelacionfm.cl\/index.php?rest_route=\/wp\/v2\/posts\/30511\/revisions"}],"predecessor-version":[{"id":30514,"href":"https:\/\/radiorevelacionfm.cl\/index.php?rest_route=\/wp\/v2\/posts\/30511\/revisions\/30514"}],"wp:featuredmedia":[{"embeddable":true,"href":"https:\/\/radiorevelacionfm.cl\/index.php?rest_route=\/wp\/v2\/media\/30513"}],"wp:attachment":[{"href":"https:\/\/radiorevelacionfm.cl\/index.php?rest_route=%2Fwp%2Fv2%2Fmedia&parent=30511"}],"wp:term":[{"taxonomy":"category","embeddable":true,"href":"https:\/\/radiorevelacionfm.cl\/index.php?rest_route=%2Fwp%2Fv2%2Fcategories&post=30511"},{"taxonomy":"post_tag","embeddable":true,"href":"https:\/\/radiorevelacionfm.cl\/index.php?rest_route=%2Fwp%2Fv2%2Ftags&post=30511"}],"curies":[{"name":"wp","href":"https:\/\/api.w.org\/{rel}","templated":true}]}}