{"id":30508,"date":"2023-05-02T11:34:57","date_gmt":"2023-05-02T14:34:57","guid":{"rendered":"https:\/\/radiorevelacionfm.cl\/?p=30508"},"modified":"2023-05-02T11:34:57","modified_gmt":"2023-05-02T14:34:57","slug":"comunidad-de-chile-chico-apoya-a-conaf-en-monitoreo-de-fauna","status":"publish","type":"post","link":"https:\/\/radiorevelacionfm.cl\/?p=30508","title":{"rendered":"Comunidad de Chile Chico apoya a Conaf en monitoreo de fauna"},"content":{"rendered":"<div class=\"flex_column av_one_full  flex_column_div av-zero-column-padding first  avia-builder-el-0  el_before_av_one_full  avia-builder-el-first  \" style='border-radius:0px; '><div  class='avia-image-container  av-styling-    avia-builder-el-1  avia-builder-el-no-sibling  avia-align-center '  itemprop=\"image\" itemscope=\"itemscope\" itemtype=\"https:\/\/schema.org\/ImageObject\"  ><div class='avia-image-container-inner'><div class='avia-image-overlay-wrap'><img decoding=\"async\" class='wp-image-30509 avia-img-lazy-loading-not-30509 avia_image' src=\"https:\/\/radiorevelacionfm.cl\/wp-content\/uploads\/2023\/04\/rewilding-otono-23-0036-1_optimized-1_optimized-1.jpg\" alt='' title='rewilding-otono-23-0036-(1)_optimized-(1)_optimized (1)' height=\"632\" width=\"797\"  itemprop=\"thumbnailUrl\" srcset=\"https:\/\/radiorevelacionfm.cl\/wp-content\/uploads\/2023\/04\/rewilding-otono-23-0036-1_optimized-1_optimized-1.jpg 797w, https:\/\/radiorevelacionfm.cl\/wp-content\/uploads\/2023\/04\/rewilding-otono-23-0036-1_optimized-1_optimized-1-300x238.jpg 300w, https:\/\/radiorevelacionfm.cl\/wp-content\/uploads\/2023\/04\/rewilding-otono-23-0036-1_optimized-1_optimized-1-768x609.jpg 768w, https:\/\/radiorevelacionfm.cl\/wp-content\/uploads\/2023\/04\/rewilding-otono-23-0036-1_optimized-1_optimized-1-705x559.jpg 705w, https:\/\/radiorevelacionfm.cl\/wp-content\/uploads\/2023\/04\/rewilding-otono-23-0036-1_optimized-1_optimized-1-450x357.jpg 450w, https:\/\/radiorevelacionfm.cl\/wp-content\/uploads\/2023\/04\/rewilding-otono-23-0036-1_optimized-1_optimized-1-600x476.jpg 600w\" sizes=\"(max-width: 797px) 100vw, 797px\" \/><\/div><\/div><\/div><\/div><div class=\"flex_column av_one_full  flex_column_div av-zero-column-padding first  avia-builder-el-2  el_after_av_one_full  el_before_av_one_full  column-top-margin\" style='border-radius:0px; '><section class=\"av_textblock_section \"  itemscope=\"itemscope\" itemtype=\"https:\/\/schema.org\/BlogPosting\" itemprop=\"blogPost\" ><div class='avia_textblock  '   itemprop=\"text\" ><p style=\"text-align: center;\"><strong><span style=\"font-size: 18pt;\">Comunidad de Chile Chico apoya a Conaf en monitoreo de fauna<\/span><\/strong><\/p>\n<div id=\"gtx-trans\" style=\"position: absolute; left: -50px; top: 4.31534px;\">\n<div class=\"gtx-trans-icon\"><\/div>\n<\/div>\n<\/div><\/section><\/div><div class=\"flex_column av_one_full  flex_column_div av-zero-column-padding first  avia-builder-el-4  el_after_av_one_full  el_before_av_hr  column-top-margin\" style='border-radius:0px; '><section class=\"av_textblock_section \"  itemscope=\"itemscope\" itemtype=\"https:\/\/schema.org\/BlogPosting\" itemprop=\"blogPost\" ><div class='avia_textblock  '   itemprop=\"text\" ><p style=\"text-align: justify;\"><i>A trav\u00e9s de la instalaci\u00f3n de c\u00e1maras trampa, herramienta fundamental para conocer el estado de la fauna silvestre, vecinos de la localidad pudieron experimentar la labor que Conaf viene realizando desde el a\u00f1o 2018 en el Parque Nacional Patagonia.<\/i><\/p>\n<p style=\"text-align: justify;\">Cerca de 12 personas participaron de la jornada en terreno que implic\u00f3 la instalaci\u00f3n de c\u00e1maras trampa en las \u00e1reas de Valle de la Gloria y Arroyo de las Vacas en el sector Jeinimeni, que para esta fecha ya se encuentra completamente oto\u00f1al.<\/p>\n<p style=\"text-align: justify;\">C\u00e9sar Andrade y Andrea Carreta, guardaparques de Conaf, se encargaron de guiar la actividad pr\u00e1ctica que implic\u00f3 un recorrido de alta exigencia f\u00edsica entre las rojas lengas que caracterizan el paisaje en esta fecha.<\/p>\n<p style=\"text-align: justify;\">Luego de una charla en la que se socializaron los resultados que se han obtenido con el monitoreo en a\u00f1os anteriores, los participantes se internaron por diferentes lugares del parque, cruzando m\u00e1s de una veintena de r\u00edos para llegar a los puntos dispuestos para la instalaci\u00f3n de c\u00e1maras. De manera pr\u00e1ctica pudieron adquirir conocimientos relacionados a la georreferenciaci\u00f3n con GPS, habilidad fundamental para el monitoreo.<\/p>\n<p style=\"text-align: justify;\">\u201cUna vez que llegamos a los puntos definidos en la grilla de Conaf, los guardaparques nos ense\u00f1aron a instalar las c\u00e1maras; a que estas queden firmes en los \u00e1rboles y con un \u00e1ngulo adecuado para poder capturar las im\u00e1genes de los animales silvestres, como felinos, huemules, zorros, etc. Fue muy emocionante vivir la experiencia de ser guardaparques por un dia\u201d, se\u00f1al\u00f3 Rolando Sabath, coordinador del programa Amigos del Parque Nacional Patagonia.<\/p>\n<p style=\"text-align: justify;\">\u201cNos parece fundamental vincular a la comunidad con el trabajo de conservaci\u00f3n que hacen los guardaparques. El monitoreo de fauna se utiliza para generar un plan de acci\u00f3n frente a las amenazas que enfrentan las especies nativas, por lo que abrirlo a la comunidad nos ayuda a acercar estas tem\u00e1ticas sensibles a las personas de Chile Chico\u201d, explic\u00f3 Carolina Cerda, Directora de Vinculaci\u00f3n Comunitaria de Fundaci\u00f3n Rewilding Chile.<\/p>\n<p style=\"text-align: justify;\">Esta actividad se enmarca dentro del Programa Amigos del Parque Nacional Patagonia de Fundaci\u00f3n Rewilding Chile tiene programadas para este a\u00f1o y cuyo objetivo es\u00a0 potenciar el v\u00ednculo efectivo entre las comunidades y los parques nacionales fomentando lazos de orgullo y sentido de pertenencia con el territorio, a trav\u00e9s de diversas actividades que promuevan el conocimiento del patrimonio natural y cultural.<\/p>\n<\/div><\/section><\/div><div  style='height:50px' class='hr hr-invisible   avia-builder-el-6  el_after_av_one_full  el_before_av_social_share '><span class='hr-inner ' ><span class='hr-inner-style'><\/span><\/span><\/div><\/p>\n<div  class='av-social-sharing-box  avia-builder-el-7  el_after_av_hr  el_before_av_hr  '><div class='av-share-box'><h5 class='av-share-link-description av-no-toc '>Compartir esta noticia<\/h5><ul class='av-share-box-list noLightbox'><li class='av-share-link av-social-link-facebook' ><a target=\"_blank\" aria-label=\"Compartir en Facebook\" href='https:\/\/www.facebook.com\/sharer.php?u=https:\/\/radiorevelacionfm.cl\/?p=30508&#038;t=Comunidad%20de%20Chile%20Chico%20apoya%20a%20Conaf%20en%20monitoreo%20de%20fauna' aria-hidden='false' data-av_icon='\ue8f3' data-av_iconfont='entypo-fontello' title='' data-avia-related-tooltip='Compartir en Facebook' rel=\"noopener\"><span class='avia_hidden_link_text'>Compartir en Facebook<\/span><\/a><\/li><li class='av-share-link av-social-link-twitter' ><a target=\"_blank\" aria-label=\"Compartir en Twitter\" href='https:\/\/twitter.com\/share?text=Comunidad%20de%20Chile%20Chico%20apoya%20a%20Conaf%20en%20monitoreo%20de%20fauna&#038;url=https:\/\/radiorevelacionfm.cl\/?p=30508' aria-hidden='false' data-av_icon='\ue8f1' data-av_iconfont='entypo-fontello' title='' data-avia-related-tooltip='Compartir en Twitter' rel=\"noopener\"><span class='avia_hidden_link_text'>Compartir en Twitter<\/span><\/a><\/li><li class='av-share-link av-social-link-whatsapp' ><a target=\"_blank\" aria-label=\"Compartir en Whatsapp\" href='https:\/\/api.whatsapp.com\/send?text=https:\/\/radiorevelacionfm.cl\/?p=30508' aria-hidden='false' data-av_icon='\uf232' data-av_iconfont='entypo-fontello' title='' data-avia-related-tooltip='Compartir en Whatsapp' rel=\"noopener\"><span class='avia_hidden_link_text'>Compartir en Whatsapp<\/span><\/a><\/li><li class='av-share-link av-social-link-linkedin' ><a target=\"_blank\" aria-label=\"Compartir en LinkedIn\" href='https:\/\/linkedin.com\/shareArticle?mini=true&#038;title=Comunidad%20de%20Chile%20Chico%20apoya%20a%20Conaf%20en%20monitoreo%20de%20fauna&#038;url=https:\/\/radiorevelacionfm.cl\/?p=30508' aria-hidden='false' data-av_icon='\ue8fc' data-av_iconfont='entypo-fontello' title='' data-avia-related-tooltip='Compartir en LinkedIn' rel=\"noopener\"><span class='avia_hidden_link_text'>Compartir en LinkedIn<\/span><\/a><\/li><li class='av-share-link av-social-link-mail' ><a  aria-label=\"Compartir por correo\" href='mailto:?subject=Comunidad%20de%20Chile%20Chico%20apoya%20a%20Conaf%20en%20monitoreo%20de%20fauna&#038;body=https:\/\/radiorevelacionfm.cl\/?p=30508' aria-hidden='false' data-av_icon='\ue805' data-av_iconfont='entypo-fontello' title='' data-avia-related-tooltip='Compartir por correo'><span class='avia_hidden_link_text'>Compartir por correo<\/span><\/a><\/li><\/ul><\/div><\/div>\n<div  style='height:50px' class='hr hr-invisible   avia-builder-el-8  el_after_av_social_share  el_before_av_comments_list '><span class='hr-inner ' ><span class='hr-inner-style'><\/span><\/span><\/div>\n<div  class='av-buildercomment  av-blog-meta-html-info-disabled av-blog-meta-tag-disabled  '><\/div>\n","protected":false},"excerpt":{"rendered":"","protected":false},"author":1,"featured_media":30509,"comment_status":"open","ping_status":"open","sticky":false,"template":"","format":"standard","meta":{"footnotes":""},"categories":[54],"tags":[],"class_list":["post-30508","post","type-post","status-publish","format-standard","has-post-thumbnail","hentry","category-turismo"],"jetpack_featured_media_url":"https:\/\/radiorevelacionfm.cl\/wp-content\/uploads\/2023\/04\/rewilding-otono-23-0036-1_optimized-1_optimized-1.jpg","_links":{"self":[{"href":"https:\/\/radiorevelacionfm.cl\/index.php?rest_route=\/wp\/v2\/posts\/30508","targetHints":{"allow":["GET"]}}],"collection":[{"href":"https:\/\/radiorevelacionfm.cl\/index.php?rest_route=\/wp\/v2\/posts"}],"about":[{"href":"https:\/\/radiorevelacionfm.cl\/index.php?rest_route=\/wp\/v2\/types\/post"}],"author":[{"embeddable":true,"href":"https:\/\/radiorevelacionfm.cl\/index.php?rest_route=\/wp\/v2\/users\/1"}],"replies":[{"embeddable":true,"href":"https:\/\/radiorevelacionfm.cl\/index.php?rest_route=%2Fwp%2Fv2%2Fcomments&post=30508"}],"version-history":[{"count":1,"href":"https:\/\/radiorevelacionfm.cl\/index.php?rest_route=\/wp\/v2\/posts\/30508\/revisions"}],"predecessor-version":[{"id":30510,"href":"https:\/\/radiorevelacionfm.cl\/index.php?rest_route=\/wp\/v2\/posts\/30508\/revisions\/30510"}],"wp:featuredmedia":[{"embeddable":true,"href":"https:\/\/radiorevelacionfm.cl\/index.php?rest_route=\/wp\/v2\/media\/30509"}],"wp:attachment":[{"href":"https:\/\/radiorevelacionfm.cl\/index.php?rest_route=%2Fwp%2Fv2%2Fmedia&parent=30508"}],"wp:term":[{"taxonomy":"category","embeddable":true,"href":"https:\/\/radiorevelacionfm.cl\/index.php?rest_route=%2Fwp%2Fv2%2Fcategories&post=30508"},{"taxonomy":"post_tag","embeddable":true,"href":"https:\/\/radiorevelacionfm.cl\/index.php?rest_route=%2Fwp%2Fv2%2Ftags&post=30508"}],"curies":[{"name":"wp","href":"https:\/\/api.w.org\/{rel}","templated":true}]}}