{"id":30505,"date":"2023-04-27T13:41:37","date_gmt":"2023-04-27T16:41:37","guid":{"rendered":"https:\/\/radiorevelacionfm.cl\/?p=30505"},"modified":"2023-04-27T13:41:37","modified_gmt":"2023-04-27T16:41:37","slug":"con-participacion-de-vecinos-y-profesores-se-dio-inicio-al-programa-de-vinculacion-amigos-del-parque-nacional-cerro-castillo","status":"publish","type":"post","link":"https:\/\/radiorevelacionfm.cl\/?p=30505","title":{"rendered":"Con participaci\u00f3n de vecinos y profesores se dio inicio al programa de vinculaci\u00f3n amigos del Parque Nacional Cerro Castillo"},"content":{"rendered":"<div class=\"flex_column av_one_full  flex_column_div av-zero-column-padding first  avia-builder-el-0  el_before_av_one_full  avia-builder-el-first  \" style='border-radius:0px; '><div  class='avia-image-container  av-styling-    avia-builder-el-1  avia-builder-el-no-sibling  avia-align-center '  itemprop=\"image\" itemscope=\"itemscope\" itemtype=\"https:\/\/schema.org\/ImageObject\"  ><div class='avia-image-container-inner'><div class='avia-image-overlay-wrap'><img decoding=\"async\" class='wp-image-30506 avia-img-lazy-loading-not-30506 avia_image' src=\"https:\/\/radiorevelacionfm.cl\/wp-content\/uploads\/2023\/04\/17-scaled-1-1_optimized.jpeg\" alt='' title='17-scaled-1-(1)_optimized' height=\"600\" width=\"901\"  itemprop=\"thumbnailUrl\" srcset=\"https:\/\/radiorevelacionfm.cl\/wp-content\/uploads\/2023\/04\/17-scaled-1-1_optimized.jpeg 901w, https:\/\/radiorevelacionfm.cl\/wp-content\/uploads\/2023\/04\/17-scaled-1-1_optimized-300x200.jpeg 300w, https:\/\/radiorevelacionfm.cl\/wp-content\/uploads\/2023\/04\/17-scaled-1-1_optimized-768x511.jpeg 768w, https:\/\/radiorevelacionfm.cl\/wp-content\/uploads\/2023\/04\/17-scaled-1-1_optimized-705x469.jpeg 705w, https:\/\/radiorevelacionfm.cl\/wp-content\/uploads\/2023\/04\/17-scaled-1-1_optimized-450x300.jpeg 450w, https:\/\/radiorevelacionfm.cl\/wp-content\/uploads\/2023\/04\/17-scaled-1-1_optimized-600x400.jpeg 600w\" sizes=\"(max-width: 901px) 100vw, 901px\" \/><\/div><\/div><\/div><\/div><div class=\"flex_column av_one_full  flex_column_div av-zero-column-padding first  avia-builder-el-2  el_after_av_one_full  el_before_av_one_full  column-top-margin\" style='border-radius:0px; '><section class=\"av_textblock_section \"  itemscope=\"itemscope\" itemtype=\"https:\/\/schema.org\/BlogPosting\" itemprop=\"blogPost\" ><div class='avia_textblock  '   itemprop=\"text\" ><p style=\"text-align: center;\"><strong><span style=\"font-size: 18pt;\">Con participaci\u00f3n de vecinos y profesores se dio inicio al programa de vinculaci\u00f3n amigos del Parque Nacional Cerro Castillo<\/span><\/strong><\/p>\n<div id=\"gtx-trans\" style=\"position: absolute; left: -50px; top: 4.31534px;\">\n<div class=\"gtx-trans-icon\"><\/div>\n<\/div>\n<\/div><\/section><\/div><div class=\"flex_column av_one_full  flex_column_div av-zero-column-padding first  avia-builder-el-4  el_after_av_one_full  el_before_av_hr  column-top-margin\" style='border-radius:0px; '><section class=\"av_textblock_section \"  itemscope=\"itemscope\" itemtype=\"https:\/\/schema.org\/BlogPosting\" itemprop=\"blogPost\" ><div class='avia_textblock  '   itemprop=\"text\" ><p style=\"text-align: justify;\">Esta es la primera actividad de este programa de Fundaci\u00f3n Rewilding Chile, instancia que busca reforzar el v\u00ednculo entre la comunidad y esta \u00e1rea protegida.<\/p>\n<p style=\"text-align: justify;\">Con una visita guiada a distintos sectores del Parque Nacional, profesores y vecinos de\u00a0Villa Cerro Castillo\u00a0participaron de la primera actividad del\u00a0programa Amigos del Parque Nacional Cerro Castillo, iniciativa impulsada por\u00a0Fundaci\u00f3n Rewilding Chile.<\/p>\n<p style=\"text-align: justify;\">Se trata de la tercera \u00e1rea donde se ejecuta este programa, tras las exitosas experiencias desarrolladas tanto en el PN Patagonia en la comuna de Chile Chico, como en el PN Alerce Andino en la Regi\u00f3n de Los Lagos.<\/p>\n<p style=\"text-align: justify;\">En esta primera actividad, los visitantes recorrieron la Laguna Chiguay, la cascada de La Bombacha en portezuelo adem\u00e1s del humedal en el mismo sector, acompa\u00f1ados del\u00a0guardaparque local\u00a0de\u00a0<a href=\"http:\/\/www.conaf.cl\/\" target=\"_blank\" rel=\"noopener\">Conaf<\/a>, Tom\u00e1s Orme\u00f1o, y el\u00a0experto en flora de Ays\u00e9n\u00a0y coordinador del\u00a0<a href=\"http:\/\/www.sag.cl\/\" target=\"_blank\" rel=\"noopener\">Servicio Agr\u00edcola y Ganadero SAG<\/a>,\u00a0Fern\u00e1n Silva Labb\u00e9.<\/p>\n<p style=\"text-align: justify;\">\u201cEstamos visitando los sectores de senderos para contemplar el ecosistema del bosque andino patag\u00f3nico, y la transici\u00f3n a la zona alto andina, y poder comentar y conversar con la comunidad de Cerro Castillo sobre alcances que tiene el parque y c\u00f3mo contribuir al desarrollo humano y del parque, como oportunidad de bienestar y mejor vivir para la gente\u201d\u00a0explic\u00f3 Silva tras finalizar esta jornada educativa.<\/p>\n<p style=\"text-align: justify;\">Por otro lado,\u00a0Carolina Cerda,\u00a0directora de Vinculaci\u00f3n Comunitaria de Fundaci\u00f3n Rewilding Chile, detall\u00f3 que\u00a0\u201clo que busca este programa es fortalecer y vincular a\u00fan m\u00e1s a las vecinas y vecinos de Villa Cerro Castillo con su parque nacional. \u00bfC\u00f3mo lo hacemos? A trav\u00e9s de la educaci\u00f3n en la naturaleza, a trav\u00e9s de diferentes instancias donde podemos ir aprendiendo y conociendo los ecosistemas, y lo que hoy en d\u00eda tiene este parque nacional y cu\u00e1l es el aporte de los parques nacionales\u201d.<\/p>\n<p style=\"text-align: justify;\">Una de las asistentes a la actividad fue\u00a0Daisy Medina,\u00a0emprendedora tur\u00edstica de Villa Cerro Castillo, quien valor\u00f3 positivamente lo que describi\u00f3 como\u00a0\u201cun paseo bien natural, reconociendo nuestro entorno, y descubriendo la maravilla que tenemos. Todo lo que hay de la tierra, de estos humedales, el significado de cada planta que pasa siempre desapercibida, fue un d\u00eda muy enriquecedor\u201d.<\/p>\n<h2 style=\"text-align: justify;\"><span style=\"font-size: 12pt;\">SOBRE EL PROGRAMA<\/span><\/h2>\n<p style=\"text-align: justify;\">Desde Fundaci\u00f3n Rewilding Chile, buscan con la implementaci\u00f3n de este programa reforzar el vinculo entre la comunidad local y el parque nacional, contribuyendo a generar conciencia sobre la importancia de la conservaci\u00f3n de estos ecosistemas, desarrollando tres l\u00edneas estrat\u00e9gicas para todas sus acciones.<\/p>\n<p style=\"text-align: justify;\">Identidad y Desarrollo Local, poniendo en valor tanto la identidad local como el patrimonio cultural y natural de las comunidades; Participaci\u00f3n Local y Gobernanza, fortaleciendo el tejido social poniendo \u00e9nfasis en el liderazgo y empoderamiento de actores locales; y la Educaci\u00f3n Medioambiental, impulsando el aprendizaje de la naturaleza, la conservaci\u00f3n y promoviendo la vida al aire libre.<\/p>\n<\/div><\/section><\/div><div  style='height:50px' class='hr hr-invisible   avia-builder-el-6  el_after_av_one_full  el_before_av_social_share '><span class='hr-inner ' ><span class='hr-inner-style'><\/span><\/span><\/div><\/p>\n<div  class='av-social-sharing-box  avia-builder-el-7  el_after_av_hr  el_before_av_hr  '><div class='av-share-box'><h5 class='av-share-link-description av-no-toc '>Compartir esta noticia<\/h5><ul class='av-share-box-list noLightbox'><li class='av-share-link av-social-link-facebook' ><a target=\"_blank\" aria-label=\"Compartir en Facebook\" href='https:\/\/www.facebook.com\/sharer.php?u=https:\/\/radiorevelacionfm.cl\/?p=30505&#038;t=Con%20participaci%C3%B3n%20de%20vecinos%20y%20profesores%20se%20dio%20inicio%20al%20programa%20de%20vinculaci%C3%B3n%20amigos%20del%20Parque%20Nacional%20Cerro%20Castillo' aria-hidden='false' data-av_icon='\ue8f3' data-av_iconfont='entypo-fontello' title='' data-avia-related-tooltip='Compartir en Facebook' rel=\"noopener\"><span class='avia_hidden_link_text'>Compartir en Facebook<\/span><\/a><\/li><li class='av-share-link av-social-link-twitter' ><a target=\"_blank\" aria-label=\"Compartir en Twitter\" href='https:\/\/twitter.com\/share?text=Con%20participaci%C3%B3n%20de%20vecinos%20y%20profesores%20se%20dio%20inicio%20al%20programa%20de%20vinculaci%C3%B3n%20amigos%20del%20Parque%20Nacional%20Cerro%20Castillo&#038;url=https:\/\/radiorevelacionfm.cl\/?p=30505' aria-hidden='false' data-av_icon='\ue8f1' data-av_iconfont='entypo-fontello' title='' data-avia-related-tooltip='Compartir en Twitter' rel=\"noopener\"><span class='avia_hidden_link_text'>Compartir en Twitter<\/span><\/a><\/li><li class='av-share-link av-social-link-whatsapp' ><a target=\"_blank\" aria-label=\"Compartir en Whatsapp\" href='https:\/\/api.whatsapp.com\/send?text=https:\/\/radiorevelacionfm.cl\/?p=30505' aria-hidden='false' data-av_icon='\uf232' data-av_iconfont='entypo-fontello' title='' data-avia-related-tooltip='Compartir en Whatsapp' rel=\"noopener\"><span class='avia_hidden_link_text'>Compartir en Whatsapp<\/span><\/a><\/li><li class='av-share-link av-social-link-linkedin' ><a target=\"_blank\" aria-label=\"Compartir en LinkedIn\" href='https:\/\/linkedin.com\/shareArticle?mini=true&#038;title=Con%20participaci%C3%B3n%20de%20vecinos%20y%20profesores%20se%20dio%20inicio%20al%20programa%20de%20vinculaci%C3%B3n%20amigos%20del%20Parque%20Nacional%20Cerro%20Castillo&#038;url=https:\/\/radiorevelacionfm.cl\/?p=30505' aria-hidden='false' data-av_icon='\ue8fc' data-av_iconfont='entypo-fontello' title='' data-avia-related-tooltip='Compartir en LinkedIn' rel=\"noopener\"><span class='avia_hidden_link_text'>Compartir en LinkedIn<\/span><\/a><\/li><li class='av-share-link av-social-link-mail' ><a  aria-label=\"Compartir por correo\" href='mailto:?subject=Con%20participaci%C3%B3n%20de%20vecinos%20y%20profesores%20se%20dio%20inicio%20al%20programa%20de%20vinculaci%C3%B3n%20amigos%20del%20Parque%20Nacional%20Cerro%20Castillo&#038;body=https:\/\/radiorevelacionfm.cl\/?p=30505' aria-hidden='false' data-av_icon='\ue805' data-av_iconfont='entypo-fontello' title='' data-avia-related-tooltip='Compartir por correo'><span class='avia_hidden_link_text'>Compartir por correo<\/span><\/a><\/li><\/ul><\/div><\/div>\n<div  style='height:50px' class='hr hr-invisible   avia-builder-el-8  el_after_av_social_share  el_before_av_comments_list '><span class='hr-inner ' ><span class='hr-inner-style'><\/span><\/span><\/div>\n<div  class='av-buildercomment  av-blog-meta-html-info-disabled av-blog-meta-tag-disabled  '><\/div>\n","protected":false},"excerpt":{"rendered":"","protected":false},"author":1,"featured_media":30506,"comment_status":"open","ping_status":"open","sticky":false,"template":"","format":"standard","meta":{"footnotes":""},"categories":[54],"tags":[],"class_list":["post-30505","post","type-post","status-publish","format-standard","has-post-thumbnail","hentry","category-turismo"],"jetpack_featured_media_url":"https:\/\/radiorevelacionfm.cl\/wp-content\/uploads\/2023\/04\/17-scaled-1-1_optimized.jpeg","_links":{"self":[{"href":"https:\/\/radiorevelacionfm.cl\/index.php?rest_route=\/wp\/v2\/posts\/30505","targetHints":{"allow":["GET"]}}],"collection":[{"href":"https:\/\/radiorevelacionfm.cl\/index.php?rest_route=\/wp\/v2\/posts"}],"about":[{"href":"https:\/\/radiorevelacionfm.cl\/index.php?rest_route=\/wp\/v2\/types\/post"}],"author":[{"embeddable":true,"href":"https:\/\/radiorevelacionfm.cl\/index.php?rest_route=\/wp\/v2\/users\/1"}],"replies":[{"embeddable":true,"href":"https:\/\/radiorevelacionfm.cl\/index.php?rest_route=%2Fwp%2Fv2%2Fcomments&post=30505"}],"version-history":[{"count":1,"href":"https:\/\/radiorevelacionfm.cl\/index.php?rest_route=\/wp\/v2\/posts\/30505\/revisions"}],"predecessor-version":[{"id":30507,"href":"https:\/\/radiorevelacionfm.cl\/index.php?rest_route=\/wp\/v2\/posts\/30505\/revisions\/30507"}],"wp:featuredmedia":[{"embeddable":true,"href":"https:\/\/radiorevelacionfm.cl\/index.php?rest_route=\/wp\/v2\/media\/30506"}],"wp:attachment":[{"href":"https:\/\/radiorevelacionfm.cl\/index.php?rest_route=%2Fwp%2Fv2%2Fmedia&parent=30505"}],"wp:term":[{"taxonomy":"category","embeddable":true,"href":"https:\/\/radiorevelacionfm.cl\/index.php?rest_route=%2Fwp%2Fv2%2Fcategories&post=30505"},{"taxonomy":"post_tag","embeddable":true,"href":"https:\/\/radiorevelacionfm.cl\/index.php?rest_route=%2Fwp%2Fv2%2Ftags&post=30505"}],"curies":[{"name":"wp","href":"https:\/\/api.w.org\/{rel}","templated":true}]}}