{"id":30503,"date":"2023-04-28T14:08:21","date_gmt":"2023-04-28T17:08:21","guid":{"rendered":"https:\/\/radiorevelacionfm.cl\/?p=30503"},"modified":"2023-04-28T14:08:21","modified_gmt":"2023-04-28T17:08:21","slug":"cchc-alerta-por-critico-escenario-de-licitaciones-e-inversion-publica-del-mop","status":"publish","type":"post","link":"https:\/\/radiorevelacionfm.cl\/?p=30503","title":{"rendered":"CChC alerta por cr\u00edtico escenario de licitaciones e inversi\u00f3n p\u00fablica del MOP"},"content":{"rendered":"<div class=\"flex_column av_one_full  flex_column_div av-zero-column-padding first  avia-builder-el-0  el_before_av_one_full  avia-builder-el-first  \" style='border-radius:0px; '><div  class='avia-image-container  av-styling-    avia-builder-el-1  avia-builder-el-no-sibling  avia-align-center '  itemprop=\"image\" itemscope=\"itemscope\" itemtype=\"https:\/\/schema.org\/ImageObject\"  ><div class='avia-image-container-inner'><div class='avia-image-overlay-wrap'><img decoding=\"async\" class='wp-image-7427 avia-img-lazy-loading-not-7427 avia_image' src=\"https:\/\/radiorevelacionfm.cl\/wp-content\/uploads\/2021\/08\/trabajadores-1.jpg\" alt='' title='trabajadores- (1)' height=\"600\" width=\"860\"  itemprop=\"thumbnailUrl\" srcset=\"https:\/\/radiorevelacionfm.cl\/wp-content\/uploads\/2021\/08\/trabajadores-1.jpg 860w, https:\/\/radiorevelacionfm.cl\/wp-content\/uploads\/2021\/08\/trabajadores-1-300x209.jpg 300w, https:\/\/radiorevelacionfm.cl\/wp-content\/uploads\/2021\/08\/trabajadores-1-768x536.jpg 768w, https:\/\/radiorevelacionfm.cl\/wp-content\/uploads\/2021\/08\/trabajadores-1-705x492.jpg 705w, https:\/\/radiorevelacionfm.cl\/wp-content\/uploads\/2021\/08\/trabajadores-1-600x419.jpg 600w\" sizes=\"(max-width: 860px) 100vw, 860px\" \/><\/div><\/div><\/div><\/div><div class=\"flex_column av_one_full  flex_column_div av-zero-column-padding first  avia-builder-el-2  el_after_av_one_full  el_before_av_one_full  column-top-margin\" style='border-radius:0px; '><section class=\"av_textblock_section \"  itemscope=\"itemscope\" itemtype=\"https:\/\/schema.org\/BlogPosting\" itemprop=\"blogPost\" ><div class='avia_textblock  '   itemprop=\"text\" ><p style=\"text-align: center;\"><span style=\"font-size: 18pt;\"><b>CChC alerta por cr\u00edtico escenario de licitaciones e inversi\u00f3n p\u00fablica del MOP<\/b><\/span><\/p>\n<div id=\"gtx-trans\" style=\"position: absolute; left: -50px; top: 4.31534px;\">\n<div class=\"gtx-trans-icon\"><\/div>\n<\/div>\n<\/div><\/section><\/div><div class=\"flex_column av_one_full  flex_column_div av-zero-column-padding first  avia-builder-el-4  el_after_av_one_full  el_before_av_hr  column-top-margin\" style='border-radius:0px; '><section class=\"av_textblock_section \"  itemscope=\"itemscope\" itemtype=\"https:\/\/schema.org\/BlogPosting\" itemprop=\"blogPost\" ><div class='avia_textblock  '   itemprop=\"text\" ><p class=\"v1MsoNormal\" style=\"text-align: justify;\">Desde la C\u00e1mara Chilena de la Construcci\u00f3n sede Coyhaique, manifestaron su preocupaci\u00f3n ante la ralentizaci\u00f3n en los procesos de licitaci\u00f3n, adjudicaci\u00f3n y ejecuci\u00f3n de las obras que dependen de la gesti\u00f3n de esta cartera en la regi\u00f3n. Afirman, que la situaci\u00f3n es compleja para las empresas locales, proveedores y profesionales del sector, debido a la falta de inversi\u00f3n p\u00fablica y de proyectos con valores actualizados, lo que ha llevado a finiquitar a trabajadores, cerrar empresas e incluso a la insolvencia de algunas.<\/p>\n<p class=\"v1MsoNormal\" style=\"text-align: justify;\">Respecto del escenario actual y el que proyectan desde la C\u00e1mara Chilena de la Construcci\u00f3n, su presidenta, Alejandra Alert Rivas, manifest\u00f3 que \u00abestamos profundamente preocupados por el impacto que ha tenido la falta de planificaci\u00f3n del MOP en la regi\u00f3n, la ralentizaci\u00f3n de los procesos ha generado una escasez de licitaciones e incerteza, lo que ha conllevado proyectar un a\u00f1o complejo para la industria de la construcci\u00f3n\u00bb.<\/p>\n<p class=\"v1MsoNormal\" style=\"text-align: justify;\">\u00abEste escenario, se est\u00e1 reflejando en que las peque\u00f1as y medianas empresas est\u00e1n sin posibilidad de realizar contratos para ejecutar, llevando a algunas a la insolvencia y a otras a reducir los empleos que generaban mediante mano de obra regional\u00bb, agreg\u00f3.<\/p>\n<p class=\"v1MsoNormal\" style=\"text-align: justify;\">En esa l\u00ednea, la presidenta del Gremio de la Construcci\u00f3n, expres\u00f3 que \u00abhemos sostenido reuniones con el SEREMI de Obras P\u00fablicas, el director nacional de Vialidad (s), y tambi\u00e9n planteado nuestra opini\u00f3n t\u00e9cnica a la Comisi\u00f3n de Infraestructura del Consejo Regional de Ays\u00e9n, no s\u00f3lo por el Plan Excepcional de Conservaci\u00f3n Vial, que a la fecha no tiene detalle concreto, sino que tambi\u00e9n por la cartera de proyectos 2023, que como es sabido, proyectos emblem\u00e1ticos como la pavimentaci\u00f3n a Lago Atravesado se han ca\u00eddo por la falta de actualizaci\u00f3n de sus precios, y otros han tenido modificaciones en sus fechas de apertura. No habiendo mayores cambios en la gesti\u00f3n de la cartera de Obras P\u00fablicas\u00bb.<\/p>\n<p class=\"v1MsoNormal\" style=\"text-align: justify;\">\u00abA lo anterior, se suma que, desde la Direcci\u00f3n de Vialidad, se ha adquirido maquinaria desde fuera de la regi\u00f3n para solucionar los problemas de conectividad, absorbiendo por parte del ente Estatal cerca un 70% de la red vial, por ende, la capacidad ociosa de las empresas regionales va en aumento, ya que no se les est\u00e1 arrendando a proveedores locales estos insumos y tampoco utilizando mano de obra regional, gener\u00e1ndose un da\u00f1o irreparable con los costos que esto le conlleva a las empresas\u00bb, enfatiz\u00f3 Alert.<\/p>\n<p class=\"v1MsoNormal\" style=\"text-align: justify;\">Finalmente, Alejandra Alert, detall\u00f3 que \u00abla complejidad de esta situaci\u00f3n, est\u00e1 afectando no s\u00f3lo las empresas constructoras, sino que tambi\u00e9n toda una cadena de valor de la industria regional; proveedores, profesionales, trabajadores y sus familias. Hemos agotado las instancias con las autoridades regionales para que esto se pueda resolver, desde el di\u00e1logo y la entrega de propuestas, pero no ha sido relevante para Obras P\u00fablicas, generar una colaboraci\u00f3n p\u00fablico-privada\u00bb.<\/p>\n<\/div><\/section><\/div><div  style='height:50px' class='hr hr-invisible   avia-builder-el-6  el_after_av_one_full  el_before_av_social_share '><span class='hr-inner ' ><span class='hr-inner-style'><\/span><\/span><\/div><\/p>\n<div  class='av-social-sharing-box  avia-builder-el-7  el_after_av_hr  el_before_av_hr  '><div class='av-share-box'><h5 class='av-share-link-description av-no-toc '>Compartir esta noticia<\/h5><ul class='av-share-box-list noLightbox'><li class='av-share-link av-social-link-facebook' ><a target=\"_blank\" aria-label=\"Compartir en Facebook\" href='https:\/\/www.facebook.com\/sharer.php?u=https:\/\/radiorevelacionfm.cl\/?p=30503&#038;t=CChC%20alerta%20por%20cr%C3%ADtico%20escenario%20de%20licitaciones%20e%20inversi%C3%B3n%20p%C3%BAblica%20del%20MOP' aria-hidden='false' data-av_icon='\ue8f3' data-av_iconfont='entypo-fontello' title='' data-avia-related-tooltip='Compartir en Facebook' rel=\"noopener\"><span class='avia_hidden_link_text'>Compartir en Facebook<\/span><\/a><\/li><li class='av-share-link av-social-link-twitter' ><a target=\"_blank\" aria-label=\"Compartir en Twitter\" href='https:\/\/twitter.com\/share?text=CChC%20alerta%20por%20cr%C3%ADtico%20escenario%20de%20licitaciones%20e%20inversi%C3%B3n%20p%C3%BAblica%20del%20MOP&#038;url=https:\/\/radiorevelacionfm.cl\/?p=30503' aria-hidden='false' data-av_icon='\ue8f1' data-av_iconfont='entypo-fontello' title='' data-avia-related-tooltip='Compartir en Twitter' rel=\"noopener\"><span class='avia_hidden_link_text'>Compartir en Twitter<\/span><\/a><\/li><li class='av-share-link av-social-link-whatsapp' ><a target=\"_blank\" aria-label=\"Compartir en Whatsapp\" href='https:\/\/api.whatsapp.com\/send?text=https:\/\/radiorevelacionfm.cl\/?p=30503' aria-hidden='false' data-av_icon='\uf232' data-av_iconfont='entypo-fontello' title='' data-avia-related-tooltip='Compartir en Whatsapp' rel=\"noopener\"><span class='avia_hidden_link_text'>Compartir en Whatsapp<\/span><\/a><\/li><li class='av-share-link av-social-link-linkedin' ><a target=\"_blank\" aria-label=\"Compartir en LinkedIn\" href='https:\/\/linkedin.com\/shareArticle?mini=true&#038;title=CChC%20alerta%20por%20cr%C3%ADtico%20escenario%20de%20licitaciones%20e%20inversi%C3%B3n%20p%C3%BAblica%20del%20MOP&#038;url=https:\/\/radiorevelacionfm.cl\/?p=30503' aria-hidden='false' data-av_icon='\ue8fc' data-av_iconfont='entypo-fontello' title='' data-avia-related-tooltip='Compartir en LinkedIn' rel=\"noopener\"><span class='avia_hidden_link_text'>Compartir en LinkedIn<\/span><\/a><\/li><li class='av-share-link av-social-link-mail' ><a  aria-label=\"Compartir por correo\" href='mailto:?subject=CChC%20alerta%20por%20cr%C3%ADtico%20escenario%20de%20licitaciones%20e%20inversi%C3%B3n%20p%C3%BAblica%20del%20MOP&#038;body=https:\/\/radiorevelacionfm.cl\/?p=30503' aria-hidden='false' data-av_icon='\ue805' data-av_iconfont='entypo-fontello' title='' data-avia-related-tooltip='Compartir por correo'><span class='avia_hidden_link_text'>Compartir por correo<\/span><\/a><\/li><\/ul><\/div><\/div>\n<div  style='height:50px' class='hr hr-invisible   avia-builder-el-8  el_after_av_social_share  el_before_av_comments_list '><span class='hr-inner ' ><span class='hr-inner-style'><\/span><\/span><\/div>\n<div  class='av-buildercomment  av-blog-meta-html-info-disabled av-blog-meta-tag-disabled  '><\/div>\n","protected":false},"excerpt":{"rendered":"","protected":false},"author":1,"featured_media":7427,"comment_status":"open","ping_status":"open","sticky":false,"template":"","format":"standard","meta":{"footnotes":""},"categories":[38],"tags":[],"class_list":["post-30503","post","type-post","status-publish","format-standard","has-post-thumbnail","hentry","category-regional"],"jetpack_featured_media_url":"https:\/\/radiorevelacionfm.cl\/wp-content\/uploads\/2021\/08\/trabajadores-1.jpg","_links":{"self":[{"href":"https:\/\/radiorevelacionfm.cl\/index.php?rest_route=\/wp\/v2\/posts\/30503","targetHints":{"allow":["GET"]}}],"collection":[{"href":"https:\/\/radiorevelacionfm.cl\/index.php?rest_route=\/wp\/v2\/posts"}],"about":[{"href":"https:\/\/radiorevelacionfm.cl\/index.php?rest_route=\/wp\/v2\/types\/post"}],"author":[{"embeddable":true,"href":"https:\/\/radiorevelacionfm.cl\/index.php?rest_route=\/wp\/v2\/users\/1"}],"replies":[{"embeddable":true,"href":"https:\/\/radiorevelacionfm.cl\/index.php?rest_route=%2Fwp%2Fv2%2Fcomments&post=30503"}],"version-history":[{"count":1,"href":"https:\/\/radiorevelacionfm.cl\/index.php?rest_route=\/wp\/v2\/posts\/30503\/revisions"}],"predecessor-version":[{"id":30504,"href":"https:\/\/radiorevelacionfm.cl\/index.php?rest_route=\/wp\/v2\/posts\/30503\/revisions\/30504"}],"wp:featuredmedia":[{"embeddable":true,"href":"https:\/\/radiorevelacionfm.cl\/index.php?rest_route=\/wp\/v2\/media\/7427"}],"wp:attachment":[{"href":"https:\/\/radiorevelacionfm.cl\/index.php?rest_route=%2Fwp%2Fv2%2Fmedia&parent=30503"}],"wp:term":[{"taxonomy":"category","embeddable":true,"href":"https:\/\/radiorevelacionfm.cl\/index.php?rest_route=%2Fwp%2Fv2%2Fcategories&post=30503"},{"taxonomy":"post_tag","embeddable":true,"href":"https:\/\/radiorevelacionfm.cl\/index.php?rest_route=%2Fwp%2Fv2%2Ftags&post=30503"}],"curies":[{"name":"wp","href":"https:\/\/api.w.org\/{rel}","templated":true}]}}