{"id":30500,"date":"2023-04-27T11:26:14","date_gmt":"2023-04-27T14:26:14","guid":{"rendered":"https:\/\/radiorevelacionfm.cl\/?p=30500"},"modified":"2023-04-27T11:26:14","modified_gmt":"2023-04-27T14:26:14","slug":"coyhaique-pre-estreno-cantata-al-padre-ronchi","status":"publish","type":"post","link":"https:\/\/radiorevelacionfm.cl\/?p=30500","title":{"rendered":"Coyhaique: Pre-estreno \u201cCantata al Padre Ronchi\u201d"},"content":{"rendered":"<div class=\"flex_column av_one_full  flex_column_div av-zero-column-padding first  avia-builder-el-0  el_before_av_one_full  avia-builder-el-first  \" style='border-radius:0px; '><div  class='avia-image-container  av-styling-    avia-builder-el-1  avia-builder-el-no-sibling  avia-align-center '  itemprop=\"image\" itemscope=\"itemscope\" itemtype=\"https:\/\/schema.org\/ImageObject\"  ><div class='avia-image-container-inner'><div class='avia-image-overlay-wrap'><img decoding=\"async\" class='wp-image-30501 avia-img-lazy-loading-not-30501 avia_image' src=\"https:\/\/radiorevelacionfm.cl\/wp-content\/uploads\/2023\/04\/Padre-Rochi-1-1.jpg\" alt='' title='Padre Rochi (1) (1)' height=\"600\" width=\"795\"  itemprop=\"thumbnailUrl\" srcset=\"https:\/\/radiorevelacionfm.cl\/wp-content\/uploads\/2023\/04\/Padre-Rochi-1-1.jpg 795w, https:\/\/radiorevelacionfm.cl\/wp-content\/uploads\/2023\/04\/Padre-Rochi-1-1-300x226.jpg 300w, https:\/\/radiorevelacionfm.cl\/wp-content\/uploads\/2023\/04\/Padre-Rochi-1-1-768x580.jpg 768w, https:\/\/radiorevelacionfm.cl\/wp-content\/uploads\/2023\/04\/Padre-Rochi-1-1-705x532.jpg 705w, https:\/\/radiorevelacionfm.cl\/wp-content\/uploads\/2023\/04\/Padre-Rochi-1-1-450x340.jpg 450w, https:\/\/radiorevelacionfm.cl\/wp-content\/uploads\/2023\/04\/Padre-Rochi-1-1-600x453.jpg 600w\" sizes=\"(max-width: 795px) 100vw, 795px\" \/><\/div><\/div><\/div><\/div><div class=\"flex_column av_one_full  flex_column_div av-zero-column-padding first  avia-builder-el-2  el_after_av_one_full  el_before_av_one_full  column-top-margin\" style='border-radius:0px; '><section class=\"av_textblock_section \"  itemscope=\"itemscope\" itemtype=\"https:\/\/schema.org\/BlogPosting\" itemprop=\"blogPost\" ><div class='avia_textblock  '   itemprop=\"text\" ><p style=\"text-align: center;\"><strong><span style=\"font-size: 18pt;\">Coyhaique: Pre-estreno \u201cCantata al Padre Ronchi\u201d<\/span><\/strong><\/p>\n<div id=\"gtx-trans\" style=\"position: absolute; left: -50px; top: 4.31534px;\">\n<div class=\"gtx-trans-icon\"><\/div>\n<\/div>\n<\/div><\/section><\/div><div class=\"flex_column av_one_full  flex_column_div av-zero-column-padding first  avia-builder-el-4  el_after_av_one_full  el_before_av_hr  column-top-margin\" style='border-radius:0px; '><section class=\"av_textblock_section \"  itemscope=\"itemscope\" itemtype=\"https:\/\/schema.org\/BlogPosting\" itemprop=\"blogPost\" ><div class='avia_textblock  '   itemprop=\"text\" ><p style=\"font-weight: 400; text-align: justify;\"><em>En el contexto de los 25 a\u00f1os de la Pascua del padre Antonio Ronchi, que se celebraron en diciembre pasado, el pr\u00f3ximo mi\u00e9rcoles 3 de mayo de 2023 se realizar\u00e1 el pre-estreno de esta obra del maestro Juan Mouras, en la Catedral de Ays\u00e9n en Coyhaique.<\/em><\/p>\n<p style=\"font-weight: 400; text-align: justify;\">Inspirado por la vida del padre Ronchi y los 25 a\u00f1os de su partida; y como un signo de elogio y \u201cmemoria agradecida\u201d por la entrega y testimonio de este religioso italiano en Ays\u00e9n, el guitarrista y compositor regional Juan Mouras cre\u00f3 esta obra que celebra \u201cla historia de un curita alegre y popular\u201d.<\/p>\n<p style=\"font-weight: 400; text-align: justify;\">El padre Antonio Ronchi fue un sacerdote que naci\u00f3 en Italia 1930 y que falleci\u00f3 en Chile en 1997. Su ministerio lo desarroll\u00f3 gran parte de su vida en la regi\u00f3n de Ays\u00e9n, donde visit\u00f3 much\u00edsimos poblados llevando la palabra de Dios y suscitando, tambi\u00e9n, la urgente asistencia social.<\/p>\n<p style=\"font-weight: 400; text-align: justify;\">La \u201cCantata al Padre Ronchi\u201d consta de cuatro piezas, de estilo cl\u00e1sico-folcl\u00f3rico, acompa\u00f1adas de breves relatos. Ser\u00e1 interpretada por el maestro Juan Mouras (guitarra), Cristina Lara (canto), Jaime Uribe (guitarra) y Monserrat Rosas (contrabajo). Este pre-estreno ofrecer\u00e1, adem\u00e1s, el testimonio de personas que conocieron y colaboraron con el padre Rochi en su servicio pastoral y social.<\/p>\n<p style=\"font-weight: 400; text-align: justify;\">Animados por el Vicariato Apost\u00f3lico de Ays\u00e9n y su \u00e1rea de la cultura este pre-estreno se realizar\u00e1 el mi\u00e9rcoles 3 de mayo, a las 19:30 horas, en la catedral de Ays\u00e9n en Coyhaique; y ser\u00e1 transmitido en vivo por las redes sociales (Facebook, Youtube y Twitter) del medio de comunicaci\u00f3n vicarial Santa Mar\u00eda Radio y Televisi\u00f3n.<\/p>\n<\/div><\/section><\/div><div  style='height:50px' class='hr hr-invisible   avia-builder-el-6  el_after_av_one_full  el_before_av_social_share '><span class='hr-inner ' ><span class='hr-inner-style'><\/span><\/span><\/div><\/p>\n<div  class='av-social-sharing-box  avia-builder-el-7  el_after_av_hr  el_before_av_hr  '><div class='av-share-box'><h5 class='av-share-link-description av-no-toc '>Compartir esta noticia<\/h5><ul class='av-share-box-list noLightbox'><li class='av-share-link av-social-link-facebook' ><a target=\"_blank\" aria-label=\"Compartir en Facebook\" href='https:\/\/www.facebook.com\/sharer.php?u=https:\/\/radiorevelacionfm.cl\/?p=30500&#038;t=Coyhaique%3A%20Pre-estreno%20%E2%80%9CCantata%20al%20Padre%20Ronchi%E2%80%9D' aria-hidden='false' data-av_icon='\ue8f3' data-av_iconfont='entypo-fontello' title='' data-avia-related-tooltip='Compartir en Facebook' rel=\"noopener\"><span class='avia_hidden_link_text'>Compartir en Facebook<\/span><\/a><\/li><li class='av-share-link av-social-link-twitter' ><a target=\"_blank\" aria-label=\"Compartir en Twitter\" href='https:\/\/twitter.com\/share?text=Coyhaique%3A%20Pre-estreno%20%E2%80%9CCantata%20al%20Padre%20Ronchi%E2%80%9D&#038;url=https:\/\/radiorevelacionfm.cl\/?p=30500' aria-hidden='false' data-av_icon='\ue8f1' data-av_iconfont='entypo-fontello' title='' data-avia-related-tooltip='Compartir en Twitter' rel=\"noopener\"><span class='avia_hidden_link_text'>Compartir en Twitter<\/span><\/a><\/li><li class='av-share-link av-social-link-whatsapp' ><a target=\"_blank\" aria-label=\"Compartir en Whatsapp\" href='https:\/\/api.whatsapp.com\/send?text=https:\/\/radiorevelacionfm.cl\/?p=30500' aria-hidden='false' data-av_icon='\uf232' data-av_iconfont='entypo-fontello' title='' data-avia-related-tooltip='Compartir en Whatsapp' rel=\"noopener\"><span class='avia_hidden_link_text'>Compartir en Whatsapp<\/span><\/a><\/li><li class='av-share-link av-social-link-linkedin' ><a target=\"_blank\" aria-label=\"Compartir en LinkedIn\" href='https:\/\/linkedin.com\/shareArticle?mini=true&#038;title=Coyhaique%3A%20Pre-estreno%20%E2%80%9CCantata%20al%20Padre%20Ronchi%E2%80%9D&#038;url=https:\/\/radiorevelacionfm.cl\/?p=30500' aria-hidden='false' data-av_icon='\ue8fc' data-av_iconfont='entypo-fontello' title='' data-avia-related-tooltip='Compartir en LinkedIn' rel=\"noopener\"><span class='avia_hidden_link_text'>Compartir en LinkedIn<\/span><\/a><\/li><li class='av-share-link av-social-link-mail' ><a  aria-label=\"Compartir por correo\" href='mailto:?subject=Coyhaique%3A%20Pre-estreno%20%E2%80%9CCantata%20al%20Padre%20Ronchi%E2%80%9D&#038;body=https:\/\/radiorevelacionfm.cl\/?p=30500' aria-hidden='false' data-av_icon='\ue805' data-av_iconfont='entypo-fontello' title='' data-avia-related-tooltip='Compartir por correo'><span class='avia_hidden_link_text'>Compartir por correo<\/span><\/a><\/li><\/ul><\/div><\/div>\n<div  style='height:50px' class='hr hr-invisible   avia-builder-el-8  el_after_av_social_share  el_before_av_comments_list '><span class='hr-inner ' ><span class='hr-inner-style'><\/span><\/span><\/div>\n<div  class='av-buildercomment  av-blog-meta-html-info-disabled av-blog-meta-tag-disabled  '><\/div>\n","protected":false},"excerpt":{"rendered":"","protected":false},"author":1,"featured_media":30501,"comment_status":"open","ping_status":"open","sticky":false,"template":"","format":"standard","meta":{"footnotes":""},"categories":[38],"tags":[],"class_list":["post-30500","post","type-post","status-publish","format-standard","has-post-thumbnail","hentry","category-regional"],"jetpack_featured_media_url":"https:\/\/radiorevelacionfm.cl\/wp-content\/uploads\/2023\/04\/Padre-Rochi-1-1.jpg","_links":{"self":[{"href":"https:\/\/radiorevelacionfm.cl\/index.php?rest_route=\/wp\/v2\/posts\/30500","targetHints":{"allow":["GET"]}}],"collection":[{"href":"https:\/\/radiorevelacionfm.cl\/index.php?rest_route=\/wp\/v2\/posts"}],"about":[{"href":"https:\/\/radiorevelacionfm.cl\/index.php?rest_route=\/wp\/v2\/types\/post"}],"author":[{"embeddable":true,"href":"https:\/\/radiorevelacionfm.cl\/index.php?rest_route=\/wp\/v2\/users\/1"}],"replies":[{"embeddable":true,"href":"https:\/\/radiorevelacionfm.cl\/index.php?rest_route=%2Fwp%2Fv2%2Fcomments&post=30500"}],"version-history":[{"count":1,"href":"https:\/\/radiorevelacionfm.cl\/index.php?rest_route=\/wp\/v2\/posts\/30500\/revisions"}],"predecessor-version":[{"id":30502,"href":"https:\/\/radiorevelacionfm.cl\/index.php?rest_route=\/wp\/v2\/posts\/30500\/revisions\/30502"}],"wp:featuredmedia":[{"embeddable":true,"href":"https:\/\/radiorevelacionfm.cl\/index.php?rest_route=\/wp\/v2\/media\/30501"}],"wp:attachment":[{"href":"https:\/\/radiorevelacionfm.cl\/index.php?rest_route=%2Fwp%2Fv2%2Fmedia&parent=30500"}],"wp:term":[{"taxonomy":"category","embeddable":true,"href":"https:\/\/radiorevelacionfm.cl\/index.php?rest_route=%2Fwp%2Fv2%2Fcategories&post=30500"},{"taxonomy":"post_tag","embeddable":true,"href":"https:\/\/radiorevelacionfm.cl\/index.php?rest_route=%2Fwp%2Fv2%2Ftags&post=30500"}],"curies":[{"name":"wp","href":"https:\/\/api.w.org\/{rel}","templated":true}]}}