{"id":30497,"date":"2023-04-26T21:33:37","date_gmt":"2023-04-27T00:33:37","guid":{"rendered":"https:\/\/radiorevelacionfm.cl\/?p=30497"},"modified":"2023-04-26T21:33:37","modified_gmt":"2023-04-27T00:33:37","slug":"a-partir-de-este-sabado-barcaza-don-beto-dara-continuidad-a-servicio-maritimo-hacia-islas-huichas","status":"publish","type":"post","link":"https:\/\/radiorevelacionfm.cl\/?p=30497","title":{"rendered":"A partir de este s\u00e1bado, barcaza \u201cDon Beto\u201d dar\u00e1 continuidad a servicio mar\u00edtimo hacia Islas Huichas"},"content":{"rendered":"<div class=\"flex_column av_one_full  flex_column_div av-zero-column-padding first  avia-builder-el-0  el_before_av_one_full  avia-builder-el-first  \" style='border-radius:0px; '><div  class='avia-image-container  av-styling-    avia-builder-el-1  avia-builder-el-no-sibling  avia-align-center '  itemprop=\"image\" itemscope=\"itemscope\" itemtype=\"https:\/\/schema.org\/ImageObject\"  ><div class='avia-image-container-inner'><div class='avia-image-overlay-wrap'><img decoding=\"async\" class='wp-image-30498 avia-img-lazy-loading-not-30498 avia_image' src=\"https:\/\/radiorevelacionfm.cl\/wp-content\/uploads\/2023\/04\/Barcaza-Don-Beto-1-1-1.jpg\" alt='' title='Barcaza Don Beto (1) (1) (1)' height=\"600\" width=\"899\"  itemprop=\"thumbnailUrl\" srcset=\"https:\/\/radiorevelacionfm.cl\/wp-content\/uploads\/2023\/04\/Barcaza-Don-Beto-1-1-1.jpg 899w, https:\/\/radiorevelacionfm.cl\/wp-content\/uploads\/2023\/04\/Barcaza-Don-Beto-1-1-1-300x200.jpg 300w, https:\/\/radiorevelacionfm.cl\/wp-content\/uploads\/2023\/04\/Barcaza-Don-Beto-1-1-1-768x513.jpg 768w, https:\/\/radiorevelacionfm.cl\/wp-content\/uploads\/2023\/04\/Barcaza-Don-Beto-1-1-1-705x471.jpg 705w, https:\/\/radiorevelacionfm.cl\/wp-content\/uploads\/2023\/04\/Barcaza-Don-Beto-1-1-1-450x300.jpg 450w, https:\/\/radiorevelacionfm.cl\/wp-content\/uploads\/2023\/04\/Barcaza-Don-Beto-1-1-1-600x400.jpg 600w\" sizes=\"(max-width: 899px) 100vw, 899px\" \/><\/div><\/div><\/div><\/div><div class=\"flex_column av_one_full  flex_column_div av-zero-column-padding first  avia-builder-el-2  el_after_av_one_full  el_before_av_one_full  column-top-margin\" style='border-radius:0px; '><section class=\"av_textblock_section \"  itemscope=\"itemscope\" itemtype=\"https:\/\/schema.org\/BlogPosting\" itemprop=\"blogPost\" ><div class='avia_textblock  '   itemprop=\"text\" ><p style=\"text-align: center;\"><span style=\"font-size: 18pt;\"><b>A partir de este s\u00e1bado, barcaza \u201cDon Beto\u201d dar\u00e1 continuidad a servicio mar\u00edtimo hacia Islas Huichas<\/b><\/span><\/p>\n<div id=\"gtx-trans\" style=\"position: absolute; left: -50px; top: 4.31534px;\">\n<div class=\"gtx-trans-icon\"><\/div>\n<\/div>\n<\/div><\/section><\/div><div class=\"flex_column av_one_full  flex_column_div av-zero-column-padding first  avia-builder-el-4  el_after_av_one_full  el_before_av_hr  column-top-margin\" style='border-radius:0px; '><section class=\"av_textblock_section \"  itemscope=\"itemscope\" itemtype=\"https:\/\/schema.org\/BlogPosting\" itemprop=\"blogPost\" ><div class='avia_textblock  '   itemprop=\"text\" ><p style=\"text-align: justify;\">Ante la necesidad de dar continuidad al transporte mar\u00edtimo subsidiado hacia Puerto Aguirre, y frente al t\u00e9rmino del contrato vigente -que no incluye pr\u00f3rroga-, la nave \u201cDon Beto\u201d iniciar\u00e1 sus operaciones en este recorrido a partir del 29 de abril, luego de completar el proceso de contrataci\u00f3n revisado por la Divisi\u00f3n de Transporte P\u00fablico Regional.<\/p>\n<p style=\"text-align: justify;\">La seremiTT regi\u00f3n de Ays\u00e9n realiz\u00f3, a partir del a\u00f1o pasado, una serie de participaciones ciudadanas con la finalidad de definir las caracter\u00edsticas de embarcaci\u00f3n m\u00e1s beneficiosa para las localidades de Islas Huichas, de acuerdo a las necesidades de las vecinas y vecinos, y cuyo resultado fue informado a las correspondientes directivas vecinales de Puerto Aguirre, Estero Copa y Caleta Andrade en enero de este a\u00f1o.<\/p>\n<p style=\"text-align: justify;\">Con la operaci\u00f3n de la nave \u201cDon Beto\u201d, el Ministerio de Transportes y Telecomunicaciones brinda nuevas ventajas de conectividad a los vecinos, entre ellos la posibilidad de viajes especiales para cargas peligrosas, como gas y combustible. Asimismo, al ser una embarcaci\u00f3n con mayor capacidad de carga, ser\u00e1 posible que los habitantes de Islas Huichas puedan trasladarse en sus veh\u00edculos particulares. Adem\u00e1s, la sala de pasajeros, habilitada para 200 personas, cuenta con mejores condiciones de habitabilidad, en especial en lo que respecta al acceso a los servicios higi\u00e9nicos.<\/p>\n<p style=\"text-align: justify;\"><strong>Ventajas tarifarias<\/strong><\/p>\n<p style=\"text-align: justify;\">El nuevo contrato incluye rebajas tarifarias para residentes y la gratuidad para personas mayores de 65 a\u00f1os, residentes con discapacidad, residentes estudiantes de educaci\u00f3n superior y ni\u00f1os menores de 12 a\u00f1os. Para el transporte de carga, se contempla tambi\u00e9n una rebaja tarifaria de 50% para los residentes.<\/p>\n<p style=\"text-align: justify;\">Por sus caracter\u00edsticas, se estima entre 4 y 4 horas 20 minutos su velocidad de navegaci\u00f3n, similar a la duraci\u00f3n del viaje existente al d\u00eda de hoy. Esta embarcaci\u00f3n se suma al recorrido subvencionado de la Ruta Cordillera con nave \u201cQueulat\u201d, aportando al funcionamiento de la cadena log\u00edstica regional.<\/p>\n<p style=\"text-align: justify;\">Recordemos que actualmente en la zona opera el catamar\u00e1n \u201cAnasthasia\u201d, con capacidad para 60 personas y apto para trasladar s\u00f3lo cargas menores.<\/p>\n<p style=\"text-align: justify;\">La seremiTT Claudia Cantero invit\u00f3 a la comunidad a conocer los servicios de esta nave que cambiar\u00e1 la forma de entender el transporte hacia Islas Huichas. \u201cSabemos que esta propuesta es un gran cambio, por lo mismo est\u00e1 planteado como un piloto que se extender\u00e1 por seis meses. Estaremos monitoreando su operaci\u00f3n de forma permanente y esperamos que, a tres meses de estar en ruta, tengamos los antecedentes para evaluar su funcionamiento\u201d, concluy\u00f3.<\/p>\n<\/div><\/section><\/div><div  style='height:50px' class='hr hr-invisible   avia-builder-el-6  el_after_av_one_full  el_before_av_social_share '><span class='hr-inner ' ><span class='hr-inner-style'><\/span><\/span><\/div><\/p>\n<div  class='av-social-sharing-box  avia-builder-el-7  el_after_av_hr  el_before_av_hr  '><div class='av-share-box'><h5 class='av-share-link-description av-no-toc '>Compartir esta noticia<\/h5><ul class='av-share-box-list noLightbox'><li class='av-share-link av-social-link-facebook' ><a target=\"_blank\" aria-label=\"Compartir en Facebook\" href='https:\/\/www.facebook.com\/sharer.php?u=https:\/\/radiorevelacionfm.cl\/?p=30497&#038;t=A%20partir%20de%20este%20s%C3%A1bado%2C%20barcaza%20%E2%80%9CDon%20Beto%E2%80%9D%20dar%C3%A1%20continuidad%20a%20servicio%20mar%C3%ADtimo%20hacia%20Islas%20Huichas' aria-hidden='false' data-av_icon='\ue8f3' data-av_iconfont='entypo-fontello' title='' data-avia-related-tooltip='Compartir en Facebook' rel=\"noopener\"><span class='avia_hidden_link_text'>Compartir en Facebook<\/span><\/a><\/li><li class='av-share-link av-social-link-twitter' ><a target=\"_blank\" aria-label=\"Compartir en Twitter\" href='https:\/\/twitter.com\/share?text=A%20partir%20de%20este%20s%C3%A1bado%2C%20barcaza%20%E2%80%9CDon%20Beto%E2%80%9D%20dar%C3%A1%20continuidad%20a%20servicio%20mar%C3%ADtimo%20hacia%20Islas%20Huichas&#038;url=https:\/\/radiorevelacionfm.cl\/?p=30497' aria-hidden='false' data-av_icon='\ue8f1' data-av_iconfont='entypo-fontello' title='' data-avia-related-tooltip='Compartir en Twitter' rel=\"noopener\"><span class='avia_hidden_link_text'>Compartir en Twitter<\/span><\/a><\/li><li class='av-share-link av-social-link-whatsapp' ><a target=\"_blank\" aria-label=\"Compartir en Whatsapp\" href='https:\/\/api.whatsapp.com\/send?text=https:\/\/radiorevelacionfm.cl\/?p=30497' aria-hidden='false' data-av_icon='\uf232' data-av_iconfont='entypo-fontello' title='' data-avia-related-tooltip='Compartir en Whatsapp' rel=\"noopener\"><span class='avia_hidden_link_text'>Compartir en Whatsapp<\/span><\/a><\/li><li class='av-share-link av-social-link-linkedin' ><a target=\"_blank\" aria-label=\"Compartir en LinkedIn\" href='https:\/\/linkedin.com\/shareArticle?mini=true&#038;title=A%20partir%20de%20este%20s%C3%A1bado%2C%20barcaza%20%E2%80%9CDon%20Beto%E2%80%9D%20dar%C3%A1%20continuidad%20a%20servicio%20mar%C3%ADtimo%20hacia%20Islas%20Huichas&#038;url=https:\/\/radiorevelacionfm.cl\/?p=30497' aria-hidden='false' data-av_icon='\ue8fc' data-av_iconfont='entypo-fontello' title='' data-avia-related-tooltip='Compartir en LinkedIn' rel=\"noopener\"><span class='avia_hidden_link_text'>Compartir en LinkedIn<\/span><\/a><\/li><li class='av-share-link av-social-link-mail' ><a  aria-label=\"Compartir por correo\" href='mailto:?subject=A%20partir%20de%20este%20s%C3%A1bado%2C%20barcaza%20%E2%80%9CDon%20Beto%E2%80%9D%20dar%C3%A1%20continuidad%20a%20servicio%20mar%C3%ADtimo%20hacia%20Islas%20Huichas&#038;body=https:\/\/radiorevelacionfm.cl\/?p=30497' aria-hidden='false' data-av_icon='\ue805' data-av_iconfont='entypo-fontello' title='' data-avia-related-tooltip='Compartir por correo'><span class='avia_hidden_link_text'>Compartir por correo<\/span><\/a><\/li><\/ul><\/div><\/div>\n<div  style='height:50px' class='hr hr-invisible   avia-builder-el-8  el_after_av_social_share  el_before_av_comments_list '><span class='hr-inner ' ><span class='hr-inner-style'><\/span><\/span><\/div>\n<div  class='av-buildercomment  av-blog-meta-html-info-disabled av-blog-meta-tag-disabled  '><\/div>\n","protected":false},"excerpt":{"rendered":"","protected":false},"author":1,"featured_media":30498,"comment_status":"open","ping_status":"open","sticky":false,"template":"","format":"standard","meta":{"footnotes":""},"categories":[59],"tags":[],"class_list":["post-30497","post","type-post","status-publish","format-standard","has-post-thumbnail","hentry","category-transporte"],"jetpack_featured_media_url":"https:\/\/radiorevelacionfm.cl\/wp-content\/uploads\/2023\/04\/Barcaza-Don-Beto-1-1-1.jpg","_links":{"self":[{"href":"https:\/\/radiorevelacionfm.cl\/index.php?rest_route=\/wp\/v2\/posts\/30497","targetHints":{"allow":["GET"]}}],"collection":[{"href":"https:\/\/radiorevelacionfm.cl\/index.php?rest_route=\/wp\/v2\/posts"}],"about":[{"href":"https:\/\/radiorevelacionfm.cl\/index.php?rest_route=\/wp\/v2\/types\/post"}],"author":[{"embeddable":true,"href":"https:\/\/radiorevelacionfm.cl\/index.php?rest_route=\/wp\/v2\/users\/1"}],"replies":[{"embeddable":true,"href":"https:\/\/radiorevelacionfm.cl\/index.php?rest_route=%2Fwp%2Fv2%2Fcomments&post=30497"}],"version-history":[{"count":1,"href":"https:\/\/radiorevelacionfm.cl\/index.php?rest_route=\/wp\/v2\/posts\/30497\/revisions"}],"predecessor-version":[{"id":30499,"href":"https:\/\/radiorevelacionfm.cl\/index.php?rest_route=\/wp\/v2\/posts\/30497\/revisions\/30499"}],"wp:featuredmedia":[{"embeddable":true,"href":"https:\/\/radiorevelacionfm.cl\/index.php?rest_route=\/wp\/v2\/media\/30498"}],"wp:attachment":[{"href":"https:\/\/radiorevelacionfm.cl\/index.php?rest_route=%2Fwp%2Fv2%2Fmedia&parent=30497"}],"wp:term":[{"taxonomy":"category","embeddable":true,"href":"https:\/\/radiorevelacionfm.cl\/index.php?rest_route=%2Fwp%2Fv2%2Fcategories&post=30497"},{"taxonomy":"post_tag","embeddable":true,"href":"https:\/\/radiorevelacionfm.cl\/index.php?rest_route=%2Fwp%2Fv2%2Ftags&post=30497"}],"curies":[{"name":"wp","href":"https:\/\/api.w.org\/{rel}","templated":true}]}}