{"id":30494,"date":"2023-04-27T12:02:25","date_gmt":"2023-04-27T15:02:25","guid":{"rendered":"https:\/\/radiorevelacionfm.cl\/?p=30494"},"modified":"2023-04-27T12:02:25","modified_gmt":"2023-04-27T15:02:25","slug":"declaracion-afsag-aysen-por-las-querellas-criminales-interpuestas-contra-trabajadores-del-servicio","status":"publish","type":"post","link":"https:\/\/radiorevelacionfm.cl\/?p=30494","title":{"rendered":"Declaraci\u00f3n AFSAG Ays\u00e9n por las querellas criminales interpuestas contra trabajadores del Servicio"},"content":{"rendered":"<div class=\"flex_column av_one_full  flex_column_div av-zero-column-padding first  avia-builder-el-0  el_before_av_one_full  avia-builder-el-first  \" style='border-radius:0px; '><div  class='avia-image-container  av-styling-    avia-builder-el-1  avia-builder-el-no-sibling  avia-align-center '  itemprop=\"image\" itemscope=\"itemscope\" itemtype=\"https:\/\/schema.org\/ImageObject\"  ><div class='avia-image-container-inner'><div class='avia-image-overlay-wrap'><img decoding=\"async\" class='wp-image-30495 avia-img-lazy-loading-not-30495 avia_image' src=\"https:\/\/radiorevelacionfm.cl\/wp-content\/uploads\/2023\/04\/parcelaciones-1_optimized.jpg\" alt='' title='parcelaciones-(1)_optimized' height=\"600\" width=\"900\"  itemprop=\"thumbnailUrl\" srcset=\"https:\/\/radiorevelacionfm.cl\/wp-content\/uploads\/2023\/04\/parcelaciones-1_optimized.jpg 900w, https:\/\/radiorevelacionfm.cl\/wp-content\/uploads\/2023\/04\/parcelaciones-1_optimized-300x200.jpg 300w, https:\/\/radiorevelacionfm.cl\/wp-content\/uploads\/2023\/04\/parcelaciones-1_optimized-768x512.jpg 768w, https:\/\/radiorevelacionfm.cl\/wp-content\/uploads\/2023\/04\/parcelaciones-1_optimized-705x470.jpg 705w, https:\/\/radiorevelacionfm.cl\/wp-content\/uploads\/2023\/04\/parcelaciones-1_optimized-450x300.jpg 450w, https:\/\/radiorevelacionfm.cl\/wp-content\/uploads\/2023\/04\/parcelaciones-1_optimized-600x400.jpg 600w\" sizes=\"(max-width: 900px) 100vw, 900px\" \/><\/div><\/div><\/div><\/div><div class=\"flex_column av_one_full  flex_column_div av-zero-column-padding first  avia-builder-el-2  el_after_av_one_full  el_before_av_one_full  column-top-margin\" style='border-radius:0px; '><section class=\"av_textblock_section \"  itemscope=\"itemscope\" itemtype=\"https:\/\/schema.org\/BlogPosting\" itemprop=\"blogPost\" ><div class='avia_textblock  '   itemprop=\"text\" ><p style=\"text-align: center;\"><strong><span style=\"font-size: 18pt;\">Declaraci\u00f3n AFSAG Ays\u00e9n por las querellas criminales interpuestas contra trabajadores del Servicio<\/span><\/strong><\/p>\n<div id=\"gtx-trans\" style=\"position: absolute; left: -50px; top: 4.31534px;\">\n<div class=\"gtx-trans-icon\"><\/div>\n<\/div>\n<\/div><\/section><\/div><div class=\"flex_column av_one_full  flex_column_div av-zero-column-padding first  avia-builder-el-4  el_after_av_one_full  el_before_av_hr  column-top-margin\" style='border-radius:0px; '><section class=\"av_textblock_section \"  itemscope=\"itemscope\" itemtype=\"https:\/\/schema.org\/BlogPosting\" itemprop=\"blogPost\" ><div class='avia_textblock  '   itemprop=\"text\" ><p style=\"text-align: justify;\">La Asociaci\u00f3n de Funcionarias y Funcionarios del Servicio Agr\u00edcola y Ganadero (AFSAG Ays\u00e9n), que representa a m\u00e1s del 80% de los Funcionarios del Servicio en nuestra Regi\u00f3n, expresa su en\u00e9rgico respaldo a las Socias, Socios y Colegas que han sido objeto de querellas criminales interpuestas por los abogados de \u201cChile Rural AG\u201d.<\/p>\n<p style=\"text-align: justify;\">Dado que las querellas tienen como fondo la interpretaci\u00f3n de leyes que rigen un proceso espec\u00edfico que realiza nuestro Servicio (subdivisiones de predios r\u00fasticos) y por otro la Ley de Bases de los Procedimientos Administrativos, que se aplica a todas las tareas del Estado, es fundamental aclarar que las querellas est\u00e1n dirigidas hacia Funcionarias y Funcionarios que cumplen con los lineamientos establecidos por las autoridades del Servicio, las que han sido respaldadas tanto a nivel Nacional como por autoridades a nivel Regional.<\/p>\n<p style=\"text-align: justify;\">Como Asociaci\u00f3n, defendemos la labor de las Funcionarias y Funcionarios del Servicio Agr\u00edcola y Ganadero, y rechazamos cualquier eventual acci\u00f3n que pueda percibirse como amedrentamiento o represalia hacia quienes han cumplido con su labor y han actuado de manera profesional bajo el amparo de la normativa vigente, en defensa de la protecci\u00f3n del uso del suelo agropecuario, de los recursos naturales, silvoagropecuarios y el medio ambiente de nuestra Regi\u00f3n.<\/p>\n<p style=\"text-align: justify;\">AFSAG Ays\u00e9n reafirma su compromiso de velar por el bienestar, los derechos y la dignidad de las Funcionarias y Funcionarios del Servicio Agr\u00edcola y Ganadero, a trav\u00e9s de la participaci\u00f3n activa en todas las instancias que sean necesarias. Trabajaremos junto a nuestros Asociadas y Asociados para fomentar un entorno laboral equitativo y seguro para quienes se desempe\u00f1an en nuestra Instituci\u00f3n a lo largo del Pa\u00eds.<\/p>\n<\/div><\/section><\/div><div  style='height:50px' class='hr hr-invisible   avia-builder-el-6  el_after_av_one_full  el_before_av_social_share '><span class='hr-inner ' ><span class='hr-inner-style'><\/span><\/span><\/div><\/p>\n<div  class='av-social-sharing-box  avia-builder-el-7  el_after_av_hr  el_before_av_hr  '><div class='av-share-box'><h5 class='av-share-link-description av-no-toc '>Compartir esta noticia<\/h5><ul class='av-share-box-list noLightbox'><li class='av-share-link av-social-link-facebook' ><a target=\"_blank\" aria-label=\"Compartir en Facebook\" href='https:\/\/www.facebook.com\/sharer.php?u=https:\/\/radiorevelacionfm.cl\/?p=30494&#038;t=Declaraci%C3%B3n%20AFSAG%20Ays%C3%A9n%20por%20las%20querellas%20criminales%20interpuestas%20contra%20trabajadores%20del%20Servicio' aria-hidden='false' data-av_icon='\ue8f3' data-av_iconfont='entypo-fontello' title='' data-avia-related-tooltip='Compartir en Facebook' rel=\"noopener\"><span class='avia_hidden_link_text'>Compartir en Facebook<\/span><\/a><\/li><li class='av-share-link av-social-link-twitter' ><a target=\"_blank\" aria-label=\"Compartir en Twitter\" href='https:\/\/twitter.com\/share?text=Declaraci%C3%B3n%20AFSAG%20Ays%C3%A9n%20por%20las%20querellas%20criminales%20interpuestas%20contra%20trabajadores%20del%20Servicio&#038;url=https:\/\/radiorevelacionfm.cl\/?p=30494' aria-hidden='false' data-av_icon='\ue8f1' data-av_iconfont='entypo-fontello' title='' data-avia-related-tooltip='Compartir en Twitter' rel=\"noopener\"><span class='avia_hidden_link_text'>Compartir en Twitter<\/span><\/a><\/li><li class='av-share-link av-social-link-whatsapp' ><a target=\"_blank\" aria-label=\"Compartir en Whatsapp\" href='https:\/\/api.whatsapp.com\/send?text=https:\/\/radiorevelacionfm.cl\/?p=30494' aria-hidden='false' data-av_icon='\uf232' data-av_iconfont='entypo-fontello' title='' data-avia-related-tooltip='Compartir en Whatsapp' rel=\"noopener\"><span class='avia_hidden_link_text'>Compartir en Whatsapp<\/span><\/a><\/li><li class='av-share-link av-social-link-linkedin' ><a target=\"_blank\" aria-label=\"Compartir en LinkedIn\" href='https:\/\/linkedin.com\/shareArticle?mini=true&#038;title=Declaraci%C3%B3n%20AFSAG%20Ays%C3%A9n%20por%20las%20querellas%20criminales%20interpuestas%20contra%20trabajadores%20del%20Servicio&#038;url=https:\/\/radiorevelacionfm.cl\/?p=30494' aria-hidden='false' data-av_icon='\ue8fc' data-av_iconfont='entypo-fontello' title='' data-avia-related-tooltip='Compartir en LinkedIn' rel=\"noopener\"><span class='avia_hidden_link_text'>Compartir en LinkedIn<\/span><\/a><\/li><li class='av-share-link av-social-link-mail' ><a  aria-label=\"Compartir por correo\" href='mailto:?subject=Declaraci%C3%B3n%20AFSAG%20Ays%C3%A9n%20por%20las%20querellas%20criminales%20interpuestas%20contra%20trabajadores%20del%20Servicio&#038;body=https:\/\/radiorevelacionfm.cl\/?p=30494' aria-hidden='false' data-av_icon='\ue805' data-av_iconfont='entypo-fontello' title='' data-avia-related-tooltip='Compartir por correo'><span class='avia_hidden_link_text'>Compartir por correo<\/span><\/a><\/li><\/ul><\/div><\/div>\n<div  style='height:50px' class='hr hr-invisible   avia-builder-el-8  el_after_av_social_share  el_before_av_comments_list '><span class='hr-inner ' ><span class='hr-inner-style'><\/span><\/span><\/div>\n<div  class='av-buildercomment  av-blog-meta-html-info-disabled av-blog-meta-tag-disabled  '><\/div>\n","protected":false},"excerpt":{"rendered":"","protected":false},"author":1,"featured_media":30495,"comment_status":"open","ping_status":"open","sticky":false,"template":"","format":"standard","meta":{"footnotes":""},"categories":[58],"tags":[],"class_list":["post-30494","post","type-post","status-publish","format-standard","has-post-thumbnail","hentry","category-agricultura"],"jetpack_featured_media_url":"https:\/\/radiorevelacionfm.cl\/wp-content\/uploads\/2023\/04\/parcelaciones-1_optimized.jpg","_links":{"self":[{"href":"https:\/\/radiorevelacionfm.cl\/index.php?rest_route=\/wp\/v2\/posts\/30494","targetHints":{"allow":["GET"]}}],"collection":[{"href":"https:\/\/radiorevelacionfm.cl\/index.php?rest_route=\/wp\/v2\/posts"}],"about":[{"href":"https:\/\/radiorevelacionfm.cl\/index.php?rest_route=\/wp\/v2\/types\/post"}],"author":[{"embeddable":true,"href":"https:\/\/radiorevelacionfm.cl\/index.php?rest_route=\/wp\/v2\/users\/1"}],"replies":[{"embeddable":true,"href":"https:\/\/radiorevelacionfm.cl\/index.php?rest_route=%2Fwp%2Fv2%2Fcomments&post=30494"}],"version-history":[{"count":1,"href":"https:\/\/radiorevelacionfm.cl\/index.php?rest_route=\/wp\/v2\/posts\/30494\/revisions"}],"predecessor-version":[{"id":30496,"href":"https:\/\/radiorevelacionfm.cl\/index.php?rest_route=\/wp\/v2\/posts\/30494\/revisions\/30496"}],"wp:featuredmedia":[{"embeddable":true,"href":"https:\/\/radiorevelacionfm.cl\/index.php?rest_route=\/wp\/v2\/media\/30495"}],"wp:attachment":[{"href":"https:\/\/radiorevelacionfm.cl\/index.php?rest_route=%2Fwp%2Fv2%2Fmedia&parent=30494"}],"wp:term":[{"taxonomy":"category","embeddable":true,"href":"https:\/\/radiorevelacionfm.cl\/index.php?rest_route=%2Fwp%2Fv2%2Fcategories&post=30494"},{"taxonomy":"post_tag","embeddable":true,"href":"https:\/\/radiorevelacionfm.cl\/index.php?rest_route=%2Fwp%2Fv2%2Ftags&post=30494"}],"curies":[{"name":"wp","href":"https:\/\/api.w.org\/{rel}","templated":true}]}}