{"id":30490,"date":"2023-04-26T19:28:04","date_gmt":"2023-04-26T22:28:04","guid":{"rendered":"https:\/\/radiorevelacionfm.cl\/?p=30490"},"modified":"2023-04-26T19:28:04","modified_gmt":"2023-04-26T22:28:04","slug":"hospital-digital-capacita-a-mas-de-400-profesionales-de-la-red-del-servicio-salud-aysen","status":"publish","type":"post","link":"https:\/\/radiorevelacionfm.cl\/?p=30490","title":{"rendered":"Hospital Digital capacita a m\u00e1s de 400 profesionales de la red del Servicio Salud Ays\u00e9n"},"content":{"rendered":"<div class=\"flex_column av_one_full  flex_column_div av-zero-column-padding first  avia-builder-el-0  el_before_av_one_full  avia-builder-el-first  \" style='border-radius:0px; '><div  class='avia-image-container  av-styling-    avia-builder-el-1  avia-builder-el-no-sibling  avia-align-center '  itemprop=\"image\" itemscope=\"itemscope\" itemtype=\"https:\/\/schema.org\/ImageObject\"  ><div class='avia-image-container-inner'><div class='avia-image-overlay-wrap'><img decoding=\"async\" class='wp-image-30491 avia-img-lazy-loading-not-30491 avia_image' src=\"https:\/\/radiorevelacionfm.cl\/wp-content\/uploads\/2023\/04\/hospital-c-2023-04-26t182352_optimized.125-1-1.jpg\" alt='' title='hospital-c--2023-04-26t182352_optimized.125-(1)-(1)' height=\"600\" width=\"782\"  itemprop=\"thumbnailUrl\" srcset=\"https:\/\/radiorevelacionfm.cl\/wp-content\/uploads\/2023\/04\/hospital-c-2023-04-26t182352_optimized.125-1-1.jpg 782w, https:\/\/radiorevelacionfm.cl\/wp-content\/uploads\/2023\/04\/hospital-c-2023-04-26t182352_optimized.125-1-1-300x230.jpg 300w, https:\/\/radiorevelacionfm.cl\/wp-content\/uploads\/2023\/04\/hospital-c-2023-04-26t182352_optimized.125-1-1-768x589.jpg 768w, https:\/\/radiorevelacionfm.cl\/wp-content\/uploads\/2023\/04\/hospital-c-2023-04-26t182352_optimized.125-1-1-705x541.jpg 705w, https:\/\/radiorevelacionfm.cl\/wp-content\/uploads\/2023\/04\/hospital-c-2023-04-26t182352_optimized.125-1-1-450x345.jpg 450w, https:\/\/radiorevelacionfm.cl\/wp-content\/uploads\/2023\/04\/hospital-c-2023-04-26t182352_optimized.125-1-1-600x460.jpg 600w\" sizes=\"(max-width: 782px) 100vw, 782px\" \/><\/div><\/div><\/div><\/div>\n<div class=\"flex_column av_one_full  flex_column_div av-zero-column-padding first  avia-builder-el-2  el_after_av_one_full  el_before_av_one_full  column-top-margin\" style='border-radius:0px; '><section class=\"av_textblock_section \"  itemscope=\"itemscope\" itemtype=\"https:\/\/schema.org\/BlogPosting\" itemprop=\"blogPost\" ><div class='avia_textblock  '   itemprop=\"text\" ><p style=\"text-align: center;\"><strong><span style=\"font-size: 18pt;\">Hospital Digital capacita a m\u00e1s de 400 profesionales de la red del Servicio Salud Ays\u00e9n <\/span><\/strong><\/p>\n<div id=\"gtx-trans\" style=\"position: absolute; left: -50px; top: 4.31534px;\">\n<div class=\"gtx-trans-icon\"><\/div>\n<\/div>\n<\/div><\/section><\/div><div class=\"flex_column av_one_full  flex_column_div av-zero-column-padding first  avia-builder-el-4  el_after_av_one_full  el_before_av_hr  column-top-margin\" style='border-radius:0px; '><section class=\"av_textblock_section \"  itemscope=\"itemscope\" itemtype=\"https:\/\/schema.org\/BlogPosting\" itemprop=\"blogPost\" ><div class='avia_textblock  '   itemprop=\"text\" ><p style=\"font-weight: 400; text-align: justify;\">Desde el 2019 el equipo de Hospital Digital y\u00a0Atenci\u00f3n Primaria del Servicio de Salud Ays\u00e9n (SSA),\u00a0avanzan en la estrategia de formaci\u00f3n en el uso de las herramientas digitales y modalidad de telemedicina sincr\u00f3nica para los profesionales TENS. Jenny Obando Latorre, enfermera de Gesti\u00f3n del Cuidado Hospital Digital, dio cuenta del \u00e9xito de los cursos en los diferentes recintos de atenci\u00f3n en la regi\u00f3n.<\/p>\n<p style=\"font-weight: 400; text-align: justify;\">\u201cA la fecha tenemos el 98% de los funcionarios capacitados y esto se debe a la alta rotaci\u00f3n de m\u00e9dicos y funcionarios que tenemos. Esto es una mejora continua con seguimiento todos los meses, en los profesionales que ingresan y egresan\u201d, manifest\u00f3 Obando Latorre.<\/p>\n<p style=\"font-weight: 400; text-align: justify;\">En esa misma l\u00ednea, la profesional explic\u00f3 el impacto positivo que tiene la estrategia en las localidades como: Puerto Ra\u00fal Mar\u00edn Balmaceda, Lago Verde, La Junta, Puyuhuapi, entre otras, territorios que hoy se suma a las consultas de telemedicina, a trav\u00e9s del Hospital Digital y Atenci\u00f3n Primaria del Servicio de Salud Ays\u00e9n (SSA).<\/p>\n<p style=\"font-weight: 400; text-align: justify;\">\u201cHa sido muy bien recepcionado por el estamento de TENS, tenemos a las 28 pistas de la regi\u00f3n de Ays\u00e9n, zona norte, centro sur, sur y litoral conectados con m\u00e9dicos de Hospital Digital, desde lunes a viernes, a partir de las 8:00 de la ma\u00f1ana a las 20:00 horas\u201d, mencion\u00f3 Obando.<\/p>\n<p style=\"font-weight: 400; text-align: justify;\">El sitio web del Hospital Digital, permite consultar sobre medicina general, especialidades como: nefrolog\u00eda, geriatr\u00eda, diabetes, dermatolog\u00eda, cardiolog\u00eda y patolog\u00eda oral, a su vez, los usuarios podr\u00e1n preguntar sobre informaci\u00f3n relevante para el cuidado de su salud, iniciar tratamientos de manera m\u00e1s r\u00e1pida y oportuna, as\u00ed tambi\u00e9n acceder con m\u00e1s facilidad y rapidez a atenci\u00f3n m\u00e9dica general y tratamientos m\u00e9dicos.<\/p>\n<p style=\"font-weight: 400; text-align: justify;\">Cabe mencionar que el\u00a0Hospital Digital, consiste en un nuevo modelo de atenci\u00f3n en salud, centrado en el paciente, y que aprovecha el potencial de las tecnolog\u00edas, para acercar a las personas hasta los centros de atenci\u00f3n, instalando una alternativa al modelo tradicional de cuidado, con cobertura nacional, las 24 horas del d\u00eda, los 7 d\u00edas de la semana.<\/p>\n<p style=\"font-weight: 400; text-align: justify;\">\u201cLa estrategia va de la mano con los lineamientos que nos han entregado desde nivel central, el gobierno de Gabriel Boric, en ese sentido, se nos ha indicado acercar la salud a los territorios y a la gente. Con esta iniciativa de Hospital Digital, estamos cumpliendo con los objetivos de muy buena forma y con equipos que est\u00e1n bien preparados y capacitados para atender en los distintos dispositivos en nuestra regi\u00f3n\u201d, expres\u00f3 Hern\u00e1n Barrientos, subdirector de Gesti\u00f3n Asistencial del Servicio de Salud Ays\u00e9n.<\/p>\n<p style=\"font-weight: 400; text-align: justify;\">Por \u00faltimo, los profesionales que deseen participar o acceder a los cursos de capacitaci\u00f3n, podr\u00e1n consultar a los correos\u00a0<a href=\"mailto:enfermera.hdigital@saludaysen.cl\">enfermera.hdigital@saludaysen.cl<\/a>\u00a0o\u00a0<a href=\"mailto:cristobal.carmona@minsal.cl\">cristobal.carmona@minsal.cl<\/a><\/p>\n<\/div><\/section><\/div><\/p>\n<div  style='height:50px' class='hr hr-invisible   avia-builder-el-6  el_after_av_one_full  el_before_av_social_share '><span class='hr-inner ' ><span class='hr-inner-style'><\/span><\/span><\/div>\n<div  class='av-social-sharing-box  avia-builder-el-7  el_after_av_hr  el_before_av_hr  '><div class='av-share-box'><h5 class='av-share-link-description av-no-toc '>Compartir esta noticia<\/h5><ul class='av-share-box-list noLightbox'><li class='av-share-link av-social-link-facebook' ><a target=\"_blank\" aria-label=\"Compartir en Facebook\" href='https:\/\/www.facebook.com\/sharer.php?u=https:\/\/radiorevelacionfm.cl\/?p=30490&#038;t=Hospital%20Digital%20capacita%20a%20m%C3%A1s%20de%20400%20profesionales%20de%20la%20red%20del%20Servicio%20Salud%20Ays%C3%A9n' aria-hidden='false' data-av_icon='\ue8f3' data-av_iconfont='entypo-fontello' title='' data-avia-related-tooltip='Compartir en Facebook' rel=\"noopener\"><span class='avia_hidden_link_text'>Compartir en Facebook<\/span><\/a><\/li><li class='av-share-link av-social-link-twitter' ><a target=\"_blank\" aria-label=\"Compartir en Twitter\" href='https:\/\/twitter.com\/share?text=Hospital%20Digital%20capacita%20a%20m%C3%A1s%20de%20400%20profesionales%20de%20la%20red%20del%20Servicio%20Salud%20Ays%C3%A9n&#038;url=https:\/\/radiorevelacionfm.cl\/?p=30490' aria-hidden='false' data-av_icon='\ue8f1' data-av_iconfont='entypo-fontello' title='' data-avia-related-tooltip='Compartir en Twitter' rel=\"noopener\"><span class='avia_hidden_link_text'>Compartir en Twitter<\/span><\/a><\/li><li class='av-share-link av-social-link-whatsapp' ><a target=\"_blank\" aria-label=\"Compartir en Whatsapp\" href='https:\/\/api.whatsapp.com\/send?text=https:\/\/radiorevelacionfm.cl\/?p=30490' aria-hidden='false' data-av_icon='\uf232' data-av_iconfont='entypo-fontello' title='' data-avia-related-tooltip='Compartir en Whatsapp' rel=\"noopener\"><span class='avia_hidden_link_text'>Compartir en Whatsapp<\/span><\/a><\/li><li class='av-share-link av-social-link-linkedin' ><a target=\"_blank\" aria-label=\"Compartir en LinkedIn\" href='https:\/\/linkedin.com\/shareArticle?mini=true&#038;title=Hospital%20Digital%20capacita%20a%20m%C3%A1s%20de%20400%20profesionales%20de%20la%20red%20del%20Servicio%20Salud%20Ays%C3%A9n&#038;url=https:\/\/radiorevelacionfm.cl\/?p=30490' aria-hidden='false' data-av_icon='\ue8fc' data-av_iconfont='entypo-fontello' title='' data-avia-related-tooltip='Compartir en LinkedIn' rel=\"noopener\"><span class='avia_hidden_link_text'>Compartir en LinkedIn<\/span><\/a><\/li><li class='av-share-link av-social-link-mail' ><a  aria-label=\"Compartir por correo\" href='mailto:?subject=Hospital%20Digital%20capacita%20a%20m%C3%A1s%20de%20400%20profesionales%20de%20la%20red%20del%20Servicio%20Salud%20Ays%C3%A9n&#038;body=https:\/\/radiorevelacionfm.cl\/?p=30490' aria-hidden='false' data-av_icon='\ue805' data-av_iconfont='entypo-fontello' title='' data-avia-related-tooltip='Compartir por correo'><span class='avia_hidden_link_text'>Compartir por correo<\/span><\/a><\/li><\/ul><\/div><\/div>\n<div  style='height:50px' class='hr hr-invisible   avia-builder-el-8  el_after_av_social_share  el_before_av_comments_list '><span class='hr-inner ' ><span class='hr-inner-style'><\/span><\/span><\/div>\n<div  class='av-buildercomment  av-blog-meta-html-info-disabled av-blog-meta-tag-disabled  '><\/div>\n","protected":false},"excerpt":{"rendered":"","protected":false},"author":1,"featured_media":30491,"comment_status":"open","ping_status":"open","sticky":false,"template":"","format":"standard","meta":{"footnotes":""},"categories":[46],"tags":[],"class_list":["post-30490","post","type-post","status-publish","format-standard","has-post-thumbnail","hentry","category-salud"],"jetpack_featured_media_url":"https:\/\/radiorevelacionfm.cl\/wp-content\/uploads\/2023\/04\/hospital-c-2023-04-26t182352_optimized.125-1-1.jpg","_links":{"self":[{"href":"https:\/\/radiorevelacionfm.cl\/index.php?rest_route=\/wp\/v2\/posts\/30490","targetHints":{"allow":["GET"]}}],"collection":[{"href":"https:\/\/radiorevelacionfm.cl\/index.php?rest_route=\/wp\/v2\/posts"}],"about":[{"href":"https:\/\/radiorevelacionfm.cl\/index.php?rest_route=\/wp\/v2\/types\/post"}],"author":[{"embeddable":true,"href":"https:\/\/radiorevelacionfm.cl\/index.php?rest_route=\/wp\/v2\/users\/1"}],"replies":[{"embeddable":true,"href":"https:\/\/radiorevelacionfm.cl\/index.php?rest_route=%2Fwp%2Fv2%2Fcomments&post=30490"}],"version-history":[{"count":2,"href":"https:\/\/radiorevelacionfm.cl\/index.php?rest_route=\/wp\/v2\/posts\/30490\/revisions"}],"predecessor-version":[{"id":30493,"href":"https:\/\/radiorevelacionfm.cl\/index.php?rest_route=\/wp\/v2\/posts\/30490\/revisions\/30493"}],"wp:featuredmedia":[{"embeddable":true,"href":"https:\/\/radiorevelacionfm.cl\/index.php?rest_route=\/wp\/v2\/media\/30491"}],"wp:attachment":[{"href":"https:\/\/radiorevelacionfm.cl\/index.php?rest_route=%2Fwp%2Fv2%2Fmedia&parent=30490"}],"wp:term":[{"taxonomy":"category","embeddable":true,"href":"https:\/\/radiorevelacionfm.cl\/index.php?rest_route=%2Fwp%2Fv2%2Fcategories&post=30490"},{"taxonomy":"post_tag","embeddable":true,"href":"https:\/\/radiorevelacionfm.cl\/index.php?rest_route=%2Fwp%2Fv2%2Ftags&post=30490"}],"curies":[{"name":"wp","href":"https:\/\/api.w.org\/{rel}","templated":true}]}}