{"id":30487,"date":"2023-04-27T12:50:35","date_gmt":"2023-04-27T15:50:35","guid":{"rendered":"https:\/\/radiorevelacionfm.cl\/?p=30487"},"modified":"2023-04-27T12:50:35","modified_gmt":"2023-04-27T15:50:35","slug":"gobierno-en-la-region-y-estrategia-nacional-del-litio-es-una-excelente-noticia-para-nuestro-pais","status":"publish","type":"post","link":"https:\/\/radiorevelacionfm.cl\/?p=30487","title":{"rendered":"Gobierno en la regi\u00f3n y Estrategia Nacional del Litio: \u00abEs una excelente noticia para nuestro pa\u00eds\u00bb"},"content":{"rendered":"<div class=\"flex_column av_one_full  flex_column_div av-zero-column-padding first  avia-builder-el-0  el_before_av_one_full  avia-builder-el-first  \" style='border-radius:0px; '><div  class='avia-image-container  av-styling-    avia-builder-el-1  avia-builder-el-no-sibling  avia-align-center '  itemprop=\"image\" itemscope=\"itemscope\" itemtype=\"https:\/\/schema.org\/ImageObject\"  ><div class='avia-image-container-inner'><div class='avia-image-overlay-wrap'><img decoding=\"async\" class='wp-image-30488 avia-img-lazy-loading-not-30488 avia_image' src=\"https:\/\/radiorevelacionfm.cl\/wp-content\/uploads\/2023\/04\/litio-1-1-1.jpg\" alt='' title='litio 1 (1) (1)' height=\"600\" width=\"909\"  itemprop=\"thumbnailUrl\" srcset=\"https:\/\/radiorevelacionfm.cl\/wp-content\/uploads\/2023\/04\/litio-1-1-1.jpg 909w, https:\/\/radiorevelacionfm.cl\/wp-content\/uploads\/2023\/04\/litio-1-1-1-300x198.jpg 300w, https:\/\/radiorevelacionfm.cl\/wp-content\/uploads\/2023\/04\/litio-1-1-1-768x507.jpg 768w, https:\/\/radiorevelacionfm.cl\/wp-content\/uploads\/2023\/04\/litio-1-1-1-705x465.jpg 705w, https:\/\/radiorevelacionfm.cl\/wp-content\/uploads\/2023\/04\/litio-1-1-1-450x297.jpg 450w, https:\/\/radiorevelacionfm.cl\/wp-content\/uploads\/2023\/04\/litio-1-1-1-600x396.jpg 600w\" sizes=\"(max-width: 909px) 100vw, 909px\" \/><\/div><\/div><\/div><\/div><div class=\"flex_column av_one_full  flex_column_div av-zero-column-padding first  avia-builder-el-2  el_after_av_one_full  el_before_av_one_full  column-top-margin\" style='border-radius:0px; '><section class=\"av_textblock_section \"  itemscope=\"itemscope\" itemtype=\"https:\/\/schema.org\/BlogPosting\" itemprop=\"blogPost\" ><div class='avia_textblock  '   itemprop=\"text\" ><p style=\"text-align: center;\"><span style=\"font-size: 18pt;\"><b>Gobierno en la regi\u00f3n y Estrategia Nacional del Litio: \u00abEs una excelente noticia para nuestro pa\u00eds\u00bb<\/b><\/span><\/p>\n<div id=\"gtx-trans\" style=\"position: absolute; left: -50px; top: 4.31534px;\">\n<div class=\"gtx-trans-icon\"><\/div>\n<\/div>\n<\/div><\/section><\/div><div class=\"flex_column av_one_full  flex_column_div av-zero-column-padding first  avia-builder-el-4  el_after_av_one_full  el_before_av_hr  column-top-margin\" style='border-radius:0px; '><section class=\"av_textblock_section \"  itemscope=\"itemscope\" itemtype=\"https:\/\/schema.org\/BlogPosting\" itemprop=\"blogPost\" ><div class='avia_textblock  '   itemprop=\"text\" ><p class=\"v1MsoNormal\" style=\"text-align: justify;\">El viernes de la semana pasada, el presidente Gabriel Boric, lider\u00f3 desde las Ruinas de Huanchaca (Antofagasta), el lanzamiento de la Estrategia Nacional del Litio, para lo cual se enviar\u00e1 un proyecto de ley al Parlamento, con el objetivo de crear la Empresa Nacional del Litio y el Comit\u00e9 Corfo del Litio y Salares.<\/p>\n<p class=\"v1MsoNormal\" style=\"text-align: justify;\">Al respecto, el Delegado Presidencial Regional de Ays\u00e9n, Rodrigo Araya, destac\u00f3 que la Estrategia representa una oportunidad para el desarrollo arm\u00f3nico y sustentable del Litio en Chile.<\/p>\n<p class=\"v1MsoNormal\" style=\"text-align: justify;\">\u00abPara nuestro gobierno, tal como lo ha dicho nuestro presidente Gabriel Boric, la Estrategia Nacional del Litio es una excelente noticia para nuestro pa\u00eds. Tenemos la oportunidad de aprovechar este recurso para desarrollar una industria que nos permita una capacidad productiva diferente, incorporando actores p\u00fablicos junto con los privados en el desarrollo de esta explotaci\u00f3n, pero tambi\u00e9n en la exploraci\u00f3n de nuevos salares, acorde a las necesidades medio ambientales y de participaci\u00f3n ciudadana. Esta estrategia, con toda la innovaci\u00f3n que involucra, con la creaci\u00f3n de un Instituto Nacional de Innovaci\u00f3n Tecnol\u00f3gica, para que este producto mineral tambi\u00e9n tenga aplicaci\u00f3n y tenga un valor agregado en la producci\u00f3n nacional, es una muy buena noticia\u00bb, afirm\u00f3.<\/p>\n<p class=\"v1MsoNormal\" style=\"text-align: justify;\">En tanto, el seremi de Miner\u00eda, Hans Zimmermann destac\u00f3 los principales ejes de esta Estrategia y el potencial de esta industria.<\/p>\n<p class=\"v1MsoNormal\" style=\"text-align: justify;\">\u00abLa creaci\u00f3n de una industria nacional del litio, la participaci\u00f3n del Estado a trav\u00e9s de una alianza p\u00fablico privada en todo el proceso de desarrollo, la incorporaci\u00f3n de las comunidades en esta industria y la creaci\u00f3n de un Instituto Nacional de Litio. El Estado chileno cuenta con una de las reservas de litio m\u00e1s importantes del mundo junto a Argentina y Bolivia; particularmente en Chile existen al menos 19 salares explorados con alto contenido de litio, boro y potasio, adem\u00e1s, al menos 60 salares que hasta la fecha no han sido explorados y que representan un tremendo potencial para el desarrollo de esta industria en nuestro pa\u00eds\u00bb, se\u00f1al\u00f3.<\/p>\n<p class=\"v1MsoNormal\" style=\"text-align: justify;\">Entre los principales anuncios sobre la Estrategia Nacional del Litio, destacan el ingreso de un proyecto de ley para la creaci\u00f3n de la Empresa Nacional del Litio; la creaci\u00f3n del Instituto Tecnol\u00f3gico y de Investigaci\u00f3n P\u00fablico en Litio y Salares que tendr\u00e1 sede en la regi\u00f3n de Antofagasta, adem\u00e1s del dise\u00f1o de una estrategia para la entrada del Estado como productor de litio en el yacimiento del Salar de Atacama a contar del 2024, a trav\u00e9s de Codelco.<\/p>\n<p class=\"v1MsoNormal\" style=\"text-align: justify;\">Cabe se\u00f1alar que desde el a\u00f1o 1977 la legislaci\u00f3n chilena reserva la extracci\u00f3n de litio para el Estado y que el sector privado participa en esta industria a trav\u00e9s de contratos de arriendo con Corfo, los que se seguir\u00e1n respetando.<\/p>\n<p class=\"v1MsoNormal\" style=\"text-align: justify;\">Finalmente, la Seremi de Gobierno, Tatiana Pl\u00e1 \u00c1lvarez, agreg\u00f3: \u00abEn esta Estrategia Nacional del Litio el Estado tiene un rol relevante, y en los salares m\u00e1s importantes va a tener un rol protag\u00f3nico, de articulaci\u00f3n y salvaguardar los intereses del pueblo de Chile. No obstante tambi\u00e9n vemos en el sector privado un aporte importante en sus capacidades de innovaci\u00f3n, en el capital que tienen, y, en muchos casos, en el tiempo acumulado y en los conocimientos que se tienen en el caso particular del Litio. Por lo tanto, en el centro de nuestra visi\u00f3n, en el centro de nuestra estrategia, est\u00e1 la apuesta que nosotros hacemos por la articulaci\u00f3n p\u00fablico-privada\u00bb.<\/p>\n<p class=\"v1MsoNormal\" style=\"text-align: justify;\"><b>Otras medidas<\/b><\/p>\n<p class=\"v1MsoNormal\" style=\"text-align: justify;\">La Estrategia Nacional del Litio incluye otras medidas relevantes para potenciar esta industria en el pa\u00eds:<\/p>\n<p class=\"v1MsoNormal\" style=\"text-align: justify;\">\u00b7 Inicio de un proceso de di\u00e1logo y participaci\u00f3n a nivel nacional con diversos actores sociales y pol\u00edticos para una nueva gobernanza de salares y litio.<\/p>\n<p class=\"v1MsoNormal\" style=\"text-align: justify;\">\u00b7 Creaci\u00f3n de una Red de Salares Protegidos con el fin de proteger al menos 30% de la superficie de los salares, para cumplir con el Marco Global para la Biodiversidad de las Naciones Unidas.<\/p>\n<p class=\"v1MsoNormal\" style=\"text-align: justify;\">\u00b7 Modernizar el marco institucional en torno al litio y los salares.<\/p>\n<p class=\"v1MsoNormal\" style=\"text-align: justify;\">\u00b7 Catastro de yacimientos de litio para su exploraci\u00f3n y explotaci\u00f3n, mediante la entrega de Contratos Especiales de Operaci\u00f3n del Litio (CEOL) de explotaci\u00f3n y exploraci\u00f3n a empresas del Estado con o sin asociaci\u00f3n de particulares y CEOL de exploraci\u00f3n a privados, que los habilitan a opci\u00f3n preferente de explotaci\u00f3n en asociaci\u00f3n p\u00fablico-privada en el futuro.<\/p>\n<p class=\"v1MsoNormal\" style=\"text-align: justify;\">\u00b7 Creaci\u00f3n del Comit\u00e9 Corfo de Transformaci\u00f3n Productiva en torno a Litio, liderado por el Ministerio de Miner\u00eda.<\/p>\n<\/div><\/section><\/div><div  style='height:50px' class='hr hr-invisible   avia-builder-el-6  el_after_av_one_full  el_before_av_social_share '><span class='hr-inner ' ><span class='hr-inner-style'><\/span><\/span><\/div><\/p>\n<div  class='av-social-sharing-box  avia-builder-el-7  el_after_av_hr  el_before_av_hr  '><div class='av-share-box'><h5 class='av-share-link-description av-no-toc '>Compartir esta noticia<\/h5><ul class='av-share-box-list noLightbox'><li class='av-share-link av-social-link-facebook' ><a target=\"_blank\" aria-label=\"Compartir en Facebook\" href='https:\/\/www.facebook.com\/sharer.php?u=https:\/\/radiorevelacionfm.cl\/?p=30487&#038;t=Gobierno%20en%20la%20regi%C3%B3n%20y%20Estrategia%20Nacional%20del%20Litio%3A%20%C2%ABEs%20una%20excelente%20noticia%20para%20nuestro%20pa%C3%ADs%C2%BB' aria-hidden='false' data-av_icon='\ue8f3' data-av_iconfont='entypo-fontello' title='' data-avia-related-tooltip='Compartir en Facebook' rel=\"noopener\"><span class='avia_hidden_link_text'>Compartir en Facebook<\/span><\/a><\/li><li class='av-share-link av-social-link-twitter' ><a target=\"_blank\" aria-label=\"Compartir en Twitter\" href='https:\/\/twitter.com\/share?text=Gobierno%20en%20la%20regi%C3%B3n%20y%20Estrategia%20Nacional%20del%20Litio%3A%20%C2%ABEs%20una%20excelente%20noticia%20para%20nuestro%20pa%C3%ADs%C2%BB&#038;url=https:\/\/radiorevelacionfm.cl\/?p=30487' aria-hidden='false' data-av_icon='\ue8f1' data-av_iconfont='entypo-fontello' title='' data-avia-related-tooltip='Compartir en Twitter' rel=\"noopener\"><span class='avia_hidden_link_text'>Compartir en Twitter<\/span><\/a><\/li><li class='av-share-link av-social-link-whatsapp' ><a target=\"_blank\" aria-label=\"Compartir en Whatsapp\" href='https:\/\/api.whatsapp.com\/send?text=https:\/\/radiorevelacionfm.cl\/?p=30487' aria-hidden='false' data-av_icon='\uf232' data-av_iconfont='entypo-fontello' title='' data-avia-related-tooltip='Compartir en Whatsapp' rel=\"noopener\"><span class='avia_hidden_link_text'>Compartir en Whatsapp<\/span><\/a><\/li><li class='av-share-link av-social-link-linkedin' ><a target=\"_blank\" aria-label=\"Compartir en LinkedIn\" href='https:\/\/linkedin.com\/shareArticle?mini=true&#038;title=Gobierno%20en%20la%20regi%C3%B3n%20y%20Estrategia%20Nacional%20del%20Litio%3A%20%C2%ABEs%20una%20excelente%20noticia%20para%20nuestro%20pa%C3%ADs%C2%BB&#038;url=https:\/\/radiorevelacionfm.cl\/?p=30487' aria-hidden='false' data-av_icon='\ue8fc' data-av_iconfont='entypo-fontello' title='' data-avia-related-tooltip='Compartir en LinkedIn' rel=\"noopener\"><span class='avia_hidden_link_text'>Compartir en LinkedIn<\/span><\/a><\/li><li class='av-share-link av-social-link-mail' ><a  aria-label=\"Compartir por correo\" href='mailto:?subject=Gobierno%20en%20la%20regi%C3%B3n%20y%20Estrategia%20Nacional%20del%20Litio%3A%20%C2%ABEs%20una%20excelente%20noticia%20para%20nuestro%20pa%C3%ADs%C2%BB&#038;body=https:\/\/radiorevelacionfm.cl\/?p=30487' aria-hidden='false' data-av_icon='\ue805' data-av_iconfont='entypo-fontello' title='' data-avia-related-tooltip='Compartir por correo'><span class='avia_hidden_link_text'>Compartir por correo<\/span><\/a><\/li><\/ul><\/div><\/div>\n<div  style='height:50px' class='hr hr-invisible   avia-builder-el-8  el_after_av_social_share  el_before_av_comments_list '><span class='hr-inner ' ><span class='hr-inner-style'><\/span><\/span><\/div>\n<div  class='av-buildercomment  av-blog-meta-html-info-disabled av-blog-meta-tag-disabled  '><\/div>\n","protected":false},"excerpt":{"rendered":"","protected":false},"author":1,"featured_media":30488,"comment_status":"open","ping_status":"open","sticky":false,"template":"","format":"standard","meta":{"footnotes":""},"categories":[61],"tags":[],"class_list":["post-30487","post","type-post","status-publish","format-standard","has-post-thumbnail","hentry","category-nacional"],"jetpack_featured_media_url":"https:\/\/radiorevelacionfm.cl\/wp-content\/uploads\/2023\/04\/litio-1-1-1.jpg","_links":{"self":[{"href":"https:\/\/radiorevelacionfm.cl\/index.php?rest_route=\/wp\/v2\/posts\/30487","targetHints":{"allow":["GET"]}}],"collection":[{"href":"https:\/\/radiorevelacionfm.cl\/index.php?rest_route=\/wp\/v2\/posts"}],"about":[{"href":"https:\/\/radiorevelacionfm.cl\/index.php?rest_route=\/wp\/v2\/types\/post"}],"author":[{"embeddable":true,"href":"https:\/\/radiorevelacionfm.cl\/index.php?rest_route=\/wp\/v2\/users\/1"}],"replies":[{"embeddable":true,"href":"https:\/\/radiorevelacionfm.cl\/index.php?rest_route=%2Fwp%2Fv2%2Fcomments&post=30487"}],"version-history":[{"count":1,"href":"https:\/\/radiorevelacionfm.cl\/index.php?rest_route=\/wp\/v2\/posts\/30487\/revisions"}],"predecessor-version":[{"id":30489,"href":"https:\/\/radiorevelacionfm.cl\/index.php?rest_route=\/wp\/v2\/posts\/30487\/revisions\/30489"}],"wp:featuredmedia":[{"embeddable":true,"href":"https:\/\/radiorevelacionfm.cl\/index.php?rest_route=\/wp\/v2\/media\/30488"}],"wp:attachment":[{"href":"https:\/\/radiorevelacionfm.cl\/index.php?rest_route=%2Fwp%2Fv2%2Fmedia&parent=30487"}],"wp:term":[{"taxonomy":"category","embeddable":true,"href":"https:\/\/radiorevelacionfm.cl\/index.php?rest_route=%2Fwp%2Fv2%2Fcategories&post=30487"},{"taxonomy":"post_tag","embeddable":true,"href":"https:\/\/radiorevelacionfm.cl\/index.php?rest_route=%2Fwp%2Fv2%2Ftags&post=30487"}],"curies":[{"name":"wp","href":"https:\/\/api.w.org\/{rel}","templated":true}]}}