{"id":30481,"date":"2023-04-26T22:13:26","date_gmt":"2023-04-27T01:13:26","guid":{"rendered":"https:\/\/radiorevelacionfm.cl\/?p=30481"},"modified":"2023-04-26T22:13:26","modified_gmt":"2023-04-27T01:13:26","slug":"seremi-de-educacion-visito-cochrane-tortel-y-villa-ohiggins","status":"publish","type":"post","link":"https:\/\/radiorevelacionfm.cl\/?p=30481","title":{"rendered":"Seremi de Educaci\u00f3n visit\u00f3 Cochrane, Tortel y Villa O&#8217;Higgins"},"content":{"rendered":"<div class=\"flex_column av_one_full  flex_column_div av-zero-column-padding first  avia-builder-el-0  el_before_av_one_full  avia-builder-el-first  \" style='border-radius:0px; '><div  class='avia-image-container  av-styling-    avia-builder-el-1  avia-builder-el-no-sibling  avia-align-center '  itemprop=\"image\" itemscope=\"itemscope\" itemtype=\"https:\/\/schema.org\/ImageObject\"  ><div class='avia-image-container-inner'><div class='avia-image-overlay-wrap'><img decoding=\"async\" class='wp-image-30482 avia-img-lazy-loading-not-30482 avia_image' src=\"https:\/\/radiorevelacionfm.cl\/wp-content\/uploads\/2023\/04\/escuela-tortel-1-1_optimized.jpg\" alt='' title='escuela-tortel-(1)-(1)_optimized' height=\"600\" width=\"927\"  itemprop=\"thumbnailUrl\" srcset=\"https:\/\/radiorevelacionfm.cl\/wp-content\/uploads\/2023\/04\/escuela-tortel-1-1_optimized.jpg 927w, https:\/\/radiorevelacionfm.cl\/wp-content\/uploads\/2023\/04\/escuela-tortel-1-1_optimized-300x194.jpg 300w, https:\/\/radiorevelacionfm.cl\/wp-content\/uploads\/2023\/04\/escuela-tortel-1-1_optimized-768x497.jpg 768w, https:\/\/radiorevelacionfm.cl\/wp-content\/uploads\/2023\/04\/escuela-tortel-1-1_optimized-705x456.jpg 705w, https:\/\/radiorevelacionfm.cl\/wp-content\/uploads\/2023\/04\/escuela-tortel-1-1_optimized-450x291.jpg 450w, https:\/\/radiorevelacionfm.cl\/wp-content\/uploads\/2023\/04\/escuela-tortel-1-1_optimized-600x388.jpg 600w\" sizes=\"(max-width: 927px) 100vw, 927px\" \/><\/div><\/div><\/div><\/div><div class=\"flex_column av_one_full  flex_column_div av-zero-column-padding first  avia-builder-el-2  el_after_av_one_full  el_before_av_one_full  column-top-margin\" style='border-radius:0px; '><section class=\"av_textblock_section \"  itemscope=\"itemscope\" itemtype=\"https:\/\/schema.org\/BlogPosting\" itemprop=\"blogPost\" ><div class='avia_textblock  '   itemprop=\"text\" ><p style=\"text-align: center;\"><strong><span style=\"font-size: 18pt;\">Seremi de Educaci\u00f3n visit\u00f3 Cochrane, Tortel y Villa O&#8217;Higgins<\/span><\/strong><\/p>\n<div id=\"gtx-trans\" style=\"position: absolute; left: -50px; top: 4.31534px;\">\n<div class=\"gtx-trans-icon\"><\/div>\n<\/div>\n<\/div><\/section><\/div><div class=\"flex_column av_one_full  flex_column_div av-zero-column-padding first  avia-builder-el-4  el_after_av_one_full  el_before_av_hr  column-top-margin\" style='border-radius:0px; '><section class=\"av_textblock_section \"  itemscope=\"itemscope\" itemtype=\"https:\/\/schema.org\/BlogPosting\" itemprop=\"blogPost\" ><div class='avia_textblock  '   itemprop=\"text\" ><p class=\"v1MsoNormal\" style=\"text-align: justify;\">Con el prop\u00f3sito<b>\u00a0<\/b>de ver en terreno los avances del plan de Reactivaci\u00f3n\u00a0 Educativa impulsada por el gobierno del Presidente Gabriel Boric, la SEREMI de Educaci\u00f3n Isabel Garrido Casassa realiz\u00f3 un periplo por las comunas de Cochrane, Tortel y Villa O&#8217;Higgins en la zona sur austral de la regi\u00f3n, instancia en la que tom\u00f3 contacto con los alcaldes de las comunas Jorge Calder\u00f3n, Abel Becerra y Jos\u00e9 Fica respectivamente y se constituy\u00f3 en las escuelas y liceos de tres territorios.<\/p>\n<p class=\"v1MsoNormal\" style=\"text-align: justify;\">Durante estas jornadas de trabajo en terreno fue acompa\u00f1ada por profesionales de infraestructura de la SECREDUC y de la supervisi\u00f3n del Departamento Provincial de Educaci\u00f3n Coyhaique.<\/p>\n<p class=\"v1MsoNormal\" style=\"text-align: justify;\">En Cochrane Isabel Garrido particip\u00f3 en la reuni\u00f3n de coordinaci\u00f3n sobre convivencia escolar liderada por Delegada Presidencial Provincial Capit\u00e1n Prat Marta Montiel, el equipo Mejor Ni\u00f1ez y OPD Cochrane. En esa misma localidad se reuni\u00f3 con el alcalde Jorge Calder\u00f3n y juntos visitaron las obras de mejoramiento del internado del Liceo Austral, las que son financiadas con recursos del programa Liceos Bicentenario. La SEREMI Garrido visit\u00f3 tambi\u00e9n la Escuela Teniente Hern\u00e1n Merino Correa acompa\u00f1ada de su director Benedicto Schenffeldt y concurri\u00f3 al Liceo Austral de Cochrane a saludar a su comunidad educativa que celebra 40 a\u00f1os de vida institucional..<\/p>\n<p class=\"v1MsoNormal\" style=\"text-align: justify;\">La segunda estaci\u00f3n del trabajo en terreno fue Caleta Tortel donde la SEREMI Isabel Garrido se reuni\u00f3 con el alcalde Abel Becerra y junto a integrantes del gabinete regional y autoridades provinciales, vecinos y vecinas, dirigentes y comunidad educativa asisti\u00f3 a la segunda Cuenta P\u00fablica 2022-2023 del edil, instancia en la cual se inform\u00f3 los principales avances de la comuna en distintos \u00e1mbitos. Adicionalmente se traslad\u00f3 hasta la Escuela Comandante Luis Bravo en la que dialog\u00f3 con su director Eladio Saldivia y visitaron las obras de mejoramiento de infraestructura de emergencia 2022; pasarelas de madera de acceso a la escuela e intervenciones en pasillos y auditorio del plantel. All\u00ed, los profesionales de infraestructura de la SECREDUC Willy Rodr\u00edguez y de la Municipalidad Roberto Mart\u00ednez abordaron nuevas necesidades de infraestructura planteadas por el director de la escuela.<\/p>\n<p class=\"v1MsoNormal\" style=\"text-align: justify;\">En la tercera y \u00faltima jornada de trabajo en terreno, Isabel Garrido se traslad\u00f3 hasta Villa O&#8217;Higgins, d\u00f3nde, junto con la supervisora del Departamento Provincial de Educaci\u00f3n Coyhaique, Ruby Gallano compartieron con la directora Paula S\u00e1nchez Ascencio del Liceo Pioneros del Sur y su equipo t\u00e9cnico docente y participaron en un taller sobre los lineamientos del plan de\u00a0<a href=\"https:\/\/www.facebook.com\/hashtag\/reactivacioneducativa?__eep__=6&amp;__cft__%5b0%5d=AZW8BMBy_k-ELuhGe9TGPup_0btzwGbUoL1oaD9jn8Ki7gqjwX5On8sB0wSIZN1_hggBjdhGP3Zk70klEwB7rMWtSl9AL-ZyByd51e-KPs5ROteoMM3CM3ukXInoqCwaCAufFdSgcNHFi4gjwd2Dl9ttF6Wkf_DpjCFzJ85UMZIGhoTmq_Er8KCqYr5KhvmYmvI&amp;__tn__=*NK-R\" target=\"_blank\" rel=\"noopener noreferrer\">Reactivaci\u00f3n<\/a>\u00a0Educativa. Tambi\u00e9n realizaron un recorrido por las instalaciones del establecimiento.<\/p>\n<p class=\"v1MsoNormal\" style=\"text-align: justify;\">Finalmente, la seremi particip\u00f3 en representaci\u00f3n del Delegado\u00a0 Presidencial Regional\u00a0 en la Cuenta P\u00fablica del alcalde de O&#8217;Higgins Jos\u00e9 Fica, acto que fue acompa\u00f1ado por el Contralor Regional, Ricardo Hevia, autoridades locales, vecinos y estudiantes del Liceo Pioneros del Sur que deleitaron al p\u00fablico con m\u00fasica de su banda estudiantil.<\/p>\n<p class=\"v1MsoNormal\" style=\"text-align: justify;\">Al hacer un balance de las jornadas en terreno en el extremo sur, Isabel Garrido expres\u00f3 que \u00abHemos estado en las tres comunas m\u00e1s australes de la regi\u00f3n con la idea de ver en terreno c\u00f3mo la pol\u00edtica p\u00fablica educacional se implementa en las unidades\u00a0 educativas\u00a0 de todo el territorio. En este caso observamos c\u00f3mo avanza el plan de Reactivaci\u00f3n Educativa; ese es el mandato del Presidente Gabriel Boric. Hemos dialogado con directivos y docentes de las escuelas y liceos. Tambi\u00e9n nos reunimos con los alcaldes Jorge Calder\u00f3n, Abel Becerra y Jos\u00e9 Fica,\u00a0 sostenedores de los establecimientos educacionales con quienes seguimos trabajando y apoyando en su gesti\u00f3n educativa. Visitamos obras de mejoramiento de infraestructura que se ejecutan con distintos fondos provistos por el MINEDUC y dialogamos con directivos docentes sobre temas pedag\u00f3gicos y estrategias para reactivar los aprendizajes, que es el foco de nuestro quehacer sectorial\u00bb.<\/p>\n<\/div><\/section><\/div><div  style='height:50px' class='hr hr-invisible   avia-builder-el-6  el_after_av_one_full  el_before_av_social_share '><span class='hr-inner ' ><span class='hr-inner-style'><\/span><\/span><\/div><\/p>\n<div  class='av-social-sharing-box  avia-builder-el-7  el_after_av_hr  el_before_av_hr  '><div class='av-share-box'><h5 class='av-share-link-description av-no-toc '>Compartir esta noticia<\/h5><ul class='av-share-box-list noLightbox'><li class='av-share-link av-social-link-facebook' ><a target=\"_blank\" aria-label=\"Compartir en Facebook\" href='https:\/\/www.facebook.com\/sharer.php?u=https:\/\/radiorevelacionfm.cl\/?p=30481&#038;t=Seremi%20de%20Educaci%C3%B3n%20visit%C3%B3%20Cochrane%2C%20Tortel%20y%20Villa%20O%E2%80%99Higgins' aria-hidden='false' data-av_icon='\ue8f3' data-av_iconfont='entypo-fontello' title='' data-avia-related-tooltip='Compartir en Facebook' rel=\"noopener\"><span class='avia_hidden_link_text'>Compartir en Facebook<\/span><\/a><\/li><li class='av-share-link av-social-link-twitter' ><a target=\"_blank\" aria-label=\"Compartir en Twitter\" href='https:\/\/twitter.com\/share?text=Seremi%20de%20Educaci%C3%B3n%20visit%C3%B3%20Cochrane%2C%20Tortel%20y%20Villa%20O%E2%80%99Higgins&#038;url=https:\/\/radiorevelacionfm.cl\/?p=30481' aria-hidden='false' data-av_icon='\ue8f1' data-av_iconfont='entypo-fontello' title='' data-avia-related-tooltip='Compartir en Twitter' rel=\"noopener\"><span class='avia_hidden_link_text'>Compartir en Twitter<\/span><\/a><\/li><li class='av-share-link av-social-link-whatsapp' ><a target=\"_blank\" aria-label=\"Compartir en Whatsapp\" href='https:\/\/api.whatsapp.com\/send?text=https:\/\/radiorevelacionfm.cl\/?p=30481' aria-hidden='false' data-av_icon='\uf232' data-av_iconfont='entypo-fontello' title='' data-avia-related-tooltip='Compartir en Whatsapp' rel=\"noopener\"><span class='avia_hidden_link_text'>Compartir en Whatsapp<\/span><\/a><\/li><li class='av-share-link av-social-link-linkedin' ><a target=\"_blank\" aria-label=\"Compartir en LinkedIn\" href='https:\/\/linkedin.com\/shareArticle?mini=true&#038;title=Seremi%20de%20Educaci%C3%B3n%20visit%C3%B3%20Cochrane%2C%20Tortel%20y%20Villa%20O%E2%80%99Higgins&#038;url=https:\/\/radiorevelacionfm.cl\/?p=30481' aria-hidden='false' data-av_icon='\ue8fc' data-av_iconfont='entypo-fontello' title='' data-avia-related-tooltip='Compartir en LinkedIn' rel=\"noopener\"><span class='avia_hidden_link_text'>Compartir en LinkedIn<\/span><\/a><\/li><li class='av-share-link av-social-link-mail' ><a  aria-label=\"Compartir por correo\" href='mailto:?subject=Seremi%20de%20Educaci%C3%B3n%20visit%C3%B3%20Cochrane%2C%20Tortel%20y%20Villa%20O%E2%80%99Higgins&#038;body=https:\/\/radiorevelacionfm.cl\/?p=30481' aria-hidden='false' data-av_icon='\ue805' data-av_iconfont='entypo-fontello' title='' data-avia-related-tooltip='Compartir por correo'><span class='avia_hidden_link_text'>Compartir por correo<\/span><\/a><\/li><\/ul><\/div><\/div>\n<div  style='height:50px' class='hr hr-invisible   avia-builder-el-8  el_after_av_social_share  el_before_av_comments_list '><span class='hr-inner ' ><span class='hr-inner-style'><\/span><\/span><\/div>\n<div  class='av-buildercomment  av-blog-meta-html-info-disabled av-blog-meta-tag-disabled  '><\/div>\n","protected":false},"excerpt":{"rendered":"","protected":false},"author":1,"featured_media":30482,"comment_status":"open","ping_status":"open","sticky":false,"template":"","format":"standard","meta":{"footnotes":""},"categories":[49],"tags":[],"class_list":["post-30481","post","type-post","status-publish","format-standard","has-post-thumbnail","hentry","category-educacion"],"jetpack_featured_media_url":"https:\/\/radiorevelacionfm.cl\/wp-content\/uploads\/2023\/04\/escuela-tortel-1-1_optimized.jpg","_links":{"self":[{"href":"https:\/\/radiorevelacionfm.cl\/index.php?rest_route=\/wp\/v2\/posts\/30481","targetHints":{"allow":["GET"]}}],"collection":[{"href":"https:\/\/radiorevelacionfm.cl\/index.php?rest_route=\/wp\/v2\/posts"}],"about":[{"href":"https:\/\/radiorevelacionfm.cl\/index.php?rest_route=\/wp\/v2\/types\/post"}],"author":[{"embeddable":true,"href":"https:\/\/radiorevelacionfm.cl\/index.php?rest_route=\/wp\/v2\/users\/1"}],"replies":[{"embeddable":true,"href":"https:\/\/radiorevelacionfm.cl\/index.php?rest_route=%2Fwp%2Fv2%2Fcomments&post=30481"}],"version-history":[{"count":1,"href":"https:\/\/radiorevelacionfm.cl\/index.php?rest_route=\/wp\/v2\/posts\/30481\/revisions"}],"predecessor-version":[{"id":30483,"href":"https:\/\/radiorevelacionfm.cl\/index.php?rest_route=\/wp\/v2\/posts\/30481\/revisions\/30483"}],"wp:featuredmedia":[{"embeddable":true,"href":"https:\/\/radiorevelacionfm.cl\/index.php?rest_route=\/wp\/v2\/media\/30482"}],"wp:attachment":[{"href":"https:\/\/radiorevelacionfm.cl\/index.php?rest_route=%2Fwp%2Fv2%2Fmedia&parent=30481"}],"wp:term":[{"taxonomy":"category","embeddable":true,"href":"https:\/\/radiorevelacionfm.cl\/index.php?rest_route=%2Fwp%2Fv2%2Fcategories&post=30481"},{"taxonomy":"post_tag","embeddable":true,"href":"https:\/\/radiorevelacionfm.cl\/index.php?rest_route=%2Fwp%2Fv2%2Ftags&post=30481"}],"curies":[{"name":"wp","href":"https:\/\/api.w.org\/{rel}","templated":true}]}}