{"id":3048,"date":"2021-03-01T17:59:35","date_gmt":"2021-03-01T20:59:35","guid":{"rendered":"https:\/\/radiorevelacionfm.cl\/?p=3048"},"modified":"2021-03-01T17:59:35","modified_gmt":"2021-03-01T20:59:35","slug":"veinte-colegios-de-la-region-de-aysen-recibieron-alumnos-de-forma-presencial-en-el-inicio-del-ano-escolar","status":"publish","type":"post","link":"https:\/\/radiorevelacionfm.cl\/?p=3048","title":{"rendered":"Veinte colegios de la regi\u00f3n de Ays\u00e9n recibieron alumnos de forma presencial en el inicio del a\u00f1o escolar"},"content":{"rendered":"<div class=\"flex_column av_one_full  flex_column_div av-zero-column-padding first  avia-builder-el-0  el_before_av_one_full  avia-builder-el-first  \" style='border-radius:0px; '><div  class='avia-image-container  av-styling-    avia-builder-el-1  avia-builder-el-no-sibling  avia-align-center '  itemprop=\"image\" itemscope=\"itemscope\" itemtype=\"https:\/\/schema.org\/ImageObject\"  ><div class='avia-image-container-inner'><div class='avia-image-overlay-wrap'><img decoding=\"async\" class='wp-image-0 avia-img-lazy-loading-not-0 avia_image' src=\"https:\/\/radiorevelacionfm.cl\/wp-content\/uploads\/2021\/03\/WhatsApp-Image-2021-03-01-at-12.41.48-2-1.jpeg\" alt='' title=''   itemprop=\"thumbnailUrl\"  \/><\/div><\/div><\/div><\/div><div class=\"flex_column av_one_full  flex_column_div av-zero-column-padding first  avia-builder-el-2  el_after_av_one_full  el_before_av_one_full  column-top-margin\" style='border-radius:0px; '><section class=\"av_textblock_section \"  itemscope=\"itemscope\" itemtype=\"https:\/\/schema.org\/BlogPosting\" itemprop=\"blogPost\" ><div class='avia_textblock  '   itemprop=\"text\" ><p style=\"text-align: center;\"><strong><span style=\"font-size: 18pt;\">Veinte colegios de la regi\u00f3n de Ays\u00e9n recibieron alumnos de forma presencial en el inicio del a\u00f1o escolar <\/span><\/strong><\/p>\n<div id=\"gtx-trans\" style=\"position: absolute; left: -50px; top: 4.31534px;\">\n<div class=\"gtx-trans-icon\"><\/div>\n<\/div>\n<\/div><\/section><\/div><div class=\"flex_column av_one_full  flex_column_div av-zero-column-padding first  avia-builder-el-4  el_after_av_one_full  el_before_av_hr  column-top-margin\" style='border-radius:0px; '><section class=\"av_textblock_section \"  itemscope=\"itemscope\" itemtype=\"https:\/\/schema.org\/BlogPosting\" itemprop=\"blogPost\" ><div class='avia_textblock  '   itemprop=\"text\" ><p style=\"text-align: justify;\">La mayor\u00eda de los establecimientos que recibieron alumnos se concentraron en Coyhaique y R\u00edo Ib\u00e1\u00f1ez, mientras que en una menor cantidad lo hicieron en Guaitecas y Villa O\u00b4Higgins.<\/p>\n<p style=\"text-align: justify;\">Una veintena de establecimientos educacionales de la regi\u00f3n de Ays\u00e9n iniciaron el a\u00f1o escolar 2021 con clases presenciales, lo que equivale al 23% de los recintos; inicio marcado por el estricto cumplimiento de las medidas sanitarias acordadas entre el MINEDUC y el MINSAL.<\/p>\n<p style=\"text-align: justify;\">Las comunas donde m\u00e1s colegios, escuelas y liceos abrieron fueron Coyhaique y R\u00edo Ib\u00e1\u00f1ez \u2013 con 12 y 5 respectivamente \u2013sum\u00e1ndose tambi\u00e9n 2 recintos en Guaitecas y 1 en Villa O\u00b4Higgins.<\/p>\n<p style=\"text-align: justify;\">Tras conocer el escenario regional, la Intendenta Margarita Ossa se\u00f1al\u00f3 su satisfacci\u00f3n de \u201cpoder acompa\u00f1arlos en este inicio que es gradual, consensuado y conversado con los padres y apoderados, con protocolos que son fundamentales para que nuestros ni\u00f1os y ni\u00f1as puedan estar protegidos en un retorno seguro\u201d agregando que \u201cda cuenta de lo fundamental que es que nuestros ni\u00f1os, ni\u00f1as y j\u00f3venes puedan estar en un recinto seguro que es la escuela, que es necesario para el desarrollo social y educacional de todos que con tanta alegr\u00eda y ansiedad esperaban reunirse de nuevo con sus compa\u00f1eros\u201d, dijo.<\/p>\n<p style=\"text-align: justify;\">Los apoderados por su parte tambi\u00e9n se mostraron agradecidos por el retorno a clases. Una de ellas fue Mar\u00eda Maldonado, quien a la salida del Lyon College indic\u00f3 que \u201ces muy bueno porque para sus estudios la casa no les sirve mucho y este colegio es muy seguro y lo \u00fanico que hay que hacer es cuidarse y ser responsable\u201d.<\/p>\n<p style=\"text-align: justify;\">Mirada similar plante\u00f3 otra apoderada, Ana Mar\u00eda Retamal, quien explic\u00f3 que \u201cestamos tranquilos porque dentro de la sala tambi\u00e9n hay un control por lo tanto no es complejo. Si bien vinieron pocos alumnos, puedo que eso se normalice durante la semana y en lo que queda del a\u00f1o; pero es importante para ellos volver a las salas porque el a\u00f1o pasado fue muy traum\u00e1tico tener que estar separado de sus compa\u00f1eros, sin salir de casa, con la exigencia de trabajar en modalidad online sin equipamiento ni internet\u201d.<\/p>\n<p style=\"text-align: justify;\">En tanto, el seremi de Educaci\u00f3n Sergio Becerra, recalc\u00f3 que para las pr\u00f3ximas jornadas se espera que m\u00e1s establecimientos reciban a m\u00e1s alumnos, amparado igual en el proceso de vacunaci\u00f3n, precisando que \u201cen los pr\u00f3ximos d\u00edas se ir\u00e1n sumando otros porque tambi\u00e9n nos solicitaron en algunos casos ingresar con alumnos el d\u00eda 3 y 8 de febrero \u2013 por situaciones muy especiales que hemos autorizado \u2013 ahora es importante saber que los colegios igual van a estar abiertos y son los apoderados quienes tienen que decidir de forma voluntaria si los env\u00edan o no\u201d, acot\u00f3.<\/p>\n<p style=\"text-align: justify;\"><strong>Directores<\/strong><\/p>\n<p style=\"text-align: justify;\">De acuerdo al primer balance, unos dos mil alumnos volvieron de forma presencial a los colegios de la regi\u00f3n.<\/p>\n<p style=\"text-align: justify;\">Uno de ellos fue el Lyon College de Coyhaique, el cual seg\u00fan su directora, Ana Mar\u00eda Ibacache, se prepar\u00f3 \u201cdurante todo el verano se ha estado trabajando en preparar el colegio para que as\u00ed reciba a los alumnos de forma segura, y tambi\u00e9n los apoderados est\u00e9n confiados en que ellos van a estar en un recinto donde se les va a brinda toda la seguridad que se necesitan en esta pandemia\u201d, explic\u00f3.<\/p>\n<p style=\"text-align: justify;\">Carolina Aceituno, directora del Liceo Bicentenario Rural Cerro Castillo de R\u00edo Ib\u00e1\u00f1ez, junto con se\u00f1alar que el a\u00f1o 2021 trae muchos desaf\u00edos en t\u00e9rminos de c\u00f3mo ense\u00f1ar los contenidos a los alumnos, indic\u00f3 que como comunidad \u201cnos sentimos muy contentos de poder recibir a los estudiantes este a\u00f1o, de forma presencial, estamos muy motivados y preparados para poder dar atenci\u00f3n a los estudiantes, nivelar los aprendizajes y sobre todo, nivelar la parte socioemocional que es primordial considerando que han estado un a\u00f1o sin sus compa\u00f1eros\u201d.<\/p>\n<p style=\"text-align: justify;\"><strong>Medidas para un retorno seguro <\/strong><\/p>\n<p style=\"text-align: justify;\">En el primer d\u00eda de clases, se pudo apreciar un aforo reducido en las salas de clases al igual que en los espacios comunes, donde la norma fue respetar el distanciamiento social.<\/p>\n<p style=\"text-align: justify;\">De esta forma, se pudo apreciar el cumplimiento de las directrices anunciadas por el Ministerio de Educaci\u00f3n, que ha puesto \u00e9nfasis en que el retorno este a\u00f1o ser\u00e1 gradual, seguro y flexible, y que los padres y apoderados son los que deben decidir de forma voluntaria si quieren que sus hijos retomen las clases presenciales.<\/p>\n<\/div><\/section><\/div><div  style='height:50px' class='hr hr-invisible   avia-builder-el-6  el_after_av_one_full  el_before_av_social_share '><span class='hr-inner ' ><span class='hr-inner-style'><\/span><\/span><\/div><\/p>\n<div  class='av-social-sharing-box  avia-builder-el-7  el_after_av_hr  el_before_av_hr  '><div class='av-share-box'><h5 class='av-share-link-description av-no-toc '>Compartir esta noticia<\/h5><ul class='av-share-box-list noLightbox'><li class='av-share-link av-social-link-facebook' ><a target=\"_blank\" aria-label=\"Compartir en Facebook\" href='https:\/\/www.facebook.com\/sharer.php?u=https:\/\/radiorevelacionfm.cl\/?p=3048&#038;t=Veinte%20colegios%20de%20la%20regi%C3%B3n%20de%20Ays%C3%A9n%20recibieron%20alumnos%20de%20forma%20presencial%20en%20el%20inicio%20del%20a%C3%B1o%20escolar' aria-hidden='false' data-av_icon='\ue8f3' data-av_iconfont='entypo-fontello' title='' data-avia-related-tooltip='Compartir en Facebook' rel=\"noopener\"><span class='avia_hidden_link_text'>Compartir en Facebook<\/span><\/a><\/li><li class='av-share-link av-social-link-twitter' ><a target=\"_blank\" aria-label=\"Compartir en Twitter\" href='https:\/\/twitter.com\/share?text=Veinte%20colegios%20de%20la%20regi%C3%B3n%20de%20Ays%C3%A9n%20recibieron%20alumnos%20de%20forma%20presencial%20en%20el%20inicio%20del%20a%C3%B1o%20escolar&#038;url=https:\/\/radiorevelacionfm.cl\/?p=3048' aria-hidden='false' data-av_icon='\ue8f1' data-av_iconfont='entypo-fontello' title='' data-avia-related-tooltip='Compartir en Twitter' rel=\"noopener\"><span class='avia_hidden_link_text'>Compartir en Twitter<\/span><\/a><\/li><li class='av-share-link av-social-link-whatsapp' ><a target=\"_blank\" aria-label=\"Compartir en Whatsapp\" href='https:\/\/api.whatsapp.com\/send?text=https:\/\/radiorevelacionfm.cl\/?p=3048' aria-hidden='false' data-av_icon='\uf232' data-av_iconfont='entypo-fontello' title='' data-avia-related-tooltip='Compartir en Whatsapp' rel=\"noopener\"><span class='avia_hidden_link_text'>Compartir en Whatsapp<\/span><\/a><\/li><li class='av-share-link av-social-link-linkedin' ><a target=\"_blank\" aria-label=\"Compartir en LinkedIn\" href='https:\/\/linkedin.com\/shareArticle?mini=true&#038;title=Veinte%20colegios%20de%20la%20regi%C3%B3n%20de%20Ays%C3%A9n%20recibieron%20alumnos%20de%20forma%20presencial%20en%20el%20inicio%20del%20a%C3%B1o%20escolar&#038;url=https:\/\/radiorevelacionfm.cl\/?p=3048' aria-hidden='false' data-av_icon='\ue8fc' data-av_iconfont='entypo-fontello' title='' data-avia-related-tooltip='Compartir en LinkedIn' rel=\"noopener\"><span class='avia_hidden_link_text'>Compartir en LinkedIn<\/span><\/a><\/li><li class='av-share-link av-social-link-mail' ><a  aria-label=\"Compartir por correo\" href='mailto:?subject=Veinte%20colegios%20de%20la%20regi%C3%B3n%20de%20Ays%C3%A9n%20recibieron%20alumnos%20de%20forma%20presencial%20en%20el%20inicio%20del%20a%C3%B1o%20escolar&#038;body=https:\/\/radiorevelacionfm.cl\/?p=3048' aria-hidden='false' data-av_icon='\ue805' data-av_iconfont='entypo-fontello' title='' data-avia-related-tooltip='Compartir por correo'><span class='avia_hidden_link_text'>Compartir por correo<\/span><\/a><\/li><\/ul><\/div><\/div>\n<div  style='height:50px' class='hr hr-invisible   avia-builder-el-8  el_after_av_social_share  el_before_av_comments_list '><span class='hr-inner ' ><span class='hr-inner-style'><\/span><\/span><\/div>\n<div  class='av-buildercomment  av-blog-meta-html-info-disabled av-blog-meta-tag-disabled  '><\/div>\n","protected":false},"excerpt":{"rendered":"","protected":false},"author":1,"featured_media":0,"comment_status":"open","ping_status":"open","sticky":false,"template":"","format":"standard","meta":{"footnotes":""},"categories":[49],"tags":[],"class_list":["post-3048","post","type-post","status-publish","format-standard","hentry","category-educacion"],"jetpack_featured_media_url":"","_links":{"self":[{"href":"https:\/\/radiorevelacionfm.cl\/index.php?rest_route=\/wp\/v2\/posts\/3048","targetHints":{"allow":["GET"]}}],"collection":[{"href":"https:\/\/radiorevelacionfm.cl\/index.php?rest_route=\/wp\/v2\/posts"}],"about":[{"href":"https:\/\/radiorevelacionfm.cl\/index.php?rest_route=\/wp\/v2\/types\/post"}],"author":[{"embeddable":true,"href":"https:\/\/radiorevelacionfm.cl\/index.php?rest_route=\/wp\/v2\/users\/1"}],"replies":[{"embeddable":true,"href":"https:\/\/radiorevelacionfm.cl\/index.php?rest_route=%2Fwp%2Fv2%2Fcomments&post=3048"}],"version-history":[{"count":1,"href":"https:\/\/radiorevelacionfm.cl\/index.php?rest_route=\/wp\/v2\/posts\/3048\/revisions"}],"predecessor-version":[{"id":3050,"href":"https:\/\/radiorevelacionfm.cl\/index.php?rest_route=\/wp\/v2\/posts\/3048\/revisions\/3050"}],"wp:attachment":[{"href":"https:\/\/radiorevelacionfm.cl\/index.php?rest_route=%2Fwp%2Fv2%2Fmedia&parent=3048"}],"wp:term":[{"taxonomy":"category","embeddable":true,"href":"https:\/\/radiorevelacionfm.cl\/index.php?rest_route=%2Fwp%2Fv2%2Fcategories&post=3048"},{"taxonomy":"post_tag","embeddable":true,"href":"https:\/\/radiorevelacionfm.cl\/index.php?rest_route=%2Fwp%2Fv2%2Ftags&post=3048"}],"curies":[{"name":"wp","href":"https:\/\/api.w.org\/{rel}","templated":true}]}}