{"id":30478,"date":"2023-04-26T16:17:39","date_gmt":"2023-04-26T19:17:39","guid":{"rendered":"https:\/\/radiorevelacionfm.cl\/?p=30478"},"modified":"2023-04-26T16:17:39","modified_gmt":"2023-04-26T19:17:39","slug":"dos-jovenes-de-la-region-son-becadas-para-realizar-diploma-en-gestion-tecnologica-para-la-innovacion-agropecuaria-de-la-uach","status":"publish","type":"post","link":"https:\/\/radiorevelacionfm.cl\/?p=30478","title":{"rendered":"Dos j\u00f3venes de la regi\u00f3n son becadas para realizar Diploma en Gesti\u00f3n Tecnol\u00f3gica para la Innovaci\u00f3n Agropecuaria de la UACh"},"content":{"rendered":"<div class=\"flex_column av_one_full  flex_column_div av-zero-column-padding first  avia-builder-el-0  el_before_av_one_full  avia-builder-el-first  \" style='border-radius:0px; '><div  class='avia-image-container  av-styling-    avia-builder-el-1  avia-builder-el-no-sibling  avia-align-center '  itemprop=\"image\" itemscope=\"itemscope\" itemtype=\"https:\/\/schema.org\/ImageObject\"  ><div class='avia-image-container-inner'><div class='avia-image-overlay-wrap'><img decoding=\"async\" class='wp-image-30479 avia-img-lazy-loading-not-30479 avia_image' src=\"https:\/\/radiorevelacionfm.cl\/wp-content\/uploads\/2023\/04\/foto-2-1-2_optimized.jpg\" alt='' title='foto-(2)-(1)-(2)_optimized' height=\"600\" width=\"1202\"  itemprop=\"thumbnailUrl\" srcset=\"https:\/\/radiorevelacionfm.cl\/wp-content\/uploads\/2023\/04\/foto-2-1-2_optimized.jpg 1202w, https:\/\/radiorevelacionfm.cl\/wp-content\/uploads\/2023\/04\/foto-2-1-2_optimized-300x150.jpg 300w, https:\/\/radiorevelacionfm.cl\/wp-content\/uploads\/2023\/04\/foto-2-1-2_optimized-1030x514.jpg 1030w, https:\/\/radiorevelacionfm.cl\/wp-content\/uploads\/2023\/04\/foto-2-1-2_optimized-768x383.jpg 768w, https:\/\/radiorevelacionfm.cl\/wp-content\/uploads\/2023\/04\/foto-2-1-2_optimized-705x352.jpg 705w, https:\/\/radiorevelacionfm.cl\/wp-content\/uploads\/2023\/04\/foto-2-1-2_optimized-450x225.jpg 450w, https:\/\/radiorevelacionfm.cl\/wp-content\/uploads\/2023\/04\/foto-2-1-2_optimized-600x300.jpg 600w\" sizes=\"(max-width: 1202px) 100vw, 1202px\" \/><\/div><\/div><\/div><\/div><div class=\"flex_column av_one_full  flex_column_div av-zero-column-padding first  avia-builder-el-2  el_after_av_one_full  el_before_av_one_full  column-top-margin\" style='border-radius:0px; '><section class=\"av_textblock_section \"  itemscope=\"itemscope\" itemtype=\"https:\/\/schema.org\/BlogPosting\" itemprop=\"blogPost\" ><div class='avia_textblock  '   itemprop=\"text\" ><p style=\"text-align: center;\"><strong><span style=\"font-size: 18pt;\">Dos j\u00f3venes de la regi\u00f3n son becadas para realizar Diploma en Gesti\u00f3n Tecnol\u00f3gica para la Innovaci\u00f3n Agropecuaria de la UACh <\/span><\/strong><\/p>\n<div id=\"gtx-trans\" style=\"position: absolute; left: -50px; top: 4.31534px;\">\n<div class=\"gtx-trans-icon\"><\/div>\n<\/div>\n<\/div><\/section><\/div><div class=\"flex_column av_one_full  flex_column_div av-zero-column-padding first  avia-builder-el-4  el_after_av_one_full  el_before_av_hr  column-top-margin\" style='border-radius:0px; '><section class=\"av_textblock_section \"  itemscope=\"itemscope\" itemtype=\"https:\/\/schema.org\/BlogPosting\" itemprop=\"blogPost\" ><div class='avia_textblock  '   itemprop=\"text\" ><p style=\"text-align: justify;\">Gracias a un convenio de colaboraci\u00f3n entre INJUV Ays\u00e9n y la Universidad Austral de Chile, Campus Patagonia, dos j\u00f3venes beneficiarias del Instituto Nacional de la Juventud (INJUV) de la regi\u00f3n, fueron becadas por la entidad educativa para realizar el Diploma en Gesti\u00f3n Tecnol\u00f3gica para la Innovaci\u00f3n Agropecuaria.<\/p>\n<p style=\"text-align: justify;\">El programa tiene una duraci\u00f3n de 100 horas, las clases se realizar\u00e1n de forma semi-presencial y su ejecuci\u00f3n se llevar\u00e1 acabo entre los meses de abril y octubre del presente a\u00f1o.<\/p>\n<p style=\"text-align: justify;\">Los principales objetivos del diploma, guardan relaci\u00f3n con generar habilidades de dise\u00f1o e instalaci\u00f3n de sistemas de riego y de energ\u00eda sustentable, actualizar conocimiento sobre manejos agron\u00f3micos productivos utilizando nuevas tecnolog\u00edas como lo son los sensores, im\u00e1genes de sat\u00e9lite (de libre acceso), uso de drones, aplicaciones de tel\u00e9fono, entre otros. Desarrollar habilidades sobre el uso de la tecnolog\u00eda y su interpretaci\u00f3n en distintos rubros agropecuarios como por ejemplo, frut\u00edcola, hort\u00edcola, producci\u00f3n animal y de los alimentos y finalmente implementar habilidades de emprendimiento e innovaci\u00f3n para postular a distintos concursos o proyectos.<\/p>\n<p style=\"text-align: justify;\">Al respecto la directora regional (s) de INJUV Ays\u00e9n, G\u00e9nesis Arias Fuentes, indic\u00f3 que \u201cagradecemos y destacamos la iniciativa de la Universidad Austral de Chile de becar a nuestros j\u00f3venes, sin duda alguna este diploma ser\u00e1 una gran herramienta para ellos y un gran aporte a nuestra regi\u00f3n, estamos felices que nuestras juventudes se vayan perfeccionando y haciendo realidad sus sue\u00f1os. Como servicio seguiremos trabajando con el intersector con el objetivo de entregar a la comunidad juvenil regional m\u00e1s y mejores espacios de participaci\u00f3n\u201d.<\/p>\n<p style=\"text-align: justify;\">\u201cComo Universidad estamos convencidos que el desarrollo de los territorios se logra con las personas, orientando sus capacidades, apoy\u00e1ndolos a salir adelante con sus proyectos. Desde esta perspectiva, incorporar a j\u00f3venes con talento y altas expectativas a estos programas acad\u00e9micos nos permite, por un lado, ampliar la gama de perfiles estudiantiles y por otro, mantener activa la alianza estrat\u00e9gica con INJUV Regi\u00f3n de Ays\u00e9n, lo que encontramos virtuoso desde todo punto de vista\u201d, explic\u00f3\u00a0 Mario Brito Soto, Director Campus Patagonia UACh.<\/p>\n<p style=\"text-align: justify;\">Alexia Paredes, joven beneficiaria del diploma impartido por la Universidad Austral de Chile destac\u00f3 la iniciativa y sostuvo que \u201csolo tengo que aprovechar esta oportunidad, me parece genial, nunca me imagin\u00e9 hacer este diploma y mucho menos a trav\u00e9s de una beca, estoy agradecida de INJUV y espero que se vayan dando muchas m\u00e1s instancias como estas, para que m\u00e1s j\u00f3venes como yo puedan optar a este tipo de instancias.<\/p>\n<p style=\"text-align: justify;\">En tanto Yeraldy Antim\u00e1n, se\u00f1al\u00f3 que \u201cme parece una maravillosa oportunidad que no puedo desaprovechar, para realizar este tipo de cursos hay que pagar bastante y esta beca me cay\u00f3 del cielo, es una gran instancia para perfeccionarme, agradezco a INJUV y a la Universidad Austral de Chile por haberme dado esta beca\u201d.<\/p>\n<\/div><\/section><\/div><div  style='height:50px' class='hr hr-invisible   avia-builder-el-6  el_after_av_one_full  el_before_av_social_share '><span class='hr-inner ' ><span class='hr-inner-style'><\/span><\/span><\/div><\/p>\n<div  class='av-social-sharing-box  avia-builder-el-7  el_after_av_hr  el_before_av_hr  '><div class='av-share-box'><h5 class='av-share-link-description av-no-toc '>Compartir esta noticia<\/h5><ul class='av-share-box-list noLightbox'><li class='av-share-link av-social-link-facebook' ><a target=\"_blank\" aria-label=\"Compartir en Facebook\" href='https:\/\/www.facebook.com\/sharer.php?u=https:\/\/radiorevelacionfm.cl\/?p=30478&#038;t=Dos%20j%C3%B3venes%20de%20la%20regi%C3%B3n%20son%20becadas%20para%20realizar%20Diploma%20en%20Gesti%C3%B3n%20Tecnol%C3%B3gica%20para%20la%20Innovaci%C3%B3n%20Agropecuaria%20de%20la%20UACh' aria-hidden='false' data-av_icon='\ue8f3' data-av_iconfont='entypo-fontello' title='' data-avia-related-tooltip='Compartir en Facebook' rel=\"noopener\"><span class='avia_hidden_link_text'>Compartir en Facebook<\/span><\/a><\/li><li class='av-share-link av-social-link-twitter' ><a target=\"_blank\" aria-label=\"Compartir en Twitter\" href='https:\/\/twitter.com\/share?text=Dos%20j%C3%B3venes%20de%20la%20regi%C3%B3n%20son%20becadas%20para%20realizar%20Diploma%20en%20Gesti%C3%B3n%20Tecnol%C3%B3gica%20para%20la%20Innovaci%C3%B3n%20Agropecuaria%20de%20la%20UACh&#038;url=https:\/\/radiorevelacionfm.cl\/?p=30478' aria-hidden='false' data-av_icon='\ue8f1' data-av_iconfont='entypo-fontello' title='' data-avia-related-tooltip='Compartir en Twitter' rel=\"noopener\"><span class='avia_hidden_link_text'>Compartir en Twitter<\/span><\/a><\/li><li class='av-share-link av-social-link-whatsapp' ><a target=\"_blank\" aria-label=\"Compartir en Whatsapp\" href='https:\/\/api.whatsapp.com\/send?text=https:\/\/radiorevelacionfm.cl\/?p=30478' aria-hidden='false' data-av_icon='\uf232' data-av_iconfont='entypo-fontello' title='' data-avia-related-tooltip='Compartir en Whatsapp' rel=\"noopener\"><span class='avia_hidden_link_text'>Compartir en Whatsapp<\/span><\/a><\/li><li class='av-share-link av-social-link-linkedin' ><a target=\"_blank\" aria-label=\"Compartir en LinkedIn\" href='https:\/\/linkedin.com\/shareArticle?mini=true&#038;title=Dos%20j%C3%B3venes%20de%20la%20regi%C3%B3n%20son%20becadas%20para%20realizar%20Diploma%20en%20Gesti%C3%B3n%20Tecnol%C3%B3gica%20para%20la%20Innovaci%C3%B3n%20Agropecuaria%20de%20la%20UACh&#038;url=https:\/\/radiorevelacionfm.cl\/?p=30478' aria-hidden='false' data-av_icon='\ue8fc' data-av_iconfont='entypo-fontello' title='' data-avia-related-tooltip='Compartir en LinkedIn' rel=\"noopener\"><span class='avia_hidden_link_text'>Compartir en LinkedIn<\/span><\/a><\/li><li class='av-share-link av-social-link-mail' ><a  aria-label=\"Compartir por correo\" href='mailto:?subject=Dos%20j%C3%B3venes%20de%20la%20regi%C3%B3n%20son%20becadas%20para%20realizar%20Diploma%20en%20Gesti%C3%B3n%20Tecnol%C3%B3gica%20para%20la%20Innovaci%C3%B3n%20Agropecuaria%20de%20la%20UACh&#038;body=https:\/\/radiorevelacionfm.cl\/?p=30478' aria-hidden='false' data-av_icon='\ue805' data-av_iconfont='entypo-fontello' title='' data-avia-related-tooltip='Compartir por correo'><span class='avia_hidden_link_text'>Compartir por correo<\/span><\/a><\/li><\/ul><\/div><\/div>\n<div  style='height:50px' class='hr hr-invisible   avia-builder-el-8  el_after_av_social_share  el_before_av_comments_list '><span class='hr-inner ' ><span class='hr-inner-style'><\/span><\/span><\/div>\n<div  class='av-buildercomment  av-blog-meta-html-info-disabled av-blog-meta-tag-disabled  '><\/div>\n","protected":false},"excerpt":{"rendered":"","protected":false},"author":1,"featured_media":30479,"comment_status":"open","ping_status":"open","sticky":false,"template":"","format":"standard","meta":{"footnotes":""},"categories":[38],"tags":[],"class_list":["post-30478","post","type-post","status-publish","format-standard","has-post-thumbnail","hentry","category-regional"],"jetpack_featured_media_url":"https:\/\/radiorevelacionfm.cl\/wp-content\/uploads\/2023\/04\/foto-2-1-2_optimized.jpg","_links":{"self":[{"href":"https:\/\/radiorevelacionfm.cl\/index.php?rest_route=\/wp\/v2\/posts\/30478","targetHints":{"allow":["GET"]}}],"collection":[{"href":"https:\/\/radiorevelacionfm.cl\/index.php?rest_route=\/wp\/v2\/posts"}],"about":[{"href":"https:\/\/radiorevelacionfm.cl\/index.php?rest_route=\/wp\/v2\/types\/post"}],"author":[{"embeddable":true,"href":"https:\/\/radiorevelacionfm.cl\/index.php?rest_route=\/wp\/v2\/users\/1"}],"replies":[{"embeddable":true,"href":"https:\/\/radiorevelacionfm.cl\/index.php?rest_route=%2Fwp%2Fv2%2Fcomments&post=30478"}],"version-history":[{"count":1,"href":"https:\/\/radiorevelacionfm.cl\/index.php?rest_route=\/wp\/v2\/posts\/30478\/revisions"}],"predecessor-version":[{"id":30480,"href":"https:\/\/radiorevelacionfm.cl\/index.php?rest_route=\/wp\/v2\/posts\/30478\/revisions\/30480"}],"wp:featuredmedia":[{"embeddable":true,"href":"https:\/\/radiorevelacionfm.cl\/index.php?rest_route=\/wp\/v2\/media\/30479"}],"wp:attachment":[{"href":"https:\/\/radiorevelacionfm.cl\/index.php?rest_route=%2Fwp%2Fv2%2Fmedia&parent=30478"}],"wp:term":[{"taxonomy":"category","embeddable":true,"href":"https:\/\/radiorevelacionfm.cl\/index.php?rest_route=%2Fwp%2Fv2%2Fcategories&post=30478"},{"taxonomy":"post_tag","embeddable":true,"href":"https:\/\/radiorevelacionfm.cl\/index.php?rest_route=%2Fwp%2Fv2%2Ftags&post=30478"}],"curies":[{"name":"wp","href":"https:\/\/api.w.org\/{rel}","templated":true}]}}