{"id":30476,"date":"2023-04-26T13:34:27","date_gmt":"2023-04-26T16:34:27","guid":{"rendered":"https:\/\/radiorevelacionfm.cl\/?p=30476"},"modified":"2023-04-26T13:34:27","modified_gmt":"2023-04-26T16:34:27","slug":"chile-chico-condenan-a-ex-funcionario-de-la-pdi-por-abuso-sexual-reiterado-contra-ex-companeras-de-trabajo","status":"publish","type":"post","link":"https:\/\/radiorevelacionfm.cl\/?p=30476","title":{"rendered":"Chile Chico: Condenan a ex funcionario de la PDI por abuso sexual reiterado contra ex compa\u00f1eras de trabajo"},"content":{"rendered":"<div class=\"flex_column av_one_full  flex_column_div av-zero-column-padding first  avia-builder-el-0  el_before_av_one_full  avia-builder-el-first  \" style='border-radius:0px; '><div  class='avia-image-container  av-styling-    avia-builder-el-1  avia-builder-el-no-sibling  avia-align-center '  itemprop=\"image\" itemscope=\"itemscope\" itemtype=\"https:\/\/schema.org\/ImageObject\"  ><div class='avia-image-container-inner'><div class='avia-image-overlay-wrap'><img decoding=\"async\" class='wp-image-11799 avia-img-lazy-loading-not-11799 avia_image' src=\"https:\/\/radiorevelacionfm.cl\/wp-content\/uploads\/2021\/12\/Foto-tribunal-Chile-Chico-2-2.jpg\" alt='' title='Foto tribunal Chile Chico-2-2' height=\"600\" width=\"1068\"  itemprop=\"thumbnailUrl\" srcset=\"https:\/\/radiorevelacionfm.cl\/wp-content\/uploads\/2021\/12\/Foto-tribunal-Chile-Chico-2-2.jpg 1068w, https:\/\/radiorevelacionfm.cl\/wp-content\/uploads\/2021\/12\/Foto-tribunal-Chile-Chico-2-2-300x169.jpg 300w, https:\/\/radiorevelacionfm.cl\/wp-content\/uploads\/2021\/12\/Foto-tribunal-Chile-Chico-2-2-1030x579.jpg 1030w, https:\/\/radiorevelacionfm.cl\/wp-content\/uploads\/2021\/12\/Foto-tribunal-Chile-Chico-2-2-768x431.jpg 768w, https:\/\/radiorevelacionfm.cl\/wp-content\/uploads\/2021\/12\/Foto-tribunal-Chile-Chico-2-2-705x396.jpg 705w, https:\/\/radiorevelacionfm.cl\/wp-content\/uploads\/2021\/12\/Foto-tribunal-Chile-Chico-2-2-600x337.jpg 600w\" sizes=\"(max-width: 1068px) 100vw, 1068px\" \/><\/div><\/div><\/div><\/div><div class=\"flex_column av_one_full  flex_column_div av-zero-column-padding first  avia-builder-el-2  el_after_av_one_full  el_before_av_one_full  column-top-margin\" style='border-radius:0px; '><section class=\"av_textblock_section \"  itemscope=\"itemscope\" itemtype=\"https:\/\/schema.org\/BlogPosting\" itemprop=\"blogPost\" ><div class='avia_textblock  '   itemprop=\"text\" ><p style=\"text-align: center;\"><strong><span style=\"font-size: 18pt;\">Chile Chico: Condenan a ex funcionario de la PDI por abuso sexual reiterado contra ex compa\u00f1eras de trabajo<\/span><\/strong><\/p>\n<div id=\"gtx-trans\" style=\"position: absolute; left: -50px; top: 4.31534px;\">\n<div class=\"gtx-trans-icon\"><\/div>\n<\/div>\n<\/div><\/section><\/div><div class=\"flex_column av_one_full  flex_column_div av-zero-column-padding first  avia-builder-el-4  el_after_av_one_full  el_before_av_hr  column-top-margin\" style='border-radius:0px; '><section class=\"av_textblock_section \"  itemscope=\"itemscope\" itemtype=\"https:\/\/schema.org\/BlogPosting\" itemprop=\"blogPost\" ><div class='avia_textblock  '   itemprop=\"text\" ><p class=\"v1MsoNormal\" style=\"text-align: justify;\">En procedimiento abreviado, el Juzgado de Garant\u00eda de Chile Chico conden\u00f3 a Y.A.M.B. a la pena de 4 a\u00f1os de presidio, con el beneficio de la libertad vigilada intensiva, por igual tiempo de la condena, en calidad de autor de cinco delitos de abuso sexual contra ex compa\u00f1eras de la instituci\u00f3n policial. Il\u00edcitos perpetrados entre junio y agosto de 2020 en las comunas de Chile Chico, Cochrane y la localidad de Cerro Castillo.<\/p>\n<p class=\"v1MsoNormal\" style=\"text-align: justify;\">En la resoluci\u00f3n, el juez\u00a0Guillermo Frene Candia, aplic\u00f3 al condenado la accesoria legal de la inhabilitaci\u00f3n absoluta para cargos y oficios p\u00fablicos durante el tiempo de la condena, y la inhabilitaci\u00f3n absoluta perpetua para el ejercicio de derechos pol\u00edticos.<\/p>\n<p class=\"v1MsoNormal\" style=\"text-align: justify;\">Asimismo, se dispone como pena accesoria la interdicci\u00f3n del derecho de ejercer la guarda y a ser o\u00eddo como pariente en los casos que la Ley se\u00f1ala, y la sujeci\u00f3n a la vigilancia de la autoridad durante 10 a\u00f1os siguientes al cumplimiento de la pena principal. La sujeci\u00f3n consistir\u00e1 en informar a Carabineros de Chile, cada tres meses, de su domicilio actual.<\/p>\n<p class=\"v1MsoNormal\" style=\"text-align: justify;\">Durante el cumplimiento de la sanci\u00f3n, Y.A.M.B. deber\u00e1 sujetarse al cumplimiento de un programa de actividades orientado a su reinserci\u00f3n social en el \u00e1mbito personal, comunitario y laboral, a trav\u00e9s de una intervenci\u00f3n individualizada, debiendo cumplir adem\u00e1s con la condici\u00f3n especial del art\u00edculo 17 ter de la misma ley en su letra a) esto es, la obligaci\u00f3n de permanecer en su domicilio desde la 00:00 a las 06:00 horas del d\u00eda siguiente por el tiempo de la condena.<\/p>\n<p class=\"v1MsoNormal\" style=\"text-align: justify;\">Una vez que el fallo quede ejecutoriado, el tribunal dispuso que se proceda a la toma de muestras biol\u00f3gicas\u00a0del sentenciado para determinar huella gen\u00e9tica\u00a0e incorporaci\u00f3n en el registro nacional de ADN de condenados.<\/p>\n<\/div><\/section><\/div><div  style='height:50px' class='hr hr-invisible   avia-builder-el-6  el_after_av_one_full  el_before_av_social_share '><span class='hr-inner ' ><span class='hr-inner-style'><\/span><\/span><\/div><\/p>\n<div  class='av-social-sharing-box  avia-builder-el-7  el_after_av_hr  el_before_av_hr  '><div class='av-share-box'><h5 class='av-share-link-description av-no-toc '>Compartir esta noticia<\/h5><ul class='av-share-box-list noLightbox'><li class='av-share-link av-social-link-facebook' ><a target=\"_blank\" aria-label=\"Compartir en Facebook\" href='https:\/\/www.facebook.com\/sharer.php?u=https:\/\/radiorevelacionfm.cl\/?p=30476&#038;t=Chile%20Chico%3A%20Condenan%20a%20ex%20funcionario%20de%20la%20PDI%20por%20abuso%20sexual%20reiterado%20contra%20ex%20compa%C3%B1eras%20de%20trabajo' aria-hidden='false' data-av_icon='\ue8f3' data-av_iconfont='entypo-fontello' title='' data-avia-related-tooltip='Compartir en Facebook' rel=\"noopener\"><span class='avia_hidden_link_text'>Compartir en Facebook<\/span><\/a><\/li><li class='av-share-link av-social-link-twitter' ><a target=\"_blank\" aria-label=\"Compartir en Twitter\" href='https:\/\/twitter.com\/share?text=Chile%20Chico%3A%20Condenan%20a%20ex%20funcionario%20de%20la%20PDI%20por%20abuso%20sexual%20reiterado%20contra%20ex%20compa%C3%B1eras%20de%20trabajo&#038;url=https:\/\/radiorevelacionfm.cl\/?p=30476' aria-hidden='false' data-av_icon='\ue8f1' data-av_iconfont='entypo-fontello' title='' data-avia-related-tooltip='Compartir en Twitter' rel=\"noopener\"><span class='avia_hidden_link_text'>Compartir en Twitter<\/span><\/a><\/li><li class='av-share-link av-social-link-whatsapp' ><a target=\"_blank\" aria-label=\"Compartir en Whatsapp\" href='https:\/\/api.whatsapp.com\/send?text=https:\/\/radiorevelacionfm.cl\/?p=30476' aria-hidden='false' data-av_icon='\uf232' data-av_iconfont='entypo-fontello' title='' data-avia-related-tooltip='Compartir en Whatsapp' rel=\"noopener\"><span class='avia_hidden_link_text'>Compartir en Whatsapp<\/span><\/a><\/li><li class='av-share-link av-social-link-linkedin' ><a target=\"_blank\" aria-label=\"Compartir en LinkedIn\" href='https:\/\/linkedin.com\/shareArticle?mini=true&#038;title=Chile%20Chico%3A%20Condenan%20a%20ex%20funcionario%20de%20la%20PDI%20por%20abuso%20sexual%20reiterado%20contra%20ex%20compa%C3%B1eras%20de%20trabajo&#038;url=https:\/\/radiorevelacionfm.cl\/?p=30476' aria-hidden='false' data-av_icon='\ue8fc' data-av_iconfont='entypo-fontello' title='' data-avia-related-tooltip='Compartir en LinkedIn' rel=\"noopener\"><span class='avia_hidden_link_text'>Compartir en LinkedIn<\/span><\/a><\/li><li class='av-share-link av-social-link-mail' ><a  aria-label=\"Compartir por correo\" href='mailto:?subject=Chile%20Chico%3A%20Condenan%20a%20ex%20funcionario%20de%20la%20PDI%20por%20abuso%20sexual%20reiterado%20contra%20ex%20compa%C3%B1eras%20de%20trabajo&#038;body=https:\/\/radiorevelacionfm.cl\/?p=30476' aria-hidden='false' data-av_icon='\ue805' data-av_iconfont='entypo-fontello' title='' data-avia-related-tooltip='Compartir por correo'><span class='avia_hidden_link_text'>Compartir por correo<\/span><\/a><\/li><\/ul><\/div><\/div>\n<div  style='height:50px' class='hr hr-invisible   avia-builder-el-8  el_after_av_social_share  el_before_av_comments_list '><span class='hr-inner ' ><span class='hr-inner-style'><\/span><\/span><\/div>\n<div  class='av-buildercomment  av-blog-meta-html-info-disabled av-blog-meta-tag-disabled  '><\/div>\n","protected":false},"excerpt":{"rendered":"","protected":false},"author":1,"featured_media":11799,"comment_status":"open","ping_status":"open","sticky":false,"template":"","format":"standard","meta":{"footnotes":""},"categories":[55],"tags":[],"class_list":["post-30476","post","type-post","status-publish","format-standard","has-post-thumbnail","hentry","category-justicia"],"jetpack_featured_media_url":"https:\/\/radiorevelacionfm.cl\/wp-content\/uploads\/2021\/12\/Foto-tribunal-Chile-Chico-2-2.jpg","_links":{"self":[{"href":"https:\/\/radiorevelacionfm.cl\/index.php?rest_route=\/wp\/v2\/posts\/30476","targetHints":{"allow":["GET"]}}],"collection":[{"href":"https:\/\/radiorevelacionfm.cl\/index.php?rest_route=\/wp\/v2\/posts"}],"about":[{"href":"https:\/\/radiorevelacionfm.cl\/index.php?rest_route=\/wp\/v2\/types\/post"}],"author":[{"embeddable":true,"href":"https:\/\/radiorevelacionfm.cl\/index.php?rest_route=\/wp\/v2\/users\/1"}],"replies":[{"embeddable":true,"href":"https:\/\/radiorevelacionfm.cl\/index.php?rest_route=%2Fwp%2Fv2%2Fcomments&post=30476"}],"version-history":[{"count":1,"href":"https:\/\/radiorevelacionfm.cl\/index.php?rest_route=\/wp\/v2\/posts\/30476\/revisions"}],"predecessor-version":[{"id":30477,"href":"https:\/\/radiorevelacionfm.cl\/index.php?rest_route=\/wp\/v2\/posts\/30476\/revisions\/30477"}],"wp:featuredmedia":[{"embeddable":true,"href":"https:\/\/radiorevelacionfm.cl\/index.php?rest_route=\/wp\/v2\/media\/11799"}],"wp:attachment":[{"href":"https:\/\/radiorevelacionfm.cl\/index.php?rest_route=%2Fwp%2Fv2%2Fmedia&parent=30476"}],"wp:term":[{"taxonomy":"category","embeddable":true,"href":"https:\/\/radiorevelacionfm.cl\/index.php?rest_route=%2Fwp%2Fv2%2Fcategories&post=30476"},{"taxonomy":"post_tag","embeddable":true,"href":"https:\/\/radiorevelacionfm.cl\/index.php?rest_route=%2Fwp%2Fv2%2Ftags&post=30476"}],"curies":[{"name":"wp","href":"https:\/\/api.w.org\/{rel}","templated":true}]}}