{"id":30473,"date":"2023-04-26T12:19:19","date_gmt":"2023-04-26T15:19:19","guid":{"rendered":"https:\/\/radiorevelacionfm.cl\/?p=30473"},"modified":"2023-04-26T12:19:19","modified_gmt":"2023-04-26T15:19:19","slug":"en-prision-preventiva-quedo-una-mujer-y-un-hombre-tras-ser-detenidos-con-mas-de-medio-kilo-de-cocaina-y-marihuana","status":"publish","type":"post","link":"https:\/\/radiorevelacionfm.cl\/?p=30473","title":{"rendered":"En prisi\u00f3n preventiva qued\u00f3 una mujer y un hombre tras ser detenidos con m\u00e1s de medio kilo de coca\u00edna y marihuana"},"content":{"rendered":"<div class=\"flex_column av_one_full  flex_column_div av-zero-column-padding first  avia-builder-el-0  el_before_av_one_full  avia-builder-el-first  \" style='border-radius:0px; '><div  class='avia-image-container  av-styling-    avia-builder-el-1  avia-builder-el-no-sibling  avia-align-center '  itemprop=\"image\" itemscope=\"itemscope\" itemtype=\"https:\/\/schema.org\/ImageObject\"  ><div class='avia-image-container-inner'><div class='avia-image-overlay-wrap'><img decoding=\"async\" class='wp-image-30474 avia-img-lazy-loading-not-30474 avia_image' src=\"https:\/\/radiorevelacionfm.cl\/wp-content\/uploads\/2023\/04\/IMG_5361-1-1.jpeg\" alt='' title='IMG_5361 (1) (1)' height=\"600\" width=\"800\"  itemprop=\"thumbnailUrl\" srcset=\"https:\/\/radiorevelacionfm.cl\/wp-content\/uploads\/2023\/04\/IMG_5361-1-1.jpeg 800w, https:\/\/radiorevelacionfm.cl\/wp-content\/uploads\/2023\/04\/IMG_5361-1-1-300x225.jpeg 300w, https:\/\/radiorevelacionfm.cl\/wp-content\/uploads\/2023\/04\/IMG_5361-1-1-768x576.jpeg 768w, https:\/\/radiorevelacionfm.cl\/wp-content\/uploads\/2023\/04\/IMG_5361-1-1-705x529.jpeg 705w, https:\/\/radiorevelacionfm.cl\/wp-content\/uploads\/2023\/04\/IMG_5361-1-1-450x338.jpeg 450w, https:\/\/radiorevelacionfm.cl\/wp-content\/uploads\/2023\/04\/IMG_5361-1-1-600x450.jpeg 600w\" sizes=\"(max-width: 800px) 100vw, 800px\" \/><\/div><\/div><\/div><\/div><div class=\"flex_column av_one_full  flex_column_div av-zero-column-padding first  avia-builder-el-2  el_after_av_one_full  el_before_av_one_full  column-top-margin\" style='border-radius:0px; '><section class=\"av_textblock_section \"  itemscope=\"itemscope\" itemtype=\"https:\/\/schema.org\/BlogPosting\" itemprop=\"blogPost\" ><div class='avia_textblock  '   itemprop=\"text\" ><p style=\"text-align: center;\"><strong><span style=\"font-size: 18pt;\">En prisi\u00f3n preventiva qued\u00f3 una mujer y un hombre tras ser detenidos con m\u00e1s de medio kilo de coca\u00edna y marihuana<\/span><\/strong><\/p>\n<div id=\"gtx-trans\" style=\"position: absolute; left: -50px; top: 4.31534px;\">\n<div class=\"gtx-trans-icon\"><\/div>\n<\/div>\n<\/div><\/section><\/div><div class=\"flex_column av_one_full  flex_column_div av-zero-column-padding first  avia-builder-el-4  el_after_av_one_full  el_before_av_hr  column-top-margin\" style='border-radius:0px; '><section class=\"av_textblock_section \"  itemscope=\"itemscope\" itemtype=\"https:\/\/schema.org\/BlogPosting\" itemprop=\"blogPost\" ><div class='avia_textblock  '   itemprop=\"text\" ><p style=\"font-weight: 400; text-align: justify;\">El trabajo conjunto de la Fiscal\u00eda y el OS-7 de Carabineros permitieron la detenci\u00f3n y la prisi\u00f3n preventiva de dos imputados, un hombre extranjero y una mujer chilena, por el delito de tr\u00e1fico de coca\u00edna y marihuana, el cual fue detectado en un control efectuado el domingo en la localidad de La Junta por parte de Carabineros. En el procedimiento, se decomisaron 525 gramos de coca\u00edna y 300 gramos de cannabis que ven\u00eda con destino a Coyhaique, lugar de residencia de ambos imputados.<\/p>\n<p style=\"font-weight: 400; text-align: justify;\">Sobre este caso, el fiscal jefe de Coyhaique, Jos\u00e9 Moris, explic\u00f3 que \u201cayer se control\u00f3 la detenci\u00f3n y se formaliz\u00f3 a dos imputados, un hombre dominicano y una mujer chilena, por tr\u00e1fico de drogas ante el Juzgado de Letras, Garant\u00eda y Familia de Cisnes. Es un caso donde se logr\u00f3 incautar medio kilo de coca\u00edna y 300 gramos de cannabis, debido a lo cual los imputados fueron formalizados por tr\u00e1fico il\u00edcito de drogas\u201d.<\/p>\n<p style=\"font-weight: 400; text-align: justify;\">El persecutor penal a\u00f1adi\u00f3 que \u201cla Fiscal\u00eda solicit\u00f3 prisi\u00f3n preventiva de ambos, accediendo el Tribunal a la prisi\u00f3n preventiva del hombre dominicano, fundado no solamente en el peligro para la seguridad de la sociedad, sino en el peligro de fuga porque es un extranjero en situaci\u00f3n irregular en Chile. En el caso de la imputada, no se accedi\u00f3 a la prisi\u00f3n preventiva apelando la Fiscal\u00eda en el acto a efectos de que la Corte de Apelaciones tome conocimiento del recurso y decrete la prisi\u00f3n preventiva en su lugar\u201d.<\/p>\n<p style=\"font-weight: 400; text-align: justify;\">Sobre este punto, el fiscal Moris inform\u00f3 que la Corte de Apelaciones de Coyhaique decret\u00f3 hoy la prisi\u00f3n preventiva de la detenida, tras la presentaci\u00f3n de antecedentes efectuada por la Unidad de Asesor\u00eda Jur\u00eddica de la Fiscal\u00eda. El plazo para el t\u00e9rmino de la investigaci\u00f3n fue fijado por el Tribunal en 100 d\u00edas, per\u00edodo en el cual se desarrollar\u00e1n otras diligencias investigativas.<\/p>\n<\/div><\/section><\/div><div  style='height:50px' class='hr hr-invisible   avia-builder-el-6  el_after_av_one_full  el_before_av_social_share '><span class='hr-inner ' ><span class='hr-inner-style'><\/span><\/span><\/div><\/p>\n<div  class='av-social-sharing-box  avia-builder-el-7  el_after_av_hr  el_before_av_hr  '><div class='av-share-box'><h5 class='av-share-link-description av-no-toc '>Compartir esta noticia<\/h5><ul class='av-share-box-list noLightbox'><li class='av-share-link av-social-link-facebook' ><a target=\"_blank\" aria-label=\"Compartir en Facebook\" href='https:\/\/www.facebook.com\/sharer.php?u=https:\/\/radiorevelacionfm.cl\/?p=30473&#038;t=En%20prisi%C3%B3n%20preventiva%20qued%C3%B3%20una%20mujer%20y%20un%20hombre%20tras%20ser%20detenidos%20con%20m%C3%A1s%20de%20medio%20kilo%20de%20coca%C3%ADna%20y%20marihuana' aria-hidden='false' data-av_icon='\ue8f3' data-av_iconfont='entypo-fontello' title='' data-avia-related-tooltip='Compartir en Facebook' rel=\"noopener\"><span class='avia_hidden_link_text'>Compartir en Facebook<\/span><\/a><\/li><li class='av-share-link av-social-link-twitter' ><a target=\"_blank\" aria-label=\"Compartir en Twitter\" href='https:\/\/twitter.com\/share?text=En%20prisi%C3%B3n%20preventiva%20qued%C3%B3%20una%20mujer%20y%20un%20hombre%20tras%20ser%20detenidos%20con%20m%C3%A1s%20de%20medio%20kilo%20de%20coca%C3%ADna%20y%20marihuana&#038;url=https:\/\/radiorevelacionfm.cl\/?p=30473' aria-hidden='false' data-av_icon='\ue8f1' data-av_iconfont='entypo-fontello' title='' data-avia-related-tooltip='Compartir en Twitter' rel=\"noopener\"><span class='avia_hidden_link_text'>Compartir en Twitter<\/span><\/a><\/li><li class='av-share-link av-social-link-whatsapp' ><a target=\"_blank\" aria-label=\"Compartir en Whatsapp\" href='https:\/\/api.whatsapp.com\/send?text=https:\/\/radiorevelacionfm.cl\/?p=30473' aria-hidden='false' data-av_icon='\uf232' data-av_iconfont='entypo-fontello' title='' data-avia-related-tooltip='Compartir en Whatsapp' rel=\"noopener\"><span class='avia_hidden_link_text'>Compartir en Whatsapp<\/span><\/a><\/li><li class='av-share-link av-social-link-linkedin' ><a target=\"_blank\" aria-label=\"Compartir en LinkedIn\" href='https:\/\/linkedin.com\/shareArticle?mini=true&#038;title=En%20prisi%C3%B3n%20preventiva%20qued%C3%B3%20una%20mujer%20y%20un%20hombre%20tras%20ser%20detenidos%20con%20m%C3%A1s%20de%20medio%20kilo%20de%20coca%C3%ADna%20y%20marihuana&#038;url=https:\/\/radiorevelacionfm.cl\/?p=30473' aria-hidden='false' data-av_icon='\ue8fc' data-av_iconfont='entypo-fontello' title='' data-avia-related-tooltip='Compartir en LinkedIn' rel=\"noopener\"><span class='avia_hidden_link_text'>Compartir en LinkedIn<\/span><\/a><\/li><li class='av-share-link av-social-link-mail' ><a  aria-label=\"Compartir por correo\" href='mailto:?subject=En%20prisi%C3%B3n%20preventiva%20qued%C3%B3%20una%20mujer%20y%20un%20hombre%20tras%20ser%20detenidos%20con%20m%C3%A1s%20de%20medio%20kilo%20de%20coca%C3%ADna%20y%20marihuana&#038;body=https:\/\/radiorevelacionfm.cl\/?p=30473' aria-hidden='false' data-av_icon='\ue805' data-av_iconfont='entypo-fontello' title='' data-avia-related-tooltip='Compartir por correo'><span class='avia_hidden_link_text'>Compartir por correo<\/span><\/a><\/li><\/ul><\/div><\/div>\n<div  style='height:50px' class='hr hr-invisible   avia-builder-el-8  el_after_av_social_share  el_before_av_comments_list '><span class='hr-inner ' ><span class='hr-inner-style'><\/span><\/span><\/div>\n<div  class='av-buildercomment  av-blog-meta-html-info-disabled av-blog-meta-tag-disabled  '><\/div>\n","protected":false},"excerpt":{"rendered":"","protected":false},"author":1,"featured_media":30474,"comment_status":"open","ping_status":"open","sticky":false,"template":"","format":"standard","meta":{"footnotes":""},"categories":[36],"tags":[],"class_list":["post-30473","post","type-post","status-publish","format-standard","has-post-thumbnail","hentry","category-policial"],"jetpack_featured_media_url":"https:\/\/radiorevelacionfm.cl\/wp-content\/uploads\/2023\/04\/IMG_5361-1-1.jpeg","_links":{"self":[{"href":"https:\/\/radiorevelacionfm.cl\/index.php?rest_route=\/wp\/v2\/posts\/30473","targetHints":{"allow":["GET"]}}],"collection":[{"href":"https:\/\/radiorevelacionfm.cl\/index.php?rest_route=\/wp\/v2\/posts"}],"about":[{"href":"https:\/\/radiorevelacionfm.cl\/index.php?rest_route=\/wp\/v2\/types\/post"}],"author":[{"embeddable":true,"href":"https:\/\/radiorevelacionfm.cl\/index.php?rest_route=\/wp\/v2\/users\/1"}],"replies":[{"embeddable":true,"href":"https:\/\/radiorevelacionfm.cl\/index.php?rest_route=%2Fwp%2Fv2%2Fcomments&post=30473"}],"version-history":[{"count":1,"href":"https:\/\/radiorevelacionfm.cl\/index.php?rest_route=\/wp\/v2\/posts\/30473\/revisions"}],"predecessor-version":[{"id":30475,"href":"https:\/\/radiorevelacionfm.cl\/index.php?rest_route=\/wp\/v2\/posts\/30473\/revisions\/30475"}],"wp:featuredmedia":[{"embeddable":true,"href":"https:\/\/radiorevelacionfm.cl\/index.php?rest_route=\/wp\/v2\/media\/30474"}],"wp:attachment":[{"href":"https:\/\/radiorevelacionfm.cl\/index.php?rest_route=%2Fwp%2Fv2%2Fmedia&parent=30473"}],"wp:term":[{"taxonomy":"category","embeddable":true,"href":"https:\/\/radiorevelacionfm.cl\/index.php?rest_route=%2Fwp%2Fv2%2Fcategories&post=30473"},{"taxonomy":"post_tag","embeddable":true,"href":"https:\/\/radiorevelacionfm.cl\/index.php?rest_route=%2Fwp%2Fv2%2Ftags&post=30473"}],"curies":[{"name":"wp","href":"https:\/\/api.w.org\/{rel}","templated":true}]}}