{"id":30470,"date":"2023-04-26T13:20:55","date_gmt":"2023-04-26T16:20:55","guid":{"rendered":"https:\/\/radiorevelacionfm.cl\/?p=30470"},"modified":"2023-04-26T13:20:55","modified_gmt":"2023-04-26T16:20:55","slug":"realizan-plazas-de-justicia-y-derechos-humanos-en-cochrane-y-tortel","status":"publish","type":"post","link":"https:\/\/radiorevelacionfm.cl\/?p=30470","title":{"rendered":"Realizan Plazas de Justicia y Derechos Humanos en Cochrane y Tortel"},"content":{"rendered":"<div class=\"flex_column av_one_full  flex_column_div av-zero-column-padding first  avia-builder-el-0  el_before_av_one_full  avia-builder-el-first  \" style='border-radius:0px; '><div  class='avia-image-container  av-styling-    avia-builder-el-1  avia-builder-el-no-sibling  avia-align-center '  itemprop=\"image\" itemscope=\"itemscope\" itemtype=\"https:\/\/schema.org\/ImageObject\"  ><div class='avia-image-container-inner'><div class='avia-image-overlay-wrap'><img decoding=\"async\" class='wp-image-30471 avia-img-lazy-loading-not-30471 avia_image' src=\"https:\/\/radiorevelacionfm.cl\/wp-content\/uploads\/2023\/04\/plaza-tortel-y-cochrane-1-1.jpg\" alt='' title='plaza tortel y cochrane 1 (1)' height=\"618\" width=\"896\"  itemprop=\"thumbnailUrl\" srcset=\"https:\/\/radiorevelacionfm.cl\/wp-content\/uploads\/2023\/04\/plaza-tortel-y-cochrane-1-1.jpg 896w, https:\/\/radiorevelacionfm.cl\/wp-content\/uploads\/2023\/04\/plaza-tortel-y-cochrane-1-1-300x207.jpg 300w, https:\/\/radiorevelacionfm.cl\/wp-content\/uploads\/2023\/04\/plaza-tortel-y-cochrane-1-1-768x530.jpg 768w, https:\/\/radiorevelacionfm.cl\/wp-content\/uploads\/2023\/04\/plaza-tortel-y-cochrane-1-1-705x486.jpg 705w, https:\/\/radiorevelacionfm.cl\/wp-content\/uploads\/2023\/04\/plaza-tortel-y-cochrane-1-1-450x310.jpg 450w, https:\/\/radiorevelacionfm.cl\/wp-content\/uploads\/2023\/04\/plaza-tortel-y-cochrane-1-1-600x414.jpg 600w\" sizes=\"(max-width: 896px) 100vw, 896px\" \/><\/div><\/div><\/div><\/div><div class=\"flex_column av_one_full  flex_column_div av-zero-column-padding first  avia-builder-el-2  el_after_av_one_full  el_before_av_one_full  column-top-margin\" style='border-radius:0px; '><section class=\"av_textblock_section \"  itemscope=\"itemscope\" itemtype=\"https:\/\/schema.org\/BlogPosting\" itemprop=\"blogPost\" ><div class='avia_textblock  '   itemprop=\"text\" ><p style=\"text-align: center;\"><span style=\"font-size: 18pt;\"><strong>Realizan Plazas de Justicia y Derechos Humanos en Cochrane y Tortel<\/strong><\/span><\/p>\n<div id=\"gtx-trans\" style=\"position: absolute; left: -50px; top: 4.31534px;\">\n<div class=\"gtx-trans-icon\"><\/div>\n<\/div>\n<\/div><\/section><\/div><div class=\"flex_column av_one_full  flex_column_div av-zero-column-padding first  avia-builder-el-4  el_after_av_one_full  el_before_av_hr  column-top-margin\" style='border-radius:0px; '><section class=\"av_textblock_section \"  itemscope=\"itemscope\" itemtype=\"https:\/\/schema.org\/BlogPosting\" itemprop=\"blogPost\" ><div class='avia_textblock  '   itemprop=\"text\" ><p style=\"text-align: justify;\">Con el objetivo de acercar los servicios a las comunidades, el Seremi de Justicia y Derechos Humanos Samuel Navarro Castro acompa\u00f1ado de servicios del sector desarrollaron una intensa agenda de actividades en la zona sur de la regi\u00f3n, fue as\u00ed como Cochrane y Tortel fueron las localidades elegidas para la realizaci\u00f3n de dos jornadas de Plazas de Justicia y Derechos Humanos, instancia en que los distintos servicios pudieron atender las demandas y requerimientos de estos sectores.<\/p>\n<p style=\"text-align: justify;\">Respecto a la realizaci\u00f3n de esta nueva Plaza de Justicia y Derechos Humanos, el Seremi de la cartera Samuel Navarro Castro explic\u00f3 que \u201cestamos muy satisfechos con esta actividad que se desarroll\u00f3 entre el martes 18 y jueves 20 de abril, tanto en la localidad de Cochrane como en Caleta Tortel donde asistieron vecinos y donde adem\u00e1s de la participaci\u00f3n de los servicios relacionados con el Ministerio de Justicia y Derechos Humanos, pudimos entregar en la ciudad de Cochrane dos capacitaciones, una relativa a las posesiones efectivas realizada por el abogado del Registro Civil e Identificaci\u00f3n Cristian Carrasco Barra, as\u00ed tambi\u00e9n en Cochrane y Tortel pudimos hacer una capacitaci\u00f3n para informar sobre los principales alcances del Registro Nacional de Deudores y la ley de responsabilidad parental, en este sentido la comunidad valor\u00f3 estas iniciativas que adem\u00e1s de llevar a los servicios p\u00fablicos relacionados con el Ministerio de Justicia, acercarlos a la gente como es nuestro objetivo, pudimos entregar estos antecedentes, \u00e9sta informaci\u00f3n para que los vecinos y vecinas conozcan los avances legislativos en esta materia, y por otra parte sepan como realizar un tr\u00e1mite tan esencial sobre todo en una situaci\u00f3n compleja como es la posesi\u00f3n efectiva en el caso de fallecimiento de un familiar, destacar adem\u00e1s que fuimos muy bien recibidos, entregamos informaci\u00f3n y folleter\u00eda a la comunidad que asisti\u00f3 a estas actividades, y continuaremos con esta senda de entregar informaci\u00f3n y acercar los servicios de justicia a la gente en las distintas localidades del territorio durante el resto del a\u00f1o\u201d.<\/p>\n<p style=\"text-align: justify;\">Finalmente, cabe mencionar que estuvieron presente los servicios de Registro Civil e Identificaci\u00f3n, la Corporaci\u00f3n de Asistencia Judicial y la Defensor\u00eda Penal P\u00fablica, as\u00ed tambi\u00e9n destacar la realizaci\u00f3n de charlas dirigidas a la comunidad en materia de Posesiones Efectivas, Registro Nacional de Deudores de Pensiones de Alimentos y Ley de Responsabilidad Parental.<\/p>\n<\/div><\/section><\/div><div  style='height:50px' class='hr hr-invisible   avia-builder-el-6  el_after_av_one_full  el_before_av_social_share '><span class='hr-inner ' ><span class='hr-inner-style'><\/span><\/span><\/div><\/p>\n<div  class='av-social-sharing-box  avia-builder-el-7  el_after_av_hr  el_before_av_hr  '><div class='av-share-box'><h5 class='av-share-link-description av-no-toc '>Compartir esta noticia<\/h5><ul class='av-share-box-list noLightbox'><li class='av-share-link av-social-link-facebook' ><a target=\"_blank\" aria-label=\"Compartir en Facebook\" href='https:\/\/www.facebook.com\/sharer.php?u=https:\/\/radiorevelacionfm.cl\/?p=30470&#038;t=Realizan%20Plazas%20de%20Justicia%20y%20Derechos%20Humanos%20en%20Cochrane%20y%20Tortel' aria-hidden='false' data-av_icon='\ue8f3' data-av_iconfont='entypo-fontello' title='' data-avia-related-tooltip='Compartir en Facebook' rel=\"noopener\"><span class='avia_hidden_link_text'>Compartir en Facebook<\/span><\/a><\/li><li class='av-share-link av-social-link-twitter' ><a target=\"_blank\" aria-label=\"Compartir en Twitter\" href='https:\/\/twitter.com\/share?text=Realizan%20Plazas%20de%20Justicia%20y%20Derechos%20Humanos%20en%20Cochrane%20y%20Tortel&#038;url=https:\/\/radiorevelacionfm.cl\/?p=30470' aria-hidden='false' data-av_icon='\ue8f1' data-av_iconfont='entypo-fontello' title='' data-avia-related-tooltip='Compartir en Twitter' rel=\"noopener\"><span class='avia_hidden_link_text'>Compartir en Twitter<\/span><\/a><\/li><li class='av-share-link av-social-link-whatsapp' ><a target=\"_blank\" aria-label=\"Compartir en Whatsapp\" href='https:\/\/api.whatsapp.com\/send?text=https:\/\/radiorevelacionfm.cl\/?p=30470' aria-hidden='false' data-av_icon='\uf232' data-av_iconfont='entypo-fontello' title='' data-avia-related-tooltip='Compartir en Whatsapp' rel=\"noopener\"><span class='avia_hidden_link_text'>Compartir en Whatsapp<\/span><\/a><\/li><li class='av-share-link av-social-link-linkedin' ><a target=\"_blank\" aria-label=\"Compartir en LinkedIn\" href='https:\/\/linkedin.com\/shareArticle?mini=true&#038;title=Realizan%20Plazas%20de%20Justicia%20y%20Derechos%20Humanos%20en%20Cochrane%20y%20Tortel&#038;url=https:\/\/radiorevelacionfm.cl\/?p=30470' aria-hidden='false' data-av_icon='\ue8fc' data-av_iconfont='entypo-fontello' title='' data-avia-related-tooltip='Compartir en LinkedIn' rel=\"noopener\"><span class='avia_hidden_link_text'>Compartir en LinkedIn<\/span><\/a><\/li><li class='av-share-link av-social-link-mail' ><a  aria-label=\"Compartir por correo\" href='mailto:?subject=Realizan%20Plazas%20de%20Justicia%20y%20Derechos%20Humanos%20en%20Cochrane%20y%20Tortel&#038;body=https:\/\/radiorevelacionfm.cl\/?p=30470' aria-hidden='false' data-av_icon='\ue805' data-av_iconfont='entypo-fontello' title='' data-avia-related-tooltip='Compartir por correo'><span class='avia_hidden_link_text'>Compartir por correo<\/span><\/a><\/li><\/ul><\/div><\/div>\n<div  style='height:50px' class='hr hr-invisible   avia-builder-el-8  el_after_av_social_share  el_before_av_comments_list '><span class='hr-inner ' ><span class='hr-inner-style'><\/span><\/span><\/div>\n<div  class='av-buildercomment  av-blog-meta-html-info-disabled av-blog-meta-tag-disabled  '><\/div>\n","protected":false},"excerpt":{"rendered":"","protected":false},"author":1,"featured_media":30471,"comment_status":"open","ping_status":"open","sticky":false,"template":"","format":"standard","meta":{"footnotes":""},"categories":[55],"tags":[],"class_list":["post-30470","post","type-post","status-publish","format-standard","has-post-thumbnail","hentry","category-justicia"],"jetpack_featured_media_url":"https:\/\/radiorevelacionfm.cl\/wp-content\/uploads\/2023\/04\/plaza-tortel-y-cochrane-1-1.jpg","_links":{"self":[{"href":"https:\/\/radiorevelacionfm.cl\/index.php?rest_route=\/wp\/v2\/posts\/30470","targetHints":{"allow":["GET"]}}],"collection":[{"href":"https:\/\/radiorevelacionfm.cl\/index.php?rest_route=\/wp\/v2\/posts"}],"about":[{"href":"https:\/\/radiorevelacionfm.cl\/index.php?rest_route=\/wp\/v2\/types\/post"}],"author":[{"embeddable":true,"href":"https:\/\/radiorevelacionfm.cl\/index.php?rest_route=\/wp\/v2\/users\/1"}],"replies":[{"embeddable":true,"href":"https:\/\/radiorevelacionfm.cl\/index.php?rest_route=%2Fwp%2Fv2%2Fcomments&post=30470"}],"version-history":[{"count":1,"href":"https:\/\/radiorevelacionfm.cl\/index.php?rest_route=\/wp\/v2\/posts\/30470\/revisions"}],"predecessor-version":[{"id":30472,"href":"https:\/\/radiorevelacionfm.cl\/index.php?rest_route=\/wp\/v2\/posts\/30470\/revisions\/30472"}],"wp:featuredmedia":[{"embeddable":true,"href":"https:\/\/radiorevelacionfm.cl\/index.php?rest_route=\/wp\/v2\/media\/30471"}],"wp:attachment":[{"href":"https:\/\/radiorevelacionfm.cl\/index.php?rest_route=%2Fwp%2Fv2%2Fmedia&parent=30470"}],"wp:term":[{"taxonomy":"category","embeddable":true,"href":"https:\/\/radiorevelacionfm.cl\/index.php?rest_route=%2Fwp%2Fv2%2Fcategories&post=30470"},{"taxonomy":"post_tag","embeddable":true,"href":"https:\/\/radiorevelacionfm.cl\/index.php?rest_route=%2Fwp%2Fv2%2Ftags&post=30470"}],"curies":[{"name":"wp","href":"https:\/\/api.w.org\/{rel}","templated":true}]}}