{"id":30465,"date":"2023-04-25T22:40:13","date_gmt":"2023-04-26T01:40:13","guid":{"rendered":"https:\/\/radiorevelacionfm.cl\/?p=30465"},"modified":"2023-04-25T22:40:13","modified_gmt":"2023-04-26T01:40:13","slug":"fiscalia-y-os-7-de-carabineros-sacan-de-circulacion-casi-2-kilos-y-medio-de-cannabis","status":"publish","type":"post","link":"https:\/\/radiorevelacionfm.cl\/?p=30465","title":{"rendered":"Fiscal\u00eda y OS 7 de Carabineros sacan de circulaci\u00f3n casi 2 kilos y medio de cannabis"},"content":{"rendered":"<div class=\"flex_column av_one_full  flex_column_div av-zero-column-padding first  avia-builder-el-0  el_before_av_one_full  avia-builder-el-first  \" style='border-radius:0px; '><div  class='avia-image-container  av-styling-    avia-builder-el-1  avia-builder-el-no-sibling  avia-align-center '  itemprop=\"image\" itemscope=\"itemscope\" itemtype=\"https:\/\/schema.org\/ImageObject\"  ><div class='avia-image-container-inner'><div class='avia-image-overlay-wrap'><img decoding=\"async\" class='wp-image-30466 avia-img-lazy-loading-not-30466 avia_image' src=\"https:\/\/radiorevelacionfm.cl\/wp-content\/uploads\/2023\/04\/fiscalia-1_optimized.jpeg\" alt='' title='fiscalia-(1)_optimized' height=\"600\" width=\"919\"  itemprop=\"thumbnailUrl\" srcset=\"https:\/\/radiorevelacionfm.cl\/wp-content\/uploads\/2023\/04\/fiscalia-1_optimized.jpeg 919w, https:\/\/radiorevelacionfm.cl\/wp-content\/uploads\/2023\/04\/fiscalia-1_optimized-300x196.jpeg 300w, https:\/\/radiorevelacionfm.cl\/wp-content\/uploads\/2023\/04\/fiscalia-1_optimized-768x501.jpeg 768w, https:\/\/radiorevelacionfm.cl\/wp-content\/uploads\/2023\/04\/fiscalia-1_optimized-705x460.jpeg 705w, https:\/\/radiorevelacionfm.cl\/wp-content\/uploads\/2023\/04\/fiscalia-1_optimized-450x294.jpeg 450w, https:\/\/radiorevelacionfm.cl\/wp-content\/uploads\/2023\/04\/fiscalia-1_optimized-600x392.jpeg 600w\" sizes=\"(max-width: 919px) 100vw, 919px\" \/><\/div><\/div><\/div><\/div><div class=\"flex_column av_one_full  flex_column_div av-zero-column-padding first  avia-builder-el-2  el_after_av_one_full  el_before_av_one_full  column-top-margin\" style='border-radius:0px; '><section class=\"av_textblock_section \"  itemscope=\"itemscope\" itemtype=\"https:\/\/schema.org\/BlogPosting\" itemprop=\"blogPost\" ><div class='avia_textblock  '   itemprop=\"text\" ><p style=\"text-align: center;\"><span style=\"font-size: 18pt;\"><b>Fiscal\u00eda y OS 7 de Carabineros sacan de circulaci\u00f3n casi 2 kilos y medio de cannabis<\/b><\/span><\/p>\n<div id=\"gtx-trans\" style=\"position: absolute; left: -50px; top: 4.31534px;\">\n<div class=\"gtx-trans-icon\"><\/div>\n<\/div>\n<\/div><\/section><\/div><div class=\"flex_column av_one_full  flex_column_div av-zero-column-padding first  avia-builder-el-4  el_after_av_one_full  el_before_av_hr  column-top-margin\" style='border-radius:0px; '><section class=\"av_textblock_section \"  itemscope=\"itemscope\" itemtype=\"https:\/\/schema.org\/BlogPosting\" itemprop=\"blogPost\" ><div class='avia_textblock  '   itemprop=\"text\" ><p style=\"font-weight: 400; text-align: justify;\">Como parte de un trabajo mancomunado entre el OS-7 de Carabineros y la Fiscal\u00eda en la Regi\u00f3n de Ays\u00e9n, fueron decomisados 2 kilos 470 gramos de cannabis sativa a granel, en frascos y dosificada, que eran parte de acciones de tr\u00e1fico de droga y cultivo detectado en las cercan\u00edas de Coyhaique. El imputado fue puesto en prisi\u00f3n preventiva este lunes tras resoluci\u00f3n de la Ilustr\u00edsima Corte de Apelaciones, previa apelaci\u00f3n interpuesta por el Ministerio P\u00fablico, alegato que estuvo a cargo de su Unidad de Asesor\u00eda Jur\u00eddica.<\/p>\n<p style=\"font-weight: 400; text-align: justify;\">DECOMISO<\/p>\n<p style=\"font-weight: 400; text-align: justify;\">De acuerdo a lo expuesto en la audiencia de formalizaci\u00f3n de este caso por la fiscal Mar\u00eda In\u00e9s N\u00fa\u00f1ez Briso, el jueves 20 de abril siendo aproximadamente a las 17.30 horas, funcionarios\u00a0 de la Secci\u00f3n OS-7 de Carabineros, ingresaron a un inmueble del sector R\u00edo Claro, donde sorprendieron al imputado cultivando ilegalmente 12 plantas del g\u00e9nero cannabis, de una altura aproximada entre los 90 cent\u00edmetros a 2 metros de altura, las cuales se encontraban dispuestas en un invernadero, con sistema indoor.<\/p>\n<p style=\"font-weight: 400; text-align: justify;\">El proceso de producci\u00f3n inclu\u00eda un ventilador, dos timer y una c\u00e1mara de seguridad con tarjeta de memoria. En el mismo lugar, el imputado pose\u00eda a granel, en el piso, un kilo 300 gramos m\u00e1s de cannabis sativa.<\/p>\n<p style=\"font-weight: 400; text-align: justify;\">Al interior de una vivienda, en una habitaci\u00f3n, el imputado manten\u00eda una caja pl\u00e1stica con una balanza digital, utilizada para dosificaci\u00f3n de drogas. Adem\u00e1s, se decomisaron otros 145 gramos bruto de marihuana y 6 frascos de vidrio de diferentes tama\u00f1os, todos contenedores de cannabis con un peso bruto total de 205 gramos.<\/p>\n<p style=\"font-weight: 400; text-align: justify;\">En un mueble tipo closet el imputado pose\u00eda 495 gramos de cannabis y en una bandeja de pl\u00e1stico, otros 315 gramos. En el interior de una camioneta estacionada en el patio del inmueble, el imputado manten\u00eda un frasco de vidrio con tapa en cuyo interior hab\u00eda cuatro envoltorios de papel contenedores de 10 gramos de marihuana. En total, 2 kilos 470 gramos de droga que fueron sacados de circulaci\u00f3n por el trabajo del OS-7 de Carabineros y la Fiscal\u00eda.<\/p>\n<p style=\"font-weight: 400; text-align: justify;\">El imputado de este caso, portaba adem\u00e1s un tel\u00e9fono celular a trav\u00e9s del cual coordinaba actividades de tr\u00e1fico de drogas y $213.000 en dinero en efectivo.<\/p>\n<p style=\"font-weight: 400; text-align: justify;\">PRISI\u00d3N PREVENTIVA<\/p>\n<p style=\"font-weight: 400; text-align: justify;\">El imputado, fue puesto en prisi\u00f3n preventiva este lunes por tr\u00e1fico y cultivo de cannabis sativa, luego de una apelaci\u00f3n efectuada por el Ministerio P\u00fablico, ante la decisi\u00f3n del Juzgado de Garant\u00eda de Coyhaique de no aplicar esta medida cautelar.\u00a0 A la audiencia asisti\u00f3 el abogado asesor, Miguel Riquelme Cort\u00e9s, de la Unidad de Asesor\u00eda Jur\u00eddica de la Fiscal\u00eda. El plazo para el t\u00e9rmino de la investigaci\u00f3n fue fijado en 90 d\u00edas.<\/p>\n<\/div><\/section><\/div><div  style='height:50px' class='hr hr-invisible   avia-builder-el-6  el_after_av_one_full  el_before_av_social_share '><span class='hr-inner ' ><span class='hr-inner-style'><\/span><\/span><\/div><\/p>\n<div  class='av-social-sharing-box  avia-builder-el-7  el_after_av_hr  el_before_av_hr  '><div class='av-share-box'><h5 class='av-share-link-description av-no-toc '>Compartir esta noticia<\/h5><ul class='av-share-box-list noLightbox'><li class='av-share-link av-social-link-facebook' ><a target=\"_blank\" aria-label=\"Compartir en Facebook\" href='https:\/\/www.facebook.com\/sharer.php?u=https:\/\/radiorevelacionfm.cl\/?p=30465&#038;t=Fiscal%C3%ADa%20y%20OS%207%20de%20Carabineros%20sacan%20de%20circulaci%C3%B3n%20casi%202%20kilos%20y%20medio%20de%20cannabis' aria-hidden='false' data-av_icon='\ue8f3' data-av_iconfont='entypo-fontello' title='' data-avia-related-tooltip='Compartir en Facebook' rel=\"noopener\"><span class='avia_hidden_link_text'>Compartir en Facebook<\/span><\/a><\/li><li class='av-share-link av-social-link-twitter' ><a target=\"_blank\" aria-label=\"Compartir en Twitter\" href='https:\/\/twitter.com\/share?text=Fiscal%C3%ADa%20y%20OS%207%20de%20Carabineros%20sacan%20de%20circulaci%C3%B3n%20casi%202%20kilos%20y%20medio%20de%20cannabis&#038;url=https:\/\/radiorevelacionfm.cl\/?p=30465' aria-hidden='false' data-av_icon='\ue8f1' data-av_iconfont='entypo-fontello' title='' data-avia-related-tooltip='Compartir en Twitter' rel=\"noopener\"><span class='avia_hidden_link_text'>Compartir en Twitter<\/span><\/a><\/li><li class='av-share-link av-social-link-whatsapp' ><a target=\"_blank\" aria-label=\"Compartir en Whatsapp\" href='https:\/\/api.whatsapp.com\/send?text=https:\/\/radiorevelacionfm.cl\/?p=30465' aria-hidden='false' data-av_icon='\uf232' data-av_iconfont='entypo-fontello' title='' data-avia-related-tooltip='Compartir en Whatsapp' rel=\"noopener\"><span class='avia_hidden_link_text'>Compartir en Whatsapp<\/span><\/a><\/li><li class='av-share-link av-social-link-linkedin' ><a target=\"_blank\" aria-label=\"Compartir en LinkedIn\" href='https:\/\/linkedin.com\/shareArticle?mini=true&#038;title=Fiscal%C3%ADa%20y%20OS%207%20de%20Carabineros%20sacan%20de%20circulaci%C3%B3n%20casi%202%20kilos%20y%20medio%20de%20cannabis&#038;url=https:\/\/radiorevelacionfm.cl\/?p=30465' aria-hidden='false' data-av_icon='\ue8fc' data-av_iconfont='entypo-fontello' title='' data-avia-related-tooltip='Compartir en LinkedIn' rel=\"noopener\"><span class='avia_hidden_link_text'>Compartir en LinkedIn<\/span><\/a><\/li><li class='av-share-link av-social-link-mail' ><a  aria-label=\"Compartir por correo\" href='mailto:?subject=Fiscal%C3%ADa%20y%20OS%207%20de%20Carabineros%20sacan%20de%20circulaci%C3%B3n%20casi%202%20kilos%20y%20medio%20de%20cannabis&#038;body=https:\/\/radiorevelacionfm.cl\/?p=30465' aria-hidden='false' data-av_icon='\ue805' data-av_iconfont='entypo-fontello' title='' data-avia-related-tooltip='Compartir por correo'><span class='avia_hidden_link_text'>Compartir por correo<\/span><\/a><\/li><\/ul><\/div><\/div>\n<div  style='height:50px' class='hr hr-invisible   avia-builder-el-8  el_after_av_social_share  el_before_av_comments_list '><span class='hr-inner ' ><span class='hr-inner-style'><\/span><\/span><\/div>\n<div  class='av-buildercomment  av-blog-meta-html-info-disabled av-blog-meta-tag-disabled  '><\/div>\n","protected":false},"excerpt":{"rendered":"","protected":false},"author":1,"featured_media":30466,"comment_status":"open","ping_status":"open","sticky":false,"template":"","format":"standard","meta":{"footnotes":""},"categories":[36],"tags":[],"class_list":["post-30465","post","type-post","status-publish","format-standard","has-post-thumbnail","hentry","category-policial"],"jetpack_featured_media_url":"https:\/\/radiorevelacionfm.cl\/wp-content\/uploads\/2023\/04\/fiscalia-1_optimized.jpeg","_links":{"self":[{"href":"https:\/\/radiorevelacionfm.cl\/index.php?rest_route=\/wp\/v2\/posts\/30465","targetHints":{"allow":["GET"]}}],"collection":[{"href":"https:\/\/radiorevelacionfm.cl\/index.php?rest_route=\/wp\/v2\/posts"}],"about":[{"href":"https:\/\/radiorevelacionfm.cl\/index.php?rest_route=\/wp\/v2\/types\/post"}],"author":[{"embeddable":true,"href":"https:\/\/radiorevelacionfm.cl\/index.php?rest_route=\/wp\/v2\/users\/1"}],"replies":[{"embeddable":true,"href":"https:\/\/radiorevelacionfm.cl\/index.php?rest_route=%2Fwp%2Fv2%2Fcomments&post=30465"}],"version-history":[{"count":1,"href":"https:\/\/radiorevelacionfm.cl\/index.php?rest_route=\/wp\/v2\/posts\/30465\/revisions"}],"predecessor-version":[{"id":30467,"href":"https:\/\/radiorevelacionfm.cl\/index.php?rest_route=\/wp\/v2\/posts\/30465\/revisions\/30467"}],"wp:featuredmedia":[{"embeddable":true,"href":"https:\/\/radiorevelacionfm.cl\/index.php?rest_route=\/wp\/v2\/media\/30466"}],"wp:attachment":[{"href":"https:\/\/radiorevelacionfm.cl\/index.php?rest_route=%2Fwp%2Fv2%2Fmedia&parent=30465"}],"wp:term":[{"taxonomy":"category","embeddable":true,"href":"https:\/\/radiorevelacionfm.cl\/index.php?rest_route=%2Fwp%2Fv2%2Fcategories&post=30465"},{"taxonomy":"post_tag","embeddable":true,"href":"https:\/\/radiorevelacionfm.cl\/index.php?rest_route=%2Fwp%2Fv2%2Ftags&post=30465"}],"curies":[{"name":"wp","href":"https:\/\/api.w.org\/{rel}","templated":true}]}}