{"id":30458,"date":"2023-04-26T11:31:06","date_gmt":"2023-04-26T14:31:06","guid":{"rendered":"https:\/\/radiorevelacionfm.cl\/?p=30458"},"modified":"2023-04-26T11:31:06","modified_gmt":"2023-04-26T14:31:06","slug":"seguro-escolar-instituto-de-seguridad-laboral-realizo-conversatorio-sobre-el-beneficio-estatal","status":"publish","type":"post","link":"https:\/\/radiorevelacionfm.cl\/?p=30458","title":{"rendered":"Seguro Escolar: Instituto de Seguridad Laboral realiz\u00f3 conversatorio sobre el beneficio estatal"},"content":{"rendered":"<div class=\"flex_column av_one_full  flex_column_div av-zero-column-padding first  avia-builder-el-0  el_before_av_one_full  avia-builder-el-first  \" style='border-radius:0px; '><div  class='avia-image-container  av-styling-    avia-builder-el-1  avia-builder-el-no-sibling  avia-align-center '  itemprop=\"image\" itemscope=\"itemscope\" itemtype=\"https:\/\/schema.org\/ImageObject\"  ><div class='avia-image-container-inner'><div class='avia-image-overlay-wrap'><img decoding=\"async\" class='wp-image-30460 avia-img-lazy-loading-not-30460 avia_image' src=\"https:\/\/radiorevelacionfm.cl\/wp-content\/uploads\/2023\/04\/ISL-Seguro-escolar-Conversatorio-4-b-1-1.jpg\" alt='' title='ISL Seguro escolar Conversatorio (4) b (1) (1)' height=\"600\" width=\"877\"  itemprop=\"thumbnailUrl\" srcset=\"https:\/\/radiorevelacionfm.cl\/wp-content\/uploads\/2023\/04\/ISL-Seguro-escolar-Conversatorio-4-b-1-1.jpg 877w, https:\/\/radiorevelacionfm.cl\/wp-content\/uploads\/2023\/04\/ISL-Seguro-escolar-Conversatorio-4-b-1-1-300x205.jpg 300w, https:\/\/radiorevelacionfm.cl\/wp-content\/uploads\/2023\/04\/ISL-Seguro-escolar-Conversatorio-4-b-1-1-768x525.jpg 768w, https:\/\/radiorevelacionfm.cl\/wp-content\/uploads\/2023\/04\/ISL-Seguro-escolar-Conversatorio-4-b-1-1-705x482.jpg 705w, https:\/\/radiorevelacionfm.cl\/wp-content\/uploads\/2023\/04\/ISL-Seguro-escolar-Conversatorio-4-b-1-1-450x308.jpg 450w, https:\/\/radiorevelacionfm.cl\/wp-content\/uploads\/2023\/04\/ISL-Seguro-escolar-Conversatorio-4-b-1-1-600x410.jpg 600w\" sizes=\"(max-width: 877px) 100vw, 877px\" \/><\/div><\/div><\/div><\/div><div class=\"flex_column av_one_full  flex_column_div av-zero-column-padding first  avia-builder-el-2  el_after_av_one_full  el_before_av_one_full  column-top-margin\" style='border-radius:0px; '><section class=\"av_textblock_section \"  itemscope=\"itemscope\" itemtype=\"https:\/\/schema.org\/BlogPosting\" itemprop=\"blogPost\" ><div class='avia_textblock  '   itemprop=\"text\" ><p class=\"v1MsoNormal\" style=\"text-align: center;\"><span style=\"font-size: 18pt;\"><b><span lang=\"ES\">Seguro Escolar: Instituto de Seguridad Laboral realiz\u00f3 conversatorio sobre el beneficio estatal<\/span><\/b><\/span><\/p>\n<p class=\"v1MsoNormal\"><b><span lang=\"ES\">\u00a0<\/span><\/b><\/p>\n<div id=\"gtx-trans\" style=\"position: absolute; left: -50px; top: 4.31534px;\">\n<div class=\"gtx-trans-icon\"><\/div>\n<\/div>\n<\/div><\/section><\/div><div class=\"flex_column av_one_full  flex_column_div av-zero-column-padding first  avia-builder-el-4  el_after_av_one_full  el_before_av_hr  column-top-margin\" style='border-radius:0px; '><section class=\"av_textblock_section \"  itemscope=\"itemscope\" itemtype=\"https:\/\/schema.org\/BlogPosting\" itemprop=\"blogPost\" ><div class='avia_textblock  '   itemprop=\"text\" ><p class=\"v1MsoNormal\" style=\"text-align: justify;\"><span lang=\"ES\">En la Biblioteca Regional de Ays\u00e9n se realiz\u00f3 el conversatorio organizado por el Instituto de Seguridad Laboral, ISL, sobre el Seguro Escolar, beneficio del Estado que poseen todos los alumnos\/as regulares de los establecimientos escolares reconocidos por el Ministerio de Educaci\u00f3n.<\/span><\/p>\n<p class=\"v1MsoNormal\" style=\"text-align: justify;\"><span lang=\"ES\">El Seremi Rodrigo D\u00edaz coment\u00f3 sobre la iniciativa, \u00abPara nosotros como Gobierno del Presidente Boric, como Ministerio del Trabajo y Previsi\u00f3n Social, la actividad que hoy est\u00e1 desarrollando el Instituto de Seguridad Laboral, ISL, la mutualidad del Estado, es una labor fundamental. Ellos est\u00e1n comunicando a todos los asistentes de distintos \u00e1mbitos de la educaci\u00f3n, el Seguro Escolar, que es gratuito, con una cobertura para todos los estudiantes de establecimientos, que est\u00e1n reconocidos por el Estado. Esto es fundamental, aqu\u00ed nos vinculamos directamente desde el mundo del trabajo con educaci\u00f3n, a trav\u00e9s del Instituto de Seguridad Laboral. Espero que toda la gente se informe, participe y pregunte, esperamos con el ISL, replicar esta actividad a distintos lugares, para que todos los padres y apoderados, est\u00e9n informado, y active el seguro, cuando tengan un accidente en el establecimiento educacional, lo denuncien, de tal manera que el seguro pueda operar. Este seguro es gratuito, hay una ficha explicativa que es muy did\u00e1ctica, los invito a informarse y a conocer, porque este es un gran seguro para nuestros ni\u00f1os y ni\u00f1as\u00bb, detall\u00f3 la autoridad laboral y previsional.<\/span><\/p>\n<p class=\"v1MsoNormal\" style=\"text-align: justify;\"><span lang=\"ES\">Por su parte, Mery Fontecha, directora regional(s) del ISL, explic\u00f3, \u00abHoy estamos convocados para hacer un conversatorio sobre todo lo que tiene que ver con el Seguro Escolar, cu\u00e1l es el alcance, qu\u00e9 es lo que la ciudadan\u00eda sabe. Hemos invitado a participar a padres, apoderados, instituciones de educaci\u00f3n, colegios, educaci\u00f3n parvularia. Queremos saber qu\u00e9 es lo que saben, c\u00f3mo act\u00faa el Seguro Escolar y cu\u00e1l es el rol que tenemos nosotros como Instituto de Seguridad Laboral para esta actividad y c\u00f3mo se ejecuta en t\u00e9rminos pr\u00e1cticos. Nosotros somos coadministradores junto al Servicio Nacional de Salud, que es la instituci\u00f3n P\u00fablica, entonces ese es parte del conversatorio, saber la opini\u00f3n de las personas, de la sociedad civil en este aspecto\u00bb.<\/span><\/p>\n<p class=\"v1MsoNormal\" style=\"text-align: justify;\"><span lang=\"ES\">Sobre la convocatoria, la representante del ISL Ays\u00e9n coment\u00f3, \u00abHemos tenido bastante recepci\u00f3n del p\u00fablico, se han atendido bastantes consultas que han ido surgiendo a ra\u00edz de la misma conversaci\u00f3n y de las presentaciones que se le han ido entregando dentro del mismo di\u00e1logo\u00bb, afirm\u00f3 Mery Fontecha.<\/span><\/p>\n<p class=\"v1MsoNormal\" style=\"text-align: justify;\"><span lang=\"ES\">Una de las participantes a la actividad fue Sandra Alvarado, asistente de la educaci\u00f3n de la Escuela V\u00edctor Domingo Silva, quien se refiri\u00f3 a los aspectos abordados y los planteamiento para mejorar el conocimiento sobre este beneficio, \u00abLo encontr\u00e9 s\u00faper importante, porque si bien nosotros manejamos bastante lo que es el tema de Seguro Escolar en el colegio, hay algunos puntitos que no ten\u00edamos conocimiento, por ejemplo, el reembolso de los lentes, en el caso de un accidente para un ni\u00f1o, eso no lo ten\u00edamos en conocimiento de que pod\u00eda pedirse el reembolso o la devoluci\u00f3n del lente, y si todos han concordado tambi\u00e9n el tema de la difusi\u00f3n dentro de los establecimientos, m\u00e1s que nada para los padres y para la comunidad entera, es importante, porque as\u00ed hay mas conocimiento de lo todo lo que implica el Seguro Escolar. Nosotros manej\u00e1bamos que ten\u00edamos un tiempo l\u00edmite, que venc\u00eda el seguro y nos queda claro que no se vence el Seguro Escolar\u00bb.<\/span><\/p>\n<p class=\"v1MsoNormal\" style=\"text-align: justify;\"><span lang=\"ES\">El Seguro Escolar se desprende del Decreto Supremo N\u00b0 313 del a\u00f1o 1972 que incorpor\u00f3 en el art\u00edculo N\u00b0 3 de la Ley N\u00b0 16.744, los accidentes que ocurran con ocasi\u00f3n de los estudios, o mientras se realiza la pr\u00e1ctica educacional o profesional. En este contexto y tal como coment\u00f3 la directora regional(s), el ISL otorga las prestaciones econ\u00f3micas, mientras que el Sistema Nacional de Servicios de Salud, a trav\u00e9s de la Red de Salud P\u00fablica, entrega las atenciones m\u00e9dicas gratuitas a los y las estudiantes que tengan la calidad de alumno\/a regular en establecimientos dependientes del Estado o reconocidos por \u00e9ste.<\/span><\/p>\n<p class=\"v1MsoNormal\" style=\"text-align: justify;\"><span lang=\"ES\">Para mayor informaci\u00f3n, se puede ingresar al sitio web\u00a0<\/span><span lang=\"ES\"><a href=\"http:\/\/www.isl.gob.cl\/accidentes-escolares\" target=\"_blank\" rel=\"noopener noreferrer\">www.isl.gob.cl\/accidentes-escolares<\/a><\/span><span lang=\"ES\">, donde est\u00e1n los tr\u00e1mites que se deben realizar, preguntas frecuentes y datos importantes sobre el Seguro Escolar.<\/span><\/p>\n<p class=\"v1MsoNormal\" style=\"text-align: justify;\"><span lang=\"ES\">\u00a0<\/span><\/p>\n<\/div><\/section><\/div><div  style='height:50px' class='hr hr-invisible   avia-builder-el-6  el_after_av_one_full  el_before_av_social_share '><span class='hr-inner ' ><span class='hr-inner-style'><\/span><\/span><\/div><\/p>\n<div  class='av-social-sharing-box  avia-builder-el-7  el_after_av_hr  el_before_av_hr  '><div class='av-share-box'><h5 class='av-share-link-description av-no-toc '>Compartir esta noticia<\/h5><ul class='av-share-box-list noLightbox'><li class='av-share-link av-social-link-facebook' ><a target=\"_blank\" aria-label=\"Compartir en Facebook\" href='https:\/\/www.facebook.com\/sharer.php?u=https:\/\/radiorevelacionfm.cl\/?p=30458&#038;t=Seguro%20Escolar%3A%20Instituto%20de%20Seguridad%20Laboral%20realiz%C3%B3%20conversatorio%20sobre%20el%20beneficio%20estatal' aria-hidden='false' data-av_icon='\ue8f3' data-av_iconfont='entypo-fontello' title='' data-avia-related-tooltip='Compartir en Facebook' rel=\"noopener\"><span class='avia_hidden_link_text'>Compartir en Facebook<\/span><\/a><\/li><li class='av-share-link av-social-link-twitter' ><a target=\"_blank\" aria-label=\"Compartir en Twitter\" href='https:\/\/twitter.com\/share?text=Seguro%20Escolar%3A%20Instituto%20de%20Seguridad%20Laboral%20realiz%C3%B3%20conversatorio%20sobre%20el%20beneficio%20estatal&#038;url=https:\/\/radiorevelacionfm.cl\/?p=30458' aria-hidden='false' data-av_icon='\ue8f1' data-av_iconfont='entypo-fontello' title='' data-avia-related-tooltip='Compartir en Twitter' rel=\"noopener\"><span class='avia_hidden_link_text'>Compartir en Twitter<\/span><\/a><\/li><li class='av-share-link av-social-link-whatsapp' ><a target=\"_blank\" aria-label=\"Compartir en Whatsapp\" href='https:\/\/api.whatsapp.com\/send?text=https:\/\/radiorevelacionfm.cl\/?p=30458' aria-hidden='false' data-av_icon='\uf232' data-av_iconfont='entypo-fontello' title='' data-avia-related-tooltip='Compartir en Whatsapp' rel=\"noopener\"><span class='avia_hidden_link_text'>Compartir en Whatsapp<\/span><\/a><\/li><li class='av-share-link av-social-link-linkedin' ><a target=\"_blank\" aria-label=\"Compartir en LinkedIn\" href='https:\/\/linkedin.com\/shareArticle?mini=true&#038;title=Seguro%20Escolar%3A%20Instituto%20de%20Seguridad%20Laboral%20realiz%C3%B3%20conversatorio%20sobre%20el%20beneficio%20estatal&#038;url=https:\/\/radiorevelacionfm.cl\/?p=30458' aria-hidden='false' data-av_icon='\ue8fc' data-av_iconfont='entypo-fontello' title='' data-avia-related-tooltip='Compartir en LinkedIn' rel=\"noopener\"><span class='avia_hidden_link_text'>Compartir en LinkedIn<\/span><\/a><\/li><li class='av-share-link av-social-link-mail' ><a  aria-label=\"Compartir por correo\" href='mailto:?subject=Seguro%20Escolar%3A%20Instituto%20de%20Seguridad%20Laboral%20realiz%C3%B3%20conversatorio%20sobre%20el%20beneficio%20estatal&#038;body=https:\/\/radiorevelacionfm.cl\/?p=30458' aria-hidden='false' data-av_icon='\ue805' data-av_iconfont='entypo-fontello' title='' data-avia-related-tooltip='Compartir por correo'><span class='avia_hidden_link_text'>Compartir por correo<\/span><\/a><\/li><\/ul><\/div><\/div>\n<div  style='height:50px' class='hr hr-invisible   avia-builder-el-8  el_after_av_social_share  el_before_av_comments_list '><span class='hr-inner ' ><span class='hr-inner-style'><\/span><\/span><\/div>\n<div  class='av-buildercomment  av-blog-meta-html-info-disabled av-blog-meta-tag-disabled  '><\/div>\n","protected":false},"excerpt":{"rendered":"","protected":false},"author":1,"featured_media":30460,"comment_status":"open","ping_status":"open","sticky":false,"template":"","format":"standard","meta":{"footnotes":""},"categories":[56],"tags":[],"class_list":["post-30458","post","type-post","status-publish","format-standard","has-post-thumbnail","hentry","category-trabajo"],"jetpack_featured_media_url":"https:\/\/radiorevelacionfm.cl\/wp-content\/uploads\/2023\/04\/ISL-Seguro-escolar-Conversatorio-4-b-1-1.jpg","_links":{"self":[{"href":"https:\/\/radiorevelacionfm.cl\/index.php?rest_route=\/wp\/v2\/posts\/30458","targetHints":{"allow":["GET"]}}],"collection":[{"href":"https:\/\/radiorevelacionfm.cl\/index.php?rest_route=\/wp\/v2\/posts"}],"about":[{"href":"https:\/\/radiorevelacionfm.cl\/index.php?rest_route=\/wp\/v2\/types\/post"}],"author":[{"embeddable":true,"href":"https:\/\/radiorevelacionfm.cl\/index.php?rest_route=\/wp\/v2\/users\/1"}],"replies":[{"embeddable":true,"href":"https:\/\/radiorevelacionfm.cl\/index.php?rest_route=%2Fwp%2Fv2%2Fcomments&post=30458"}],"version-history":[{"count":1,"href":"https:\/\/radiorevelacionfm.cl\/index.php?rest_route=\/wp\/v2\/posts\/30458\/revisions"}],"predecessor-version":[{"id":30461,"href":"https:\/\/radiorevelacionfm.cl\/index.php?rest_route=\/wp\/v2\/posts\/30458\/revisions\/30461"}],"wp:featuredmedia":[{"embeddable":true,"href":"https:\/\/radiorevelacionfm.cl\/index.php?rest_route=\/wp\/v2\/media\/30460"}],"wp:attachment":[{"href":"https:\/\/radiorevelacionfm.cl\/index.php?rest_route=%2Fwp%2Fv2%2Fmedia&parent=30458"}],"wp:term":[{"taxonomy":"category","embeddable":true,"href":"https:\/\/radiorevelacionfm.cl\/index.php?rest_route=%2Fwp%2Fv2%2Fcategories&post=30458"},{"taxonomy":"post_tag","embeddable":true,"href":"https:\/\/radiorevelacionfm.cl\/index.php?rest_route=%2Fwp%2Fv2%2Ftags&post=30458"}],"curies":[{"name":"wp","href":"https:\/\/api.w.org\/{rel}","templated":true}]}}