{"id":30441,"date":"2023-04-27T11:01:26","date_gmt":"2023-04-27T14:01:26","guid":{"rendered":"https:\/\/radiorevelacionfm.cl\/?p=30441"},"modified":"2023-04-27T11:01:26","modified_gmt":"2023-04-27T14:01:26","slug":"jovenes-cineastas-quedan-pocos-dias-para-que-estudiantes-participen-en-la-competencia-del-12-festival-internacional-de-cine-ojo-de-pescado","status":"publish","type":"post","link":"https:\/\/radiorevelacionfm.cl\/?p=30441","title":{"rendered":"J\u00f3venes cineastas: quedan pocos d\u00edas para que estudiantes participen en la competencia del 12\u00b0 Festival Internacional de Cine Ojo de Pescado"},"content":{"rendered":"<div class=\"flex_column av_one_full  flex_column_div av-zero-column-padding first  avia-builder-el-0  el_before_av_one_full  avia-builder-el-first  \" style='border-radius:0px; '><div  class='avia-image-container  av-styling-    avia-builder-el-1  avia-builder-el-no-sibling  avia-align-center '  itemprop=\"image\" itemscope=\"itemscope\" itemtype=\"https:\/\/schema.org\/ImageObject\"  ><div class='avia-image-container-inner'><div class='avia-image-overlay-wrap'><img decoding=\"async\" class='wp-image-30442 avia-img-lazy-loading-not-30442 avia_image' src=\"https:\/\/radiorevelacionfm.cl\/wp-content\/uploads\/2023\/04\/Jovenes-cineastas-1-1.jpeg\" alt='' title='J\u00f3venes cineastas (1) (1)' height=\"600\" width=\"703\"  itemprop=\"thumbnailUrl\" srcset=\"https:\/\/radiorevelacionfm.cl\/wp-content\/uploads\/2023\/04\/Jovenes-cineastas-1-1.jpeg 703w, https:\/\/radiorevelacionfm.cl\/wp-content\/uploads\/2023\/04\/Jovenes-cineastas-1-1-300x256.jpeg 300w, https:\/\/radiorevelacionfm.cl\/wp-content\/uploads\/2023\/04\/Jovenes-cineastas-1-1-450x384.jpeg 450w, https:\/\/radiorevelacionfm.cl\/wp-content\/uploads\/2023\/04\/Jovenes-cineastas-1-1-600x512.jpeg 600w\" sizes=\"(max-width: 703px) 100vw, 703px\" \/><\/div><\/div><\/div><\/div><div class=\"flex_column av_one_full  flex_column_div av-zero-column-padding first  avia-builder-el-2  el_after_av_one_full  el_before_av_one_full  column-top-margin\" style='border-radius:0px; '><section class=\"av_textblock_section \"  itemscope=\"itemscope\" itemtype=\"https:\/\/schema.org\/BlogPosting\" itemprop=\"blogPost\" ><div class='avia_textblock  '   itemprop=\"text\" ><p style=\"text-align: center;\"><strong><span style=\"font-size: 18pt;\">J\u00f3venes cineastas: quedan pocos d\u00edas para que estudiantes participen en la competencia del 12\u00b0 Festival Internacional de Cine Ojo de Pescado<\/span><\/strong><\/p>\n<div id=\"gtx-trans\" style=\"position: absolute; left: -50px; top: 4.31534px;\">\n<div class=\"gtx-trans-icon\"><\/div>\n<\/div>\n<\/div><\/section><\/div><div class=\"flex_column av_one_full  flex_column_div av-zero-column-padding first  avia-builder-el-4  el_after_av_one_full  el_before_av_hr  column-top-margin\" style='border-radius:0px; '><section class=\"av_textblock_section \"  itemscope=\"itemscope\" itemtype=\"https:\/\/schema.org\/BlogPosting\" itemprop=\"blogPost\" ><div class='avia_textblock  '   itemprop=\"text\" ><p style=\"text-align: justify;\">Hasta el pr\u00f3ximo <strong>lunes 8 de mayo <\/strong>hay plazo para que estudiantes de Chile y Latinoam\u00e9rica postulen sus cortometrajes a la competencia <strong>\u201cJ\u00f3venes Cineastas\u201d <\/strong>del 12\u00b0 Festival Internacional de Cine para Ni\u00f1os, Ni\u00f1as y J\u00f3venes Ojo de Pescado \u2014proyecto financiado por el Fondo de Fomento Audiovisual Convocatoria 2023 del Ministerio de las Culturas, las Artes y el Patrimonio\u2014, que se realizar\u00e1 entre el 26 de agosto y el 2 de septiembre de 2023.<\/p>\n<p style=\"text-align: justify;\">En esta categor\u00eda en competencia pueden postular \u2014a trav\u00e9s del formulario alojado en\u00a0<a href=\"https:\/\/bit.ly\/3uHKMVY\">www.ojodepescado.cl<\/a>\u2014 <strong>cortometrajes de ficci\u00f3n, animaci\u00f3n o no ficci\u00f3n<\/strong>, hechos por ni\u00f1os, ni\u00f1as y j\u00f3venes que, al momento de la realizaci\u00f3n de su obra, hayan tenido hasta 18 a\u00f1os de edad. La duraci\u00f3n del cortometraje debe ser igual o inferior a 30 minutos con cr\u00e9ditos incluidos.<\/p>\n<p style=\"text-align: justify;\">\u201cBuscamos que todos los ni\u00f1os, ni\u00f1as y adolescentes que hagan cine en nuestro pa\u00eds, junto a su familia, profesores y\/o comunidades educativas, sean parte de esta secci\u00f3n competitiva del Festival Ojo de Pescado, porque en ella reunimos una muestra representativa de lo que las infancias y juventudes desean expresar, desde distintas realidades sociales y territorios, con la transparencia propia de este medio art\u00edstico y comunicativo, que a veces es el \u00fanico medio disponible para garantizar su derecho a la libertad de expresi\u00f3n y a que sus opiniones sean tomadas en cuenta por el mundo adulto\u201d, explica Alejandra Fritis Zapata, directora art\u00edstica del 12\u00b0 Festival.<\/p>\n<p style=\"text-align: justify;\">De este modo, Ojo de Pescado abre nuevamente un espacio para que ni\u00f1os, ni\u00f1as y j\u00f3venes compartan su creatividad a trav\u00e9s del audiovisual. Las obras seleccionadas para participar ser\u00e1n <strong>exhibidas en salas de cine de Valpara\u00edso<\/strong> durante la semana del Festival, para que un jurado compuesto por profesores y profesoras de distintos lugares de Chile elija a los\/as ganadores\/as.<\/p>\n<p style=\"text-align: justify;\">Cabe recordar que, en la edici\u00f3n 2022 del Festival, <strong>m\u00e1s de veinte j\u00f3venes <\/strong>concursantes de esta categor\u00eda viajaron hasta Valpara\u00edso desde pa\u00edses como Uruguay, Argentina, Per\u00fa y Colombia, y ciudades chilenas como Lanco, Santiago, Gorbea, Villa Alemana, Calama, Buin y Valdivia, quienes tuvieron la oportunidad interactuar con directores\/as, presenciar funciones y recorrer la ciudad en compa\u00f1\u00eda del equipo de Ojo de Pescado.<\/p>\n<p style=\"text-align: justify;\">Al igual que el a\u00f1o pasado, el 12\u00b0 Festival tambi\u00e9n contar\u00e1 con un nutrido calendario de actividades para sus invitados: \u201cSer\u00e1 un <strong>punto de encuentro <\/strong>de cineastas, profesionales e instituciones interesados en el desarrollo de los contenidos audiovisuales para las infancias, ya que estar\u00e1n presentes directores y directoras de distintos lugares del mundo con sus largometrajes en competencia y tambi\u00e9n se realizar\u00e1n talleres\u201d, agrega\u00a0Alejandra.<\/p>\n<p style=\"text-align: justify;\">Es importante recordar, que tambi\u00e9n est\u00e1 abierta la convocatoria a las <strong>categor\u00edas profesionales<\/strong> del 12\u00b0 Festival: Cortometrajes para ni\u00f1os y ni\u00f1as, Series de televisi\u00f3n o web para ni\u00f1os y ni\u00f1as, y Largometrajes para ni\u00f1os, ni\u00f1as y adolescentes. Las postulaciones y bases se encuentran disponibles a trav\u00e9s del sitio web\u00a0<a href=\"https:\/\/bit.ly\/3uHKMVY\">www.ojodepescado.cl<\/a>. Para mayor informaci\u00f3n escribir al correo electr\u00f3nico\u00a0<a href=\"mailto:comunicaciones@ojodepescado.cl\">comunicaciones@ojodepescado.cl<\/a><\/p>\n<\/div><\/section><\/div><div  style='height:50px' class='hr hr-invisible   avia-builder-el-6  el_after_av_one_full  el_before_av_social_share '><span class='hr-inner ' ><span class='hr-inner-style'><\/span><\/span><\/div><\/p>\n<div  class='av-social-sharing-box  avia-builder-el-7  el_after_av_hr  el_before_av_hr  '><div class='av-share-box'><h5 class='av-share-link-description av-no-toc '>Compartir esta noticia<\/h5><ul class='av-share-box-list noLightbox'><li class='av-share-link av-social-link-facebook' ><a target=\"_blank\" aria-label=\"Compartir en Facebook\" href='https:\/\/www.facebook.com\/sharer.php?u=https:\/\/radiorevelacionfm.cl\/?p=30441&#038;t=J%C3%B3venes%20cineastas%3A%20quedan%20pocos%20d%C3%ADas%20para%20que%20estudiantes%20participen%20en%20la%20competencia%20del%2012%C2%B0%20Festival%20Internacional%20de%20Cine%20Ojo%20de%20Pescado' aria-hidden='false' data-av_icon='\ue8f3' data-av_iconfont='entypo-fontello' title='' data-avia-related-tooltip='Compartir en Facebook' rel=\"noopener\"><span class='avia_hidden_link_text'>Compartir en Facebook<\/span><\/a><\/li><li class='av-share-link av-social-link-twitter' ><a target=\"_blank\" aria-label=\"Compartir en Twitter\" href='https:\/\/twitter.com\/share?text=J%C3%B3venes%20cineastas%3A%20quedan%20pocos%20d%C3%ADas%20para%20que%20estudiantes%20participen%20en%20la%20competencia%20del%2012%C2%B0%20Festival%20Internacional%20de%20Cine%20Ojo%20de%20Pescado&#038;url=https:\/\/radiorevelacionfm.cl\/?p=30441' aria-hidden='false' data-av_icon='\ue8f1' data-av_iconfont='entypo-fontello' title='' data-avia-related-tooltip='Compartir en Twitter' rel=\"noopener\"><span class='avia_hidden_link_text'>Compartir en Twitter<\/span><\/a><\/li><li class='av-share-link av-social-link-whatsapp' ><a target=\"_blank\" aria-label=\"Compartir en Whatsapp\" href='https:\/\/api.whatsapp.com\/send?text=https:\/\/radiorevelacionfm.cl\/?p=30441' aria-hidden='false' data-av_icon='\uf232' data-av_iconfont='entypo-fontello' title='' data-avia-related-tooltip='Compartir en Whatsapp' rel=\"noopener\"><span class='avia_hidden_link_text'>Compartir en Whatsapp<\/span><\/a><\/li><li class='av-share-link av-social-link-linkedin' ><a target=\"_blank\" aria-label=\"Compartir en LinkedIn\" href='https:\/\/linkedin.com\/shareArticle?mini=true&#038;title=J%C3%B3venes%20cineastas%3A%20quedan%20pocos%20d%C3%ADas%20para%20que%20estudiantes%20participen%20en%20la%20competencia%20del%2012%C2%B0%20Festival%20Internacional%20de%20Cine%20Ojo%20de%20Pescado&#038;url=https:\/\/radiorevelacionfm.cl\/?p=30441' aria-hidden='false' data-av_icon='\ue8fc' data-av_iconfont='entypo-fontello' title='' data-avia-related-tooltip='Compartir en LinkedIn' rel=\"noopener\"><span class='avia_hidden_link_text'>Compartir en LinkedIn<\/span><\/a><\/li><li class='av-share-link av-social-link-mail' ><a  aria-label=\"Compartir por correo\" href='mailto:?subject=J%C3%B3venes%20cineastas%3A%20quedan%20pocos%20d%C3%ADas%20para%20que%20estudiantes%20participen%20en%20la%20competencia%20del%2012%C2%B0%20Festival%20Internacional%20de%20Cine%20Ojo%20de%20Pescado&#038;body=https:\/\/radiorevelacionfm.cl\/?p=30441' aria-hidden='false' data-av_icon='\ue805' data-av_iconfont='entypo-fontello' title='' data-avia-related-tooltip='Compartir por correo'><span class='avia_hidden_link_text'>Compartir por correo<\/span><\/a><\/li><\/ul><\/div><\/div>\n<div  style='height:50px' class='hr hr-invisible   avia-builder-el-8  el_after_av_social_share  el_before_av_comments_list '><span class='hr-inner ' ><span class='hr-inner-style'><\/span><\/span><\/div>\n<div  class='av-buildercomment  av-blog-meta-html-info-disabled av-blog-meta-tag-disabled  '><\/div>\n","protected":false},"excerpt":{"rendered":"","protected":false},"author":1,"featured_media":30442,"comment_status":"open","ping_status":"open","sticky":false,"template":"","format":"standard","meta":{"footnotes":""},"categories":[42],"tags":[],"class_list":["post-30441","post","type-post","status-publish","format-standard","has-post-thumbnail","hentry","category-cine"],"jetpack_featured_media_url":"https:\/\/radiorevelacionfm.cl\/wp-content\/uploads\/2023\/04\/Jovenes-cineastas-1-1.jpeg","_links":{"self":[{"href":"https:\/\/radiorevelacionfm.cl\/index.php?rest_route=\/wp\/v2\/posts\/30441","targetHints":{"allow":["GET"]}}],"collection":[{"href":"https:\/\/radiorevelacionfm.cl\/index.php?rest_route=\/wp\/v2\/posts"}],"about":[{"href":"https:\/\/radiorevelacionfm.cl\/index.php?rest_route=\/wp\/v2\/types\/post"}],"author":[{"embeddable":true,"href":"https:\/\/radiorevelacionfm.cl\/index.php?rest_route=\/wp\/v2\/users\/1"}],"replies":[{"embeddable":true,"href":"https:\/\/radiorevelacionfm.cl\/index.php?rest_route=%2Fwp%2Fv2%2Fcomments&post=30441"}],"version-history":[{"count":1,"href":"https:\/\/radiorevelacionfm.cl\/index.php?rest_route=\/wp\/v2\/posts\/30441\/revisions"}],"predecessor-version":[{"id":30443,"href":"https:\/\/radiorevelacionfm.cl\/index.php?rest_route=\/wp\/v2\/posts\/30441\/revisions\/30443"}],"wp:featuredmedia":[{"embeddable":true,"href":"https:\/\/radiorevelacionfm.cl\/index.php?rest_route=\/wp\/v2\/media\/30442"}],"wp:attachment":[{"href":"https:\/\/radiorevelacionfm.cl\/index.php?rest_route=%2Fwp%2Fv2%2Fmedia&parent=30441"}],"wp:term":[{"taxonomy":"category","embeddable":true,"href":"https:\/\/radiorevelacionfm.cl\/index.php?rest_route=%2Fwp%2Fv2%2Fcategories&post=30441"},{"taxonomy":"post_tag","embeddable":true,"href":"https:\/\/radiorevelacionfm.cl\/index.php?rest_route=%2Fwp%2Fv2%2Ftags&post=30441"}],"curies":[{"name":"wp","href":"https:\/\/api.w.org\/{rel}","templated":true}]}}