{"id":30438,"date":"2023-04-25T18:22:23","date_gmt":"2023-04-25T21:22:23","guid":{"rendered":"https:\/\/radiorevelacionfm.cl\/?p=30438"},"modified":"2023-04-25T18:22:23","modified_gmt":"2023-04-25T21:22:23","slug":"vecinos-del-puente-la-cruz-que-se-mantienen-aislados-por-trabajos-en-el-sector-exponen-sus-problematicas","status":"publish","type":"post","link":"https:\/\/radiorevelacionfm.cl\/?p=30438","title":{"rendered":"Vecinos del Puente la Cruz que se mantienen aislados por trabajos en el sector exponen sus problem\u00e1ticas"},"content":{"rendered":"<div class=\"flex_column av_one_full  flex_column_div av-zero-column-padding first  avia-builder-el-0  el_before_av_one_full  avia-builder-el-first  \" style='border-radius:0px; '><div  class='avia-image-container  av-styling-    avia-builder-el-1  avia-builder-el-no-sibling  avia-align-center '  itemprop=\"image\" itemscope=\"itemscope\" itemtype=\"https:\/\/schema.org\/ImageObject\"  ><div class='avia-image-container-inner'><div class='avia-image-overlay-wrap'><img decoding=\"async\" class='wp-image-30439 avia-img-lazy-loading-not-30439 avia_image' src=\"https:\/\/radiorevelacionfm.cl\/wp-content\/uploads\/2023\/04\/foto-puente-la-cruz-2-1-1.jpeg\" alt='' title='foto puente la cruz 2 (1) (1)' height=\"600\" width=\"973\"  itemprop=\"thumbnailUrl\" srcset=\"https:\/\/radiorevelacionfm.cl\/wp-content\/uploads\/2023\/04\/foto-puente-la-cruz-2-1-1.jpeg 973w, https:\/\/radiorevelacionfm.cl\/wp-content\/uploads\/2023\/04\/foto-puente-la-cruz-2-1-1-300x185.jpeg 300w, https:\/\/radiorevelacionfm.cl\/wp-content\/uploads\/2023\/04\/foto-puente-la-cruz-2-1-1-768x474.jpeg 768w, https:\/\/radiorevelacionfm.cl\/wp-content\/uploads\/2023\/04\/foto-puente-la-cruz-2-1-1-705x435.jpeg 705w, https:\/\/radiorevelacionfm.cl\/wp-content\/uploads\/2023\/04\/foto-puente-la-cruz-2-1-1-450x277.jpeg 450w, https:\/\/radiorevelacionfm.cl\/wp-content\/uploads\/2023\/04\/foto-puente-la-cruz-2-1-1-600x370.jpeg 600w\" sizes=\"(max-width: 973px) 100vw, 973px\" \/><\/div><\/div><\/div><\/div><div class=\"flex_column av_one_full  flex_column_div av-zero-column-padding first  avia-builder-el-2  el_after_av_one_full  el_before_av_one_full  column-top-margin\" style='border-radius:0px; '><section class=\"av_textblock_section \"  itemscope=\"itemscope\" itemtype=\"https:\/\/schema.org\/BlogPosting\" itemprop=\"blogPost\" ><div class='avia_textblock  '   itemprop=\"text\" ><p style=\"text-align: center;\"><strong><span style=\"font-size: 18pt;\">Vecinos del Puente la Cruz que se mantienen aislados por trabajos en el sector exponen sus problem\u00e1ticas<\/span><\/strong><\/p>\n<div id=\"gtx-trans\" style=\"position: absolute; left: -50px; top: 4.31534px;\">\n<div class=\"gtx-trans-icon\"><\/div>\n<\/div>\n<\/div><\/section><\/div><div class=\"flex_column av_one_full  flex_column_div av-zero-column-padding first  avia-builder-el-4  el_after_av_one_full  el_before_av_hr  column-top-margin\" style='border-radius:0px; '><section class=\"av_textblock_section \"  itemscope=\"itemscope\" itemtype=\"https:\/\/schema.org\/BlogPosting\" itemprop=\"blogPost\" ><div class='avia_textblock  '   itemprop=\"text\" ><p style=\"font-weight: 400; text-align: justify;\">El diputado\u00a0Miguel \u00c1ngel Calisto\u00a0y el Consejero\u00a0Felipe Klein\u00a0se trasladaron hasta el sector del Puente La Cruz, donde pudieron reunirse con doce familias que tienen serios problemas para acceder a sus viviendas producto de los trabajos que est\u00e1 realizando la empresa Compax para mejorar la conectividad de la parte alta de Coyhaique.<\/p>\n<p style=\"font-weight: 400; text-align: justify;\">Seg\u00fan el diputado Calisto, \u201choy en d\u00eda en el sector se est\u00e1 haciendo una gran infraestructura de conectividad. Sin embargo, este crecimiento ha dejado a doce familias desconectadas y aisladas. Su acceso tiene una pendiente que no les permite sacar a sus hijos, a sus adultos mayores, incluso estos d\u00edas que ha habido buen clima a los veh\u00edculos les cuesta subir\u201d.<\/p>\n<p style=\"font-weight: 400; text-align: justify;\">\u201cEstamos gestionando con las autoridades de la Municipalidad, como tambi\u00e9n con Bienes Nacionales, porque el terreno es de ese servicio, un mecanismo que permita garantizar una mejor conectividad. Hablamos con la empresa tambi\u00e9n y con el Ministerio de Obras P\u00fablicas para que se pueda encontrar una soluci\u00f3n a este problema que afecta a doce familias que han vivido hist\u00f3ricamente ah\u00ed, y tienen permiso por parte de Bienes Nacionales para usar este terreno, pero que lamentablemente hoy d\u00eda por las obras de gran magnitud, han quedado aislados\u201d, se\u00f1al\u00f3.<\/p>\n<p style=\"font-weight: 400; text-align: justify;\">Por su parte, Samanta C\u00e1rdenas, vecina del sector, asegur\u00f3 que \u201ceste lugar ha sido bastante nombrado por problemas que hemos tenido a ra\u00edz de la construcci\u00f3n del camino, como el extenso corte de agua que nos afect\u00f3 el a\u00f1o pasado. Actualmente tenemos un problema por el acceso a nuestras casas. Somos doce familias que est\u00e1n afectadas, la mayor\u00eda adultos mayores. Tambi\u00e9n hay ni\u00f1os y lactantes\u201d.<\/p>\n<p style=\"font-weight: 400; text-align: justify;\">\u201cEstamos totalmente aislados frente a una emergencia. Estamos pidiendo tener una salida, un acceso digno a nuestra casa, porque no es posible que con mi bebe tenga que salir caminando a la calle, por un camino malo por cerca de 200 metros, ayudando tambi\u00e9n a nuestra vecina que tiene 80 a\u00f1os y problemas al coraz\u00f3n\u201d, indic\u00f3.<\/p>\n<p style=\"text-align: justify;\"><span style=\"font-weight: 400;\">Finalmente, la vecina se\u00f1al\u00f3 que \u201cllevamos m\u00e1s de un mes sin respuestas. En el MOP me dicen que no tienen recursos, que no tienen la facultad. Nosotros esperamos que alguien se tome esto en serio y pueda ayudarnos a buscar una soluci\u00f3n. Con malas condiciones, este camino est\u00e1 horrible, ni siquiera una camioneta todo terreno puede subir. Yo no responsabilizo a la empresa, porque ese no es su trabajo. El responsable de nuestro acceso es el MOP y Bienes Nacionales\u201d.<\/span><span style=\"font-weight: 400;\">\u00a0<\/span><\/p>\n<\/div><\/section><\/div><div  style='height:50px' class='hr hr-invisible   avia-builder-el-6  el_after_av_one_full  el_before_av_social_share '><span class='hr-inner ' ><span class='hr-inner-style'><\/span><\/span><\/div><\/p>\n<div  class='av-social-sharing-box  avia-builder-el-7  el_after_av_hr  el_before_av_hr  '><div class='av-share-box'><h5 class='av-share-link-description av-no-toc '>Compartir esta noticia<\/h5><ul class='av-share-box-list noLightbox'><li class='av-share-link av-social-link-facebook' ><a target=\"_blank\" aria-label=\"Compartir en Facebook\" href='https:\/\/www.facebook.com\/sharer.php?u=https:\/\/radiorevelacionfm.cl\/?p=30438&#038;t=Vecinos%20del%20Puente%20la%20Cruz%20que%20se%20mantienen%20aislados%20por%20trabajos%20en%20el%20sector%20exponen%20sus%20problem%C3%A1ticas' aria-hidden='false' data-av_icon='\ue8f3' data-av_iconfont='entypo-fontello' title='' data-avia-related-tooltip='Compartir en Facebook' rel=\"noopener\"><span class='avia_hidden_link_text'>Compartir en Facebook<\/span><\/a><\/li><li class='av-share-link av-social-link-twitter' ><a target=\"_blank\" aria-label=\"Compartir en Twitter\" href='https:\/\/twitter.com\/share?text=Vecinos%20del%20Puente%20la%20Cruz%20que%20se%20mantienen%20aislados%20por%20trabajos%20en%20el%20sector%20exponen%20sus%20problem%C3%A1ticas&#038;url=https:\/\/radiorevelacionfm.cl\/?p=30438' aria-hidden='false' data-av_icon='\ue8f1' data-av_iconfont='entypo-fontello' title='' data-avia-related-tooltip='Compartir en Twitter' rel=\"noopener\"><span class='avia_hidden_link_text'>Compartir en Twitter<\/span><\/a><\/li><li class='av-share-link av-social-link-whatsapp' ><a target=\"_blank\" aria-label=\"Compartir en Whatsapp\" href='https:\/\/api.whatsapp.com\/send?text=https:\/\/radiorevelacionfm.cl\/?p=30438' aria-hidden='false' data-av_icon='\uf232' data-av_iconfont='entypo-fontello' title='' data-avia-related-tooltip='Compartir en Whatsapp' rel=\"noopener\"><span class='avia_hidden_link_text'>Compartir en Whatsapp<\/span><\/a><\/li><li class='av-share-link av-social-link-linkedin' ><a target=\"_blank\" aria-label=\"Compartir en LinkedIn\" href='https:\/\/linkedin.com\/shareArticle?mini=true&#038;title=Vecinos%20del%20Puente%20la%20Cruz%20que%20se%20mantienen%20aislados%20por%20trabajos%20en%20el%20sector%20exponen%20sus%20problem%C3%A1ticas&#038;url=https:\/\/radiorevelacionfm.cl\/?p=30438' aria-hidden='false' data-av_icon='\ue8fc' data-av_iconfont='entypo-fontello' title='' data-avia-related-tooltip='Compartir en LinkedIn' rel=\"noopener\"><span class='avia_hidden_link_text'>Compartir en LinkedIn<\/span><\/a><\/li><li class='av-share-link av-social-link-mail' ><a  aria-label=\"Compartir por correo\" href='mailto:?subject=Vecinos%20del%20Puente%20la%20Cruz%20que%20se%20mantienen%20aislados%20por%20trabajos%20en%20el%20sector%20exponen%20sus%20problem%C3%A1ticas&#038;body=https:\/\/radiorevelacionfm.cl\/?p=30438' aria-hidden='false' data-av_icon='\ue805' data-av_iconfont='entypo-fontello' title='' data-avia-related-tooltip='Compartir por correo'><span class='avia_hidden_link_text'>Compartir por correo<\/span><\/a><\/li><\/ul><\/div><\/div>\n<div  style='height:50px' class='hr hr-invisible   avia-builder-el-8  el_after_av_social_share  el_before_av_comments_list '><span class='hr-inner ' ><span class='hr-inner-style'><\/span><\/span><\/div>\n<div  class='av-buildercomment  av-blog-meta-html-info-disabled av-blog-meta-tag-disabled  '><\/div>\n","protected":false},"excerpt":{"rendered":"","protected":false},"author":1,"featured_media":30439,"comment_status":"open","ping_status":"open","sticky":false,"template":"","format":"standard","meta":{"footnotes":""},"categories":[38],"tags":[],"class_list":["post-30438","post","type-post","status-publish","format-standard","has-post-thumbnail","hentry","category-regional"],"jetpack_featured_media_url":"https:\/\/radiorevelacionfm.cl\/wp-content\/uploads\/2023\/04\/foto-puente-la-cruz-2-1-1.jpeg","_links":{"self":[{"href":"https:\/\/radiorevelacionfm.cl\/index.php?rest_route=\/wp\/v2\/posts\/30438","targetHints":{"allow":["GET"]}}],"collection":[{"href":"https:\/\/radiorevelacionfm.cl\/index.php?rest_route=\/wp\/v2\/posts"}],"about":[{"href":"https:\/\/radiorevelacionfm.cl\/index.php?rest_route=\/wp\/v2\/types\/post"}],"author":[{"embeddable":true,"href":"https:\/\/radiorevelacionfm.cl\/index.php?rest_route=\/wp\/v2\/users\/1"}],"replies":[{"embeddable":true,"href":"https:\/\/radiorevelacionfm.cl\/index.php?rest_route=%2Fwp%2Fv2%2Fcomments&post=30438"}],"version-history":[{"count":1,"href":"https:\/\/radiorevelacionfm.cl\/index.php?rest_route=\/wp\/v2\/posts\/30438\/revisions"}],"predecessor-version":[{"id":30440,"href":"https:\/\/radiorevelacionfm.cl\/index.php?rest_route=\/wp\/v2\/posts\/30438\/revisions\/30440"}],"wp:featuredmedia":[{"embeddable":true,"href":"https:\/\/radiorevelacionfm.cl\/index.php?rest_route=\/wp\/v2\/media\/30439"}],"wp:attachment":[{"href":"https:\/\/radiorevelacionfm.cl\/index.php?rest_route=%2Fwp%2Fv2%2Fmedia&parent=30438"}],"wp:term":[{"taxonomy":"category","embeddable":true,"href":"https:\/\/radiorevelacionfm.cl\/index.php?rest_route=%2Fwp%2Fv2%2Fcategories&post=30438"},{"taxonomy":"post_tag","embeddable":true,"href":"https:\/\/radiorevelacionfm.cl\/index.php?rest_route=%2Fwp%2Fv2%2Ftags&post=30438"}],"curies":[{"name":"wp","href":"https:\/\/api.w.org\/{rel}","templated":true}]}}