{"id":30435,"date":"2023-04-26T16:38:44","date_gmt":"2023-04-26T19:38:44","guid":{"rendered":"https:\/\/radiorevelacionfm.cl\/?p=30435"},"modified":"2023-04-26T16:38:44","modified_gmt":"2023-04-26T19:38:44","slug":"fundacion-integra-desarrollo-encuentro-regional-de-padres-y-cuidadores","status":"publish","type":"post","link":"https:\/\/radiorevelacionfm.cl\/?p=30435","title":{"rendered":"Fundaci\u00f3n Integra desarroll\u00f3 encuentro regional de Padres y Cuidadores"},"content":{"rendered":"<div class=\"flex_column av_one_full  flex_column_div av-zero-column-padding first  avia-builder-el-0  el_before_av_one_full  avia-builder-el-first  \" style='border-radius:0px; '><div  class='avia-image-container  av-styling-    avia-builder-el-1  avia-builder-el-no-sibling  avia-align-center '  itemprop=\"image\" itemscope=\"itemscope\" itemtype=\"https:\/\/schema.org\/ImageObject\"  ><div class='avia-image-container-inner'><div class='avia-image-overlay-wrap'><img decoding=\"async\" class='wp-image-30436 avia-img-lazy-loading-not-30436 avia_image' src=\"https:\/\/radiorevelacionfm.cl\/wp-content\/uploads\/2023\/04\/IMG_9070-min-1-1.jpg\" alt='' title='IMG_9070-min (1) (1)' height=\"600\" width=\"902\"  itemprop=\"thumbnailUrl\" srcset=\"https:\/\/radiorevelacionfm.cl\/wp-content\/uploads\/2023\/04\/IMG_9070-min-1-1.jpg 902w, https:\/\/radiorevelacionfm.cl\/wp-content\/uploads\/2023\/04\/IMG_9070-min-1-1-300x200.jpg 300w, https:\/\/radiorevelacionfm.cl\/wp-content\/uploads\/2023\/04\/IMG_9070-min-1-1-768x511.jpg 768w, https:\/\/radiorevelacionfm.cl\/wp-content\/uploads\/2023\/04\/IMG_9070-min-1-1-705x469.jpg 705w, https:\/\/radiorevelacionfm.cl\/wp-content\/uploads\/2023\/04\/IMG_9070-min-1-1-450x299.jpg 450w, https:\/\/radiorevelacionfm.cl\/wp-content\/uploads\/2023\/04\/IMG_9070-min-1-1-600x399.jpg 600w\" sizes=\"(max-width: 902px) 100vw, 902px\" \/><\/div><\/div><\/div><\/div><div class=\"flex_column av_one_full  flex_column_div av-zero-column-padding first  avia-builder-el-2  el_after_av_one_full  el_before_av_one_full  column-top-margin\" style='border-radius:0px; '><section class=\"av_textblock_section \"  itemscope=\"itemscope\" itemtype=\"https:\/\/schema.org\/BlogPosting\" itemprop=\"blogPost\" ><div class='avia_textblock  '   itemprop=\"text\" ><p style=\"text-align: center;\"><strong><span style=\"font-size: 18pt;\">Fundaci\u00f3n Integra desarroll\u00f3 encuentro regional de Padres y Cuidadores<\/span><\/strong><\/p>\n<div id=\"gtx-trans\" style=\"position: absolute; left: -50px; top: 4.31534px;\">\n<div class=\"gtx-trans-icon\"><\/div>\n<\/div>\n<\/div><\/section><\/div><div class=\"flex_column av_one_full  flex_column_div av-zero-column-padding first  avia-builder-el-4  el_after_av_one_full  el_before_av_hr  column-top-margin\" style='border-radius:0px; '><section class=\"av_textblock_section \"  itemscope=\"itemscope\" itemtype=\"https:\/\/schema.org\/BlogPosting\" itemprop=\"blogPost\" ><div class='avia_textblock  '   itemprop=\"text\" ><p style=\"text-align: justify;\">El pasado 19 de abril se desarroll\u00f3 en Coyhaique el encuentro \u201cFortaleciendo lazos familiares, criando con amor y respeto\u201d dirigido a padres y familiares de cuidadores de ni\u00f1os y ni\u00f1as que forman parte de Fundaci\u00f3n Integra en la regi\u00f3n de Ays\u00e9n y cuyo objetivo fue potenciar competencias y habilidades en crianza respetuosa con enfoque de g\u00e9nero desde la parentalidad positiva, favoreciendo la sensibilizaci\u00f3n participativa y cooperativa entre iguales.<\/p>\n<p style=\"text-align: justify;\">Leticia Araya Norambuena, directora regional de Fundaci\u00f3n Integra valor\u00f3 estos espacios de encuentro en la que destac\u00f3 que \u201cel poder tener en este espacio a familias de toda la regi\u00f3n es muy relevante e importante para nosotros como instituci\u00f3n ya que permite generar espacios de aprendizaje tanto para los padres como para nosotros ya que nos permiten seguir avanzando en educaci\u00f3n en primera infancia\u201d.<\/p>\n<p style=\"text-align: justify;\">El proyecto que cont\u00f3 con el financiamiento del 7% del Gobierno Regional de Ays\u00e9n y busc\u00f3 promover los derechos de la infancia con resoluci\u00f3n no violenta de conflictos, y entreg\u00f3 una visi\u00f3n de roles y pr\u00e1cticas de g\u00e9nero que permitan avanzar en la no discriminaci\u00f3n en las pr\u00e1cticas de crianza.<\/p>\n<p style=\"text-align: justify;\">Andrea Mac\u00edas Palma, gobernadora regional de Ays\u00e9n, tras el fin de este encuentro, evalu\u00f3 positivamente este espacio reforzando que estos \u201ces una inversi\u00f3n en desarrollo humano. Apostar por la infancia, por las familias, por el poder compartir los aprendizajes es fundamental. Hacer eso hoy es fundamental, porque estamos invirtiendo en quienes estar\u00e1n en un futuro cercano liderando nuestra sociedad\u201d.<\/p>\n<p style=\"text-align: justify;\">En este encuentro regional participaron diversas instituciones, tanto p\u00fablicas como privadas, quienes entregaron -desde su quehacer- diversas estrategias y\/o acciones a desarrollar en esta materia, buscando con esto generar condiciones de crianza respetuosa y con equidad de g\u00e9nero para familias.<\/p>\n<p style=\"text-align: justify;\">Patricio Far\u00edas Cariqueo, director del Centro Familiar San Bernardo de Fundaci\u00f3n para la Familia (FUNFA) -una de las instituciones presentes en este encuentro- destac\u00f3 que \u201ccontribuir en el bienestar de las familias implica que todo el n\u00facleo familiar se comprometa en el proceso de crianza respetuosa y que contribuyan al ejercicio de los derechos de los ni\u00f1os y ni\u00f1as\u201d. A la vez valor\u00f3 que \u201cel Estado, a partir de sus fondos p\u00fablicos, financie este tipo de experiencias ya que permite que las comunidades se entrelacen, converjan y construyan nuevos caminos y saberes para esta crianza respetuosa\u201d.<\/p>\n<p style=\"text-align: justify;\">Del mismo modo cabe destacar que esta instancia tambi\u00e9n cont\u00f3 con la participaci\u00f3n de PRODEMU, quienes aportaron con un espacio informativo en el cual se habl\u00f3 sobre la importancia de la corresponsabilidad en las diversas \u00e1reas de la vida, como la familia, la educaci\u00f3n, entre otras.<\/p>\n<p style=\"text-align: justify;\">Uno de los asistentes a este encuentro fue Bans Puinao, apoderado del Jard\u00edn Infantil y Sala Cuna \u201cLobito Marino\u201d de Melinka quien manifest\u00f3 que fue \u201cuna experiencia enriquecedora. Vine con muchas expectativas y me voy a la isla muy contento por lo aprendido y desarrollado\u201d. A la vez recalc\u00f3 que \u201clo que se habl\u00f3 en este encuentro es importante y me voy con la satisfacci\u00f3n de haber adquirido mayores conocimientos para poder aplicarlo con mis hijas\u201d.<\/p>\n<p style=\"text-align: justify;\">Leticia Araya Norambuena reiter\u00f3 sus agradecimientos al Gobierno Regional de Ays\u00e9n reforzando que la entrega de \u201cestos recursos son muy importantes, porque nos permiti\u00f3 concretar este encuentro de familias. Tener la posibilidad de contar con familias de Melinka, Tranquilo, Ib\u00e1\u00f1ez, entre otros, es un tremendo honor ya que esto permiti\u00f3 hacer realidad este encuentro con las familias de los jardines infantiles y salas cunas de nuestra regi\u00f3n\u201d.<\/p>\n<p style=\"text-align: justify;\">Fundaci\u00f3n Integra, con 32 a\u00f1os de experiencia, es uno de los principales prestadores de educaci\u00f3n parvularia en el pa\u00eds, con m\u00e1s de 1.200 jardines infantiles y salas cuna gratuitos, a los que asisten m\u00e1s de 85 mil ni\u00f1os y ni\u00f1as en todo Chile.<\/p>\n<\/div><\/section><\/div><div  style='height:50px' class='hr hr-invisible   avia-builder-el-6  el_after_av_one_full  el_before_av_social_share '><span class='hr-inner ' ><span class='hr-inner-style'><\/span><\/span><\/div><\/p>\n<div  class='av-social-sharing-box  avia-builder-el-7  el_after_av_hr  el_before_av_hr  '><div class='av-share-box'><h5 class='av-share-link-description av-no-toc '>Compartir esta noticia<\/h5><ul class='av-share-box-list noLightbox'><li class='av-share-link av-social-link-facebook' ><a target=\"_blank\" aria-label=\"Compartir en Facebook\" href='https:\/\/www.facebook.com\/sharer.php?u=https:\/\/radiorevelacionfm.cl\/?p=30435&#038;t=Fundaci%C3%B3n%20Integra%20desarroll%C3%B3%20encuentro%20regional%20de%20Padres%20y%20Cuidadores' aria-hidden='false' data-av_icon='\ue8f3' data-av_iconfont='entypo-fontello' title='' data-avia-related-tooltip='Compartir en Facebook' rel=\"noopener\"><span class='avia_hidden_link_text'>Compartir en Facebook<\/span><\/a><\/li><li class='av-share-link av-social-link-twitter' ><a target=\"_blank\" aria-label=\"Compartir en Twitter\" href='https:\/\/twitter.com\/share?text=Fundaci%C3%B3n%20Integra%20desarroll%C3%B3%20encuentro%20regional%20de%20Padres%20y%20Cuidadores&#038;url=https:\/\/radiorevelacionfm.cl\/?p=30435' aria-hidden='false' data-av_icon='\ue8f1' data-av_iconfont='entypo-fontello' title='' data-avia-related-tooltip='Compartir en Twitter' rel=\"noopener\"><span class='avia_hidden_link_text'>Compartir en Twitter<\/span><\/a><\/li><li class='av-share-link av-social-link-whatsapp' ><a target=\"_blank\" aria-label=\"Compartir en Whatsapp\" href='https:\/\/api.whatsapp.com\/send?text=https:\/\/radiorevelacionfm.cl\/?p=30435' aria-hidden='false' data-av_icon='\uf232' data-av_iconfont='entypo-fontello' title='' data-avia-related-tooltip='Compartir en Whatsapp' rel=\"noopener\"><span class='avia_hidden_link_text'>Compartir en Whatsapp<\/span><\/a><\/li><li class='av-share-link av-social-link-linkedin' ><a target=\"_blank\" aria-label=\"Compartir en LinkedIn\" href='https:\/\/linkedin.com\/shareArticle?mini=true&#038;title=Fundaci%C3%B3n%20Integra%20desarroll%C3%B3%20encuentro%20regional%20de%20Padres%20y%20Cuidadores&#038;url=https:\/\/radiorevelacionfm.cl\/?p=30435' aria-hidden='false' data-av_icon='\ue8fc' data-av_iconfont='entypo-fontello' title='' data-avia-related-tooltip='Compartir en LinkedIn' rel=\"noopener\"><span class='avia_hidden_link_text'>Compartir en LinkedIn<\/span><\/a><\/li><li class='av-share-link av-social-link-mail' ><a  aria-label=\"Compartir por correo\" href='mailto:?subject=Fundaci%C3%B3n%20Integra%20desarroll%C3%B3%20encuentro%20regional%20de%20Padres%20y%20Cuidadores&#038;body=https:\/\/radiorevelacionfm.cl\/?p=30435' aria-hidden='false' data-av_icon='\ue805' data-av_iconfont='entypo-fontello' title='' data-avia-related-tooltip='Compartir por correo'><span class='avia_hidden_link_text'>Compartir por correo<\/span><\/a><\/li><\/ul><\/div><\/div>\n<div  style='height:50px' class='hr hr-invisible   avia-builder-el-8  el_after_av_social_share  el_before_av_comments_list '><span class='hr-inner ' ><span class='hr-inner-style'><\/span><\/span><\/div>\n<div  class='av-buildercomment  av-blog-meta-html-info-disabled av-blog-meta-tag-disabled  '><\/div>\n","protected":false},"excerpt":{"rendered":"","protected":false},"author":1,"featured_media":30436,"comment_status":"open","ping_status":"open","sticky":false,"template":"","format":"standard","meta":{"footnotes":""},"categories":[49],"tags":[],"class_list":["post-30435","post","type-post","status-publish","format-standard","has-post-thumbnail","hentry","category-educacion"],"jetpack_featured_media_url":"https:\/\/radiorevelacionfm.cl\/wp-content\/uploads\/2023\/04\/IMG_9070-min-1-1.jpg","_links":{"self":[{"href":"https:\/\/radiorevelacionfm.cl\/index.php?rest_route=\/wp\/v2\/posts\/30435","targetHints":{"allow":["GET"]}}],"collection":[{"href":"https:\/\/radiorevelacionfm.cl\/index.php?rest_route=\/wp\/v2\/posts"}],"about":[{"href":"https:\/\/radiorevelacionfm.cl\/index.php?rest_route=\/wp\/v2\/types\/post"}],"author":[{"embeddable":true,"href":"https:\/\/radiorevelacionfm.cl\/index.php?rest_route=\/wp\/v2\/users\/1"}],"replies":[{"embeddable":true,"href":"https:\/\/radiorevelacionfm.cl\/index.php?rest_route=%2Fwp%2Fv2%2Fcomments&post=30435"}],"version-history":[{"count":1,"href":"https:\/\/radiorevelacionfm.cl\/index.php?rest_route=\/wp\/v2\/posts\/30435\/revisions"}],"predecessor-version":[{"id":30437,"href":"https:\/\/radiorevelacionfm.cl\/index.php?rest_route=\/wp\/v2\/posts\/30435\/revisions\/30437"}],"wp:featuredmedia":[{"embeddable":true,"href":"https:\/\/radiorevelacionfm.cl\/index.php?rest_route=\/wp\/v2\/media\/30436"}],"wp:attachment":[{"href":"https:\/\/radiorevelacionfm.cl\/index.php?rest_route=%2Fwp%2Fv2%2Fmedia&parent=30435"}],"wp:term":[{"taxonomy":"category","embeddable":true,"href":"https:\/\/radiorevelacionfm.cl\/index.php?rest_route=%2Fwp%2Fv2%2Fcategories&post=30435"},{"taxonomy":"post_tag","embeddable":true,"href":"https:\/\/radiorevelacionfm.cl\/index.php?rest_route=%2Fwp%2Fv2%2Ftags&post=30435"}],"curies":[{"name":"wp","href":"https:\/\/api.w.org\/{rel}","templated":true}]}}