{"id":30432,"date":"2023-04-25T21:18:56","date_gmt":"2023-04-26T00:18:56","guid":{"rendered":"https:\/\/radiorevelacionfm.cl\/?p=30432"},"modified":"2023-04-25T21:18:56","modified_gmt":"2023-04-26T00:18:56","slug":"cumbre-de-salud-dirigentes-y-directivos-de-salud-continuan-avanzando-en-estrategias-para-mejorar-la-salud-publica-en-aysen","status":"publish","type":"post","link":"https:\/\/radiorevelacionfm.cl\/?p=30432","title":{"rendered":"Cumbre de Salud: Dirigentes y directivos de salud contin\u00faan avanzando en estrategias para mejorar la salud p\u00fablica en Ays\u00e9n"},"content":{"rendered":"<div class=\"flex_column av_one_full  flex_column_div av-zero-column-padding first  avia-builder-el-0  el_before_av_one_full  avia-builder-el-first  \" style='border-radius:0px; '><div  class='avia-image-container  av-styling-    avia-builder-el-1  avia-builder-el-no-sibling  avia-align-center '  itemprop=\"image\" itemscope=\"itemscope\" itemtype=\"https:\/\/schema.org\/ImageObject\"  ><div class='avia-image-container-inner'><div class='avia-image-overlay-wrap'><img decoding=\"async\" class='wp-image-30433 avia-img-lazy-loading-not-30433 avia_image' src=\"https:\/\/radiorevelacionfm.cl\/wp-content\/uploads\/2023\/04\/cumbre-salud-2-1_optimized.jpeg\" alt='' title='cumbre-salud-(2)-(1)_optimized' height=\"600\" width=\"817\"  itemprop=\"thumbnailUrl\" srcset=\"https:\/\/radiorevelacionfm.cl\/wp-content\/uploads\/2023\/04\/cumbre-salud-2-1_optimized.jpeg 817w, https:\/\/radiorevelacionfm.cl\/wp-content\/uploads\/2023\/04\/cumbre-salud-2-1_optimized-300x220.jpeg 300w, https:\/\/radiorevelacionfm.cl\/wp-content\/uploads\/2023\/04\/cumbre-salud-2-1_optimized-768x564.jpeg 768w, https:\/\/radiorevelacionfm.cl\/wp-content\/uploads\/2023\/04\/cumbre-salud-2-1_optimized-705x518.jpeg 705w, https:\/\/radiorevelacionfm.cl\/wp-content\/uploads\/2023\/04\/cumbre-salud-2-1_optimized-450x330.jpeg 450w, https:\/\/radiorevelacionfm.cl\/wp-content\/uploads\/2023\/04\/cumbre-salud-2-1_optimized-600x441.jpeg 600w\" sizes=\"(max-width: 817px) 100vw, 817px\" \/><\/div><\/div><\/div><\/div><div class=\"flex_column av_one_full  flex_column_div av-zero-column-padding first  avia-builder-el-2  el_after_av_one_full  el_before_av_one_full  column-top-margin\" style='border-radius:0px; '><section class=\"av_textblock_section \"  itemscope=\"itemscope\" itemtype=\"https:\/\/schema.org\/BlogPosting\" itemprop=\"blogPost\" ><div class='avia_textblock  '   itemprop=\"text\" ><p style=\"text-align: center;\"><strong><span style=\"font-size: 18pt;\">Cumbre de Salud: Dirigentes y directivos de salud contin\u00faan avanzando en estrategias para mejorar la salud p\u00fablica en Ays\u00e9n<\/span><\/strong><\/p>\n<div id=\"gtx-trans\" style=\"position: absolute; left: -50px; top: 4.31534px;\">\n<div class=\"gtx-trans-icon\"><\/div>\n<\/div>\n<\/div><\/section><\/div><div class=\"flex_column av_one_full  flex_column_div av-zero-column-padding first  avia-builder-el-4  el_after_av_one_full  el_before_av_hr  column-top-margin\" style='border-radius:0px; '><section class=\"av_textblock_section \"  itemscope=\"itemscope\" itemtype=\"https:\/\/schema.org\/BlogPosting\" itemprop=\"blogPost\" ><div class='avia_textblock  '   itemprop=\"text\" ><p style=\"text-align: justify;\">Con la participaci\u00f3n de dirigentes sociales de diversas organizaciones de la comuna de Coyhaique, este fin de semana se llev\u00f3 a cabo una nueva versi\u00f3n de la Cumbre de Salud organizada por el Consejo Asesor de la Seremi de Salud y la propia secretar\u00eda ministerial, ocasi\u00f3n donde se entreg\u00f3 informaci\u00f3n relevante respecto a los proyectos en infraestructura y los programas de promoci\u00f3n de salud en un ambiente de respeto y amplia participaci\u00f3n social.<\/p>\n<p style=\"text-align: justify;\">As\u00ed lo manifest\u00f3 la Seremi de Salud Ays\u00e9n, Carmen Monsalve G\u00f3mez, quien valor\u00f3 el inter\u00e9s de las organizaciones sociales para plantear sus inquietudes y, al mismo tiempo, ser part\u00edcipes de las soluciones a sus requerimientos. \u201cDimos un paso hist\u00f3rico en lo que respecta a la participaci\u00f3n social en salud en nuestra regi\u00f3n de Ays\u00e9n, nunca se hab\u00eda llevado a cabo un ejercicio de participaci\u00f3n ciudadana tan representativo, con dirigentes de todos los consejos de salud de los dispositivos de la comuna de Coyhaique, quienes tuvieron la oportunidad de levantar demandas y problem\u00e1ticas que ellos visualizan en sus procesos de atenci\u00f3n. En esta actividad, a su vez tuvimos el compromiso de parte del sector y de los directivos de salud para exponer cu\u00e1les son las l\u00edneas que ya tenemos trabajadas, cuales son las soluciones que se est\u00e1n implementando a mediano y largo plazo, lo que gener\u00f3 una instancia de participaci\u00f3n muy enriquecedora, donde la comunidad se fue muy bien informada, y con desaf\u00edos concretos que nosotros hemos planteado como metas objetivas para seguir mejorando la salud en nuestros territorios\u201d.<\/p>\n<p style=\"text-align: justify;\">Trabajo desarrollado entre directivos de salud y la sociedad civil que tambi\u00e9n fue reconocido por la Presidenta del Consejo de Desarrollo del Hospital Regional Coyhaique, Margarita Arismendi Navarrete.\u00a0 \u201cMuy satisfecha de esta cumbre de salud, donde se debe valorar que todos los profesionales y directivos de los centros de salud hayan tenido el tiempo de escuchar nuestras demandas, y a su vez darnos una respuesta relativamente r\u00e1pida, a lo mejor no estaban todas las soluciones que uno quisiera, pero si existe una buena voluntad de trabajar entre todos para solucionar los problemas que existen en la comunidad\u201d.<\/p>\n<p style=\"text-align: justify;\">Similar opini\u00f3n fue la que entreg\u00f3 el Presidente del Consejo de Desarrollo del CESFAM Alejandro Guti\u00e9rrez, V\u00edctor Soto Guzm\u00e1n.\u00a0 \u201cMe voy con una opini\u00f3n muy positiva, nos vamos con harta informaci\u00f3n lo que implica ir en la b\u00fasqueda de las soluciones de los grandes problemas que tiene la ciudadan\u00eda en Coyhaique y la regi\u00f3n de Ays\u00e9n.\u00a0 Han sido muy buenas respuestas del Servicio y la Seremi de Salud Ays\u00e9n, valoramos el esfuerzo que se est\u00e1 haciendo, ahora es probable que ma\u00f1ana no tengamos todo solucionado, pero hemos iniciado un camino de soluci\u00f3n conjunta entre la comunidad, los dirigentes sociales de salud y al mismo tiempo las autoridades que corresponda\u201d.<\/p>\n<p style=\"text-align: justify;\">Por su parte, el Director Servicio de Salud Ays\u00e9n (s), Mauricio Cort\u00e9s Molina, tambi\u00e9n destac\u00f3 la importancia de esta jornada.\u00a0 \u201cJunto al equipo directivo del servicio, pudimos presentar todas las iniciativas que estamos realizando en nuestra red, donde la \u00fanica forma de avanzar es escuchar a la poblaci\u00f3n, priorizando las necesidades que existen como sector.\u00a0 Estamos trabajando en forma coordinada con nuestra Seremi, y el apoyo de la Subsecretaria, donde vamos a contar con recursos para enfrentar los m\u00faltiples d saf\u00edos que tenemos, donde lo importante es avanzar en la normalizaci\u00f3n de nuestro Hospital Regional y la adjudicaci\u00f3n del tercer CESFAM con SAR adosado en Coyhaique\u201d.<\/p>\n<p style=\"text-align: justify;\">Cabe se\u00f1alar que estas jornadas de salud comenzaron a ejecutarse durante el a\u00f1o 2022, donde representantes de los diferentes Consejos de la sociedad civil, del CESFAM Alejandro Guti\u00e9rrez, del CESFAM V\u00edctor Domingo Silva, del Hospital Regional de Coyhaique, del Centro Comunitario de Salud Mental (COSAM) y del Consejo Asesor Regional de la Seremi de Salud Ays\u00e9n, realizaron un intenso trabajo referido a los problemas de atenci\u00f3n existentes en dichos establecimientos, donde se destaca el trabajo coordinado y conjunto ente la Seremi de Salud Ays\u00e9n y el Servicio de Salud Ays\u00e9n, pudiendo construir una agenda en conjunto en esta materia y consolidar un trabajo integrado, para dar respuesta a las inquietudes demandadas por los habitantes de la comuna de Coyhaique, continuando con las acciones durante el presente a\u00f1o , pensando siempre en el fin \u00faltimo, el cual es\u00a0 la salud de los habitantes de la regi\u00f3n de Ays\u00e9n.<\/p>\n<\/div><\/section><\/div><div  style='height:50px' class='hr hr-invisible   avia-builder-el-6  el_after_av_one_full  el_before_av_social_share '><span class='hr-inner ' ><span class='hr-inner-style'><\/span><\/span><\/div><\/p>\n<div  class='av-social-sharing-box  avia-builder-el-7  el_after_av_hr  el_before_av_hr  '><div class='av-share-box'><h5 class='av-share-link-description av-no-toc '>Compartir esta noticia<\/h5><ul class='av-share-box-list noLightbox'><li class='av-share-link av-social-link-facebook' ><a target=\"_blank\" aria-label=\"Compartir en Facebook\" href='https:\/\/www.facebook.com\/sharer.php?u=https:\/\/radiorevelacionfm.cl\/?p=30432&#038;t=Cumbre%20de%20Salud%3A%20Dirigentes%20y%20directivos%20de%20salud%20contin%C3%BAan%20avanzando%20en%20estrategias%20para%20mejorar%20la%20salud%20p%C3%BAblica%20en%20Ays%C3%A9n' aria-hidden='false' data-av_icon='\ue8f3' data-av_iconfont='entypo-fontello' title='' data-avia-related-tooltip='Compartir en Facebook' rel=\"noopener\"><span class='avia_hidden_link_text'>Compartir en Facebook<\/span><\/a><\/li><li class='av-share-link av-social-link-twitter' ><a target=\"_blank\" aria-label=\"Compartir en Twitter\" href='https:\/\/twitter.com\/share?text=Cumbre%20de%20Salud%3A%20Dirigentes%20y%20directivos%20de%20salud%20contin%C3%BAan%20avanzando%20en%20estrategias%20para%20mejorar%20la%20salud%20p%C3%BAblica%20en%20Ays%C3%A9n&#038;url=https:\/\/radiorevelacionfm.cl\/?p=30432' aria-hidden='false' data-av_icon='\ue8f1' data-av_iconfont='entypo-fontello' title='' data-avia-related-tooltip='Compartir en Twitter' rel=\"noopener\"><span class='avia_hidden_link_text'>Compartir en Twitter<\/span><\/a><\/li><li class='av-share-link av-social-link-whatsapp' ><a target=\"_blank\" aria-label=\"Compartir en Whatsapp\" href='https:\/\/api.whatsapp.com\/send?text=https:\/\/radiorevelacionfm.cl\/?p=30432' aria-hidden='false' data-av_icon='\uf232' data-av_iconfont='entypo-fontello' title='' data-avia-related-tooltip='Compartir en Whatsapp' rel=\"noopener\"><span class='avia_hidden_link_text'>Compartir en Whatsapp<\/span><\/a><\/li><li class='av-share-link av-social-link-linkedin' ><a target=\"_blank\" aria-label=\"Compartir en LinkedIn\" href='https:\/\/linkedin.com\/shareArticle?mini=true&#038;title=Cumbre%20de%20Salud%3A%20Dirigentes%20y%20directivos%20de%20salud%20contin%C3%BAan%20avanzando%20en%20estrategias%20para%20mejorar%20la%20salud%20p%C3%BAblica%20en%20Ays%C3%A9n&#038;url=https:\/\/radiorevelacionfm.cl\/?p=30432' aria-hidden='false' data-av_icon='\ue8fc' data-av_iconfont='entypo-fontello' title='' data-avia-related-tooltip='Compartir en LinkedIn' rel=\"noopener\"><span class='avia_hidden_link_text'>Compartir en LinkedIn<\/span><\/a><\/li><li class='av-share-link av-social-link-mail' ><a  aria-label=\"Compartir por correo\" href='mailto:?subject=Cumbre%20de%20Salud%3A%20Dirigentes%20y%20directivos%20de%20salud%20contin%C3%BAan%20avanzando%20en%20estrategias%20para%20mejorar%20la%20salud%20p%C3%BAblica%20en%20Ays%C3%A9n&#038;body=https:\/\/radiorevelacionfm.cl\/?p=30432' aria-hidden='false' data-av_icon='\ue805' data-av_iconfont='entypo-fontello' title='' data-avia-related-tooltip='Compartir por correo'><span class='avia_hidden_link_text'>Compartir por correo<\/span><\/a><\/li><\/ul><\/div><\/div>\n<div  style='height:50px' class='hr hr-invisible   avia-builder-el-8  el_after_av_social_share  el_before_av_comments_list '><span class='hr-inner ' ><span class='hr-inner-style'><\/span><\/span><\/div>\n<div  class='av-buildercomment  av-blog-meta-html-info-disabled av-blog-meta-tag-disabled  '><\/div>\n","protected":false},"excerpt":{"rendered":"","protected":false},"author":1,"featured_media":30433,"comment_status":"open","ping_status":"open","sticky":false,"template":"","format":"standard","meta":{"footnotes":""},"categories":[46],"tags":[],"class_list":["post-30432","post","type-post","status-publish","format-standard","has-post-thumbnail","hentry","category-salud"],"jetpack_featured_media_url":"https:\/\/radiorevelacionfm.cl\/wp-content\/uploads\/2023\/04\/cumbre-salud-2-1_optimized.jpeg","_links":{"self":[{"href":"https:\/\/radiorevelacionfm.cl\/index.php?rest_route=\/wp\/v2\/posts\/30432","targetHints":{"allow":["GET"]}}],"collection":[{"href":"https:\/\/radiorevelacionfm.cl\/index.php?rest_route=\/wp\/v2\/posts"}],"about":[{"href":"https:\/\/radiorevelacionfm.cl\/index.php?rest_route=\/wp\/v2\/types\/post"}],"author":[{"embeddable":true,"href":"https:\/\/radiorevelacionfm.cl\/index.php?rest_route=\/wp\/v2\/users\/1"}],"replies":[{"embeddable":true,"href":"https:\/\/radiorevelacionfm.cl\/index.php?rest_route=%2Fwp%2Fv2%2Fcomments&post=30432"}],"version-history":[{"count":1,"href":"https:\/\/radiorevelacionfm.cl\/index.php?rest_route=\/wp\/v2\/posts\/30432\/revisions"}],"predecessor-version":[{"id":30434,"href":"https:\/\/radiorevelacionfm.cl\/index.php?rest_route=\/wp\/v2\/posts\/30432\/revisions\/30434"}],"wp:featuredmedia":[{"embeddable":true,"href":"https:\/\/radiorevelacionfm.cl\/index.php?rest_route=\/wp\/v2\/media\/30433"}],"wp:attachment":[{"href":"https:\/\/radiorevelacionfm.cl\/index.php?rest_route=%2Fwp%2Fv2%2Fmedia&parent=30432"}],"wp:term":[{"taxonomy":"category","embeddable":true,"href":"https:\/\/radiorevelacionfm.cl\/index.php?rest_route=%2Fwp%2Fv2%2Fcategories&post=30432"},{"taxonomy":"post_tag","embeddable":true,"href":"https:\/\/radiorevelacionfm.cl\/index.php?rest_route=%2Fwp%2Fv2%2Ftags&post=30432"}],"curies":[{"name":"wp","href":"https:\/\/api.w.org\/{rel}","templated":true}]}}