{"id":30429,"date":"2023-04-25T15:43:55","date_gmt":"2023-04-25T18:43:55","guid":{"rendered":"https:\/\/radiorevelacionfm.cl\/?p=30429"},"modified":"2023-04-25T16:31:34","modified_gmt":"2023-04-25T19:31:34","slug":"integra-recibe-material-educativo-en-calidad-del-aire-para-sus-jardines-infantiles-en-la-region-de-aysen","status":"publish","type":"post","link":"https:\/\/radiorevelacionfm.cl\/?p=30429","title":{"rendered":"Integra recibe material educativo en calidad del aire para sus jardines infantiles en la regi\u00f3n de Ays\u00e9n"},"content":{"rendered":"<div class=\"flex_column av_one_full  flex_column_div av-zero-column-padding first  avia-builder-el-0  el_before_av_one_full  avia-builder-el-first  \" style='border-radius:0px; '><div  class='avia-image-container  av-styling-    avia-builder-el-1  avia-builder-el-no-sibling  avia-align-center '  itemprop=\"image\" itemscope=\"itemscope\" itemtype=\"https:\/\/schema.org\/ImageObject\"  ><div class='avia-image-container-inner'><div class='avia-image-overlay-wrap'><img decoding=\"async\" class='wp-image-30430 avia-img-lazy-loading-not-30430 avia_image' src=\"https:\/\/radiorevelacionfm.cl\/wp-content\/uploads\/2023\/04\/img_1772-1-1_optimized-1.jpg\" alt='' title='img_1772-(1)-(1)_optimized (1)' height=\"600\" width=\"1067\"  itemprop=\"thumbnailUrl\" srcset=\"https:\/\/radiorevelacionfm.cl\/wp-content\/uploads\/2023\/04\/img_1772-1-1_optimized-1.jpg 1067w, https:\/\/radiorevelacionfm.cl\/wp-content\/uploads\/2023\/04\/img_1772-1-1_optimized-1-300x169.jpg 300w, https:\/\/radiorevelacionfm.cl\/wp-content\/uploads\/2023\/04\/img_1772-1-1_optimized-1-1030x579.jpg 1030w, https:\/\/radiorevelacionfm.cl\/wp-content\/uploads\/2023\/04\/img_1772-1-1_optimized-1-768x432.jpg 768w, https:\/\/radiorevelacionfm.cl\/wp-content\/uploads\/2023\/04\/img_1772-1-1_optimized-1-705x396.jpg 705w, https:\/\/radiorevelacionfm.cl\/wp-content\/uploads\/2023\/04\/img_1772-1-1_optimized-1-450x253.jpg 450w, https:\/\/radiorevelacionfm.cl\/wp-content\/uploads\/2023\/04\/img_1772-1-1_optimized-1-600x337.jpg 600w\" sizes=\"(max-width: 1067px) 100vw, 1067px\" \/><\/div><\/div><\/div><\/div>\n<div class=\"flex_column av_one_full  flex_column_div av-zero-column-padding first  avia-builder-el-2  el_after_av_one_full  el_before_av_one_full  column-top-margin\" style='border-radius:0px; '><section class=\"av_textblock_section \"  itemscope=\"itemscope\" itemtype=\"https:\/\/schema.org\/BlogPosting\" itemprop=\"blogPost\" ><div class='avia_textblock  '   itemprop=\"text\" ><p style=\"text-align: center;\"><strong><span style=\"font-size: 18pt;\">Integra recibe material educativo en calidad del aire para sus jardines infantiles en la regi\u00f3n de Ays\u00e9n<\/span><\/strong><\/p>\n<div id=\"gtx-trans\" style=\"position: absolute; left: -50px; top: 4.31534px;\">\n<div class=\"gtx-trans-icon\"><\/div>\n<\/div>\n<\/div><\/section><\/div>\n<div class=\"flex_column av_one_full  flex_column_div av-zero-column-padding first  avia-builder-el-4  el_after_av_one_full  el_before_av_hr  column-top-margin\" style='border-radius:0px; '><section class=\"av_textblock_section \"  itemscope=\"itemscope\" itemtype=\"https:\/\/schema.org\/BlogPosting\" itemprop=\"blogPost\" ><div class='avia_textblock  '   itemprop=\"text\" ><p style=\"text-align: justify;\">En dependencias del Jard\u00edn Infantil Gotitas de Lluvia se llev\u00f3 a cabo la entrega de las gu\u00edas educativas en calidad del aire a la Directora Regional de Fundaci\u00f3n Integra para ser distribuidas entre los jardines infantiles de su dependencia en la regi\u00f3n de Ays\u00e9n.<\/p>\n<p style=\"text-align: justify;\">Las gu\u00edas educativas elaboradas en el marco del programa FNDR de Difusi\u00f3n y Educaci\u00f3n Ambiental en Calidad del Aire, financiado por el Gobierno Regional de Ays\u00e9n y su Consejo, y ejecutado por la SEREMI del Medio Ambiente, buscan servir como material de apoyo para educadores y educadoras en los distintos ciclos educativos, aportando informaci\u00f3n y actividades pr\u00e1cticas para incorporar la tem\u00e1tica de calidad del aire en todo el ciclo escolar, sensibilizando a estudiantes y p\u00e1rvulos con elementos interactivos y audiovisuales que cuentan adem\u00e1s con elementos identitarios regionales.<\/p>\n<p style=\"text-align: justify;\">\u201cLes hicimos entrega de este material que gracias al FNDR nos ha permitido llegar a toda la regi\u00f3n con este mensaje de que nos necesitamos a todas y a todos para solucionar esta problem\u00e1tica medioambiental que hoy existe en nuestra regi\u00f3n\u201d, destac\u00f3 el SEREMI del Medio Ambiente, Juli\u00e1n C\u00e1rdenas, relevando que, si bien el material ser\u00e1 distribuido en toda la regi\u00f3n, escogieron el Jard\u00edn Infantil Gotitas de Lluvia en Puerto Ays\u00e9n para hacer la entrega en se\u00f1al del avance y compromiso de la comunidad aysenina hacia el nuevo Plan de Descontaminaci\u00f3n Atmosf\u00e9rica PDA para la localidad, instrumento que ya se encuentra en elaboraci\u00f3n y que requerir\u00e1 de la continua participaci\u00f3n de las familias en su proceso.<\/p>\n<p style=\"text-align: justify;\">La comunidad educativa del jard\u00edn Gotitas de Lluvia, junto a la Directora Regional de INTEGRA, recibieron a la comitiva de la SEREMI del Medio Ambiente con una actividad experiencial, donde ni\u00f1as y ni\u00f1os, conmemorando el d\u00eda de la tierra realizaron una limpieza de tierra y trasplante de plantitas a maceteros que hab\u00edan elaborado con sus propias manos previamente. Una vez finalizada la actividad, el SEREMI Juli\u00e1n C\u00e1rdenas comparti\u00f3 las gu\u00edas educativas y adem\u00e1s un set de cuentos en calidad del aire para compartir con peque\u00f1os y peque\u00f1as.<\/p>\n<p style=\"text-align: justify;\">\u201cConsidero que es s\u00faper importante desarrollar esta gu\u00eda de aprendizaje, especialmente para nuestros ni\u00f1os y ni\u00f1as en el tema de la calidad del aire, porque sabemos que Puerto Ays\u00e9n, entre otras ciudades de la regi\u00f3n, est\u00e1 altamente contaminado, entonces el poder anticiparnos a lo que ya est\u00e1, es s\u00faper importante, sobre todo en las nuevas generaciones que no son el futuro sino el presente de nuestro pa\u00eds\u201d, declar\u00f3 la directora del jard\u00edn infantil, Francisca Mendoza.<\/p>\n<p style=\"text-align: justify;\">La alianza entre Fundaci\u00f3n Integra y la SEREMI del Medio Ambiente se ha fortalecido mediante el Sistema de Certificaci\u00f3n Ambiental de Establecimientos Educacionales SNCAE, red a la que se han sumado mediante compromiso voluntario los 19 jardines infantiles pertenecientes a la Fundaci\u00f3n en la regi\u00f3n de Ays\u00e9n. De este modo, cada jard\u00edn infantil inserta en su curr\u00edculo educativo el sello ambiental como un aprendizaje transversal y desarrolla buenas pr\u00e1cticas en el establecimiento, ya sea en torno a la educaci\u00f3n ambiental, su vinculaci\u00f3n con el entorno o a trav\u00e9s de su gesti\u00f3n mediante el desarrollo de iniciativas de reciclaje, eficiencia h\u00eddrica, energ\u00e9tica, etc.<\/p>\n<p style=\"text-align: justify;\">Finalmente, la Directora Regional de Integra, Leticia Araya agradeci\u00f3 e material que ser\u00e1 enviado a los establecimientos de Puerto Aguirre, Caleta Andrade y Coyhaique, entre otros \u201cTodo lo que podemos hacer en primera infancia es s\u00faper importante, revisaba el material y es muy interesante la gu\u00eda de educaci\u00f3n parvularia, que tiene experiencias que van a permitir que los equipos puedan planificar pr\u00e1cticas con sentido de lo que es el cuidado del medio ambiente y espec\u00edficamente el aire\u201d, concluy\u00f3.<\/p>\n<\/div><\/section><\/div><div  style='height:50px' class='hr hr-invisible   avia-builder-el-6  el_after_av_one_full  el_before_av_social_share '><span class='hr-inner ' ><span class='hr-inner-style'><\/span><\/span><\/div><\/p>\n<div  class='av-social-sharing-box  avia-builder-el-7  el_after_av_hr  el_before_av_hr  '><div class='av-share-box'><h5 class='av-share-link-description av-no-toc '>Compartir esta noticia<\/h5><ul class='av-share-box-list noLightbox'><li class='av-share-link av-social-link-facebook' ><a target=\"_blank\" aria-label=\"Compartir en Facebook\" href='https:\/\/www.facebook.com\/sharer.php?u=https:\/\/radiorevelacionfm.cl\/?p=30429&#038;t=Integra%20recibe%20material%20educativo%20en%20calidad%20del%20aire%20para%20sus%20jardines%20infantiles%20en%20la%20regi%C3%B3n%20de%20Ays%C3%A9n' aria-hidden='false' data-av_icon='\ue8f3' data-av_iconfont='entypo-fontello' title='' data-avia-related-tooltip='Compartir en Facebook' rel=\"noopener\"><span class='avia_hidden_link_text'>Compartir en Facebook<\/span><\/a><\/li><li class='av-share-link av-social-link-twitter' ><a target=\"_blank\" aria-label=\"Compartir en Twitter\" href='https:\/\/twitter.com\/share?text=Integra%20recibe%20material%20educativo%20en%20calidad%20del%20aire%20para%20sus%20jardines%20infantiles%20en%20la%20regi%C3%B3n%20de%20Ays%C3%A9n&#038;url=https:\/\/radiorevelacionfm.cl\/?p=30429' aria-hidden='false' data-av_icon='\ue8f1' data-av_iconfont='entypo-fontello' title='' data-avia-related-tooltip='Compartir en Twitter' rel=\"noopener\"><span class='avia_hidden_link_text'>Compartir en Twitter<\/span><\/a><\/li><li class='av-share-link av-social-link-whatsapp' ><a target=\"_blank\" aria-label=\"Compartir en Whatsapp\" href='https:\/\/api.whatsapp.com\/send?text=https:\/\/radiorevelacionfm.cl\/?p=30429' aria-hidden='false' data-av_icon='\uf232' data-av_iconfont='entypo-fontello' title='' data-avia-related-tooltip='Compartir en Whatsapp' rel=\"noopener\"><span class='avia_hidden_link_text'>Compartir en Whatsapp<\/span><\/a><\/li><li class='av-share-link av-social-link-linkedin' ><a target=\"_blank\" aria-label=\"Compartir en LinkedIn\" href='https:\/\/linkedin.com\/shareArticle?mini=true&#038;title=Integra%20recibe%20material%20educativo%20en%20calidad%20del%20aire%20para%20sus%20jardines%20infantiles%20en%20la%20regi%C3%B3n%20de%20Ays%C3%A9n&#038;url=https:\/\/radiorevelacionfm.cl\/?p=30429' aria-hidden='false' data-av_icon='\ue8fc' data-av_iconfont='entypo-fontello' title='' data-avia-related-tooltip='Compartir en LinkedIn' rel=\"noopener\"><span class='avia_hidden_link_text'>Compartir en LinkedIn<\/span><\/a><\/li><li class='av-share-link av-social-link-mail' ><a  aria-label=\"Compartir por correo\" href='mailto:?subject=Integra%20recibe%20material%20educativo%20en%20calidad%20del%20aire%20para%20sus%20jardines%20infantiles%20en%20la%20regi%C3%B3n%20de%20Ays%C3%A9n&#038;body=https:\/\/radiorevelacionfm.cl\/?p=30429' aria-hidden='false' data-av_icon='\ue805' data-av_iconfont='entypo-fontello' title='' data-avia-related-tooltip='Compartir por correo'><span class='avia_hidden_link_text'>Compartir por correo<\/span><\/a><\/li><\/ul><\/div><\/div>\n<div  style='height:50px' class='hr hr-invisible   avia-builder-el-8  el_after_av_social_share  el_before_av_comments_list '><span class='hr-inner ' ><span class='hr-inner-style'><\/span><\/span><\/div>\n<div  class='av-buildercomment  av-blog-meta-html-info-disabled av-blog-meta-tag-disabled  '><\/div>\n","protected":false},"excerpt":{"rendered":"","protected":false},"author":1,"featured_media":30430,"comment_status":"open","ping_status":"open","sticky":false,"template":"","format":"standard","meta":{"footnotes":""},"categories":[39],"tags":[],"class_list":["post-30429","post","type-post","status-publish","format-standard","has-post-thumbnail","hentry","category-medio-ambiente"],"jetpack_featured_media_url":"https:\/\/radiorevelacionfm.cl\/wp-content\/uploads\/2023\/04\/img_1772-1-1_optimized-1.jpg","_links":{"self":[{"href":"https:\/\/radiorevelacionfm.cl\/index.php?rest_route=\/wp\/v2\/posts\/30429","targetHints":{"allow":["GET"]}}],"collection":[{"href":"https:\/\/radiorevelacionfm.cl\/index.php?rest_route=\/wp\/v2\/posts"}],"about":[{"href":"https:\/\/radiorevelacionfm.cl\/index.php?rest_route=\/wp\/v2\/types\/post"}],"author":[{"embeddable":true,"href":"https:\/\/radiorevelacionfm.cl\/index.php?rest_route=\/wp\/v2\/users\/1"}],"replies":[{"embeddable":true,"href":"https:\/\/radiorevelacionfm.cl\/index.php?rest_route=%2Fwp%2Fv2%2Fcomments&post=30429"}],"version-history":[{"count":3,"href":"https:\/\/radiorevelacionfm.cl\/index.php?rest_route=\/wp\/v2\/posts\/30429\/revisions"}],"predecessor-version":[{"id":30451,"href":"https:\/\/radiorevelacionfm.cl\/index.php?rest_route=\/wp\/v2\/posts\/30429\/revisions\/30451"}],"wp:featuredmedia":[{"embeddable":true,"href":"https:\/\/radiorevelacionfm.cl\/index.php?rest_route=\/wp\/v2\/media\/30430"}],"wp:attachment":[{"href":"https:\/\/radiorevelacionfm.cl\/index.php?rest_route=%2Fwp%2Fv2%2Fmedia&parent=30429"}],"wp:term":[{"taxonomy":"category","embeddable":true,"href":"https:\/\/radiorevelacionfm.cl\/index.php?rest_route=%2Fwp%2Fv2%2Fcategories&post=30429"},{"taxonomy":"post_tag","embeddable":true,"href":"https:\/\/radiorevelacionfm.cl\/index.php?rest_route=%2Fwp%2Fv2%2Ftags&post=30429"}],"curies":[{"name":"wp","href":"https:\/\/api.w.org\/{rel}","templated":true}]}}