{"id":30423,"date":"2023-04-25T19:17:01","date_gmt":"2023-04-25T22:17:01","guid":{"rendered":"https:\/\/radiorevelacionfm.cl\/?p=30423"},"modified":"2023-04-25T19:17:01","modified_gmt":"2023-04-25T22:17:01","slug":"firman-convenio-con-club-de-adulto-mayor-dejando-huellas-para-entrega-de-sede-en-comodato","status":"publish","type":"post","link":"https:\/\/radiorevelacionfm.cl\/?p=30423","title":{"rendered":"Firman convenio con Club de Adulto Mayor \u201cDejando Huellas\u201d para entrega de sede en comodato"},"content":{"rendered":"<div class=\"flex_column av_one_full  flex_column_div av-zero-column-padding first  avia-builder-el-0  el_before_av_one_full  avia-builder-el-first  \" style='border-radius:0px; '><div  class='avia-image-container  av-styling-    avia-builder-el-1  avia-builder-el-no-sibling  avia-align-center '  itemprop=\"image\" itemscope=\"itemscope\" itemtype=\"https:\/\/schema.org\/ImageObject\"  ><div class='avia-image-container-inner'><div class='avia-image-overlay-wrap'><img decoding=\"async\" class='wp-image-30424 avia-img-lazy-loading-not-30424 avia_image' src=\"https:\/\/radiorevelacionfm.cl\/wp-content\/uploads\/2023\/04\/ALCALDE-CAM-DEJANDO-HUELLAS_-4-1-1.jpg\" alt='' title='ALCALDE CAM DEJANDO HUELLAS_-4 (1) (1)' height=\"600\" width=\"1025\"  itemprop=\"thumbnailUrl\" srcset=\"https:\/\/radiorevelacionfm.cl\/wp-content\/uploads\/2023\/04\/ALCALDE-CAM-DEJANDO-HUELLAS_-4-1-1.jpg 1025w, https:\/\/radiorevelacionfm.cl\/wp-content\/uploads\/2023\/04\/ALCALDE-CAM-DEJANDO-HUELLAS_-4-1-1-300x176.jpg 300w, https:\/\/radiorevelacionfm.cl\/wp-content\/uploads\/2023\/04\/ALCALDE-CAM-DEJANDO-HUELLAS_-4-1-1-768x450.jpg 768w, https:\/\/radiorevelacionfm.cl\/wp-content\/uploads\/2023\/04\/ALCALDE-CAM-DEJANDO-HUELLAS_-4-1-1-705x413.jpg 705w, https:\/\/radiorevelacionfm.cl\/wp-content\/uploads\/2023\/04\/ALCALDE-CAM-DEJANDO-HUELLAS_-4-1-1-450x263.jpg 450w, https:\/\/radiorevelacionfm.cl\/wp-content\/uploads\/2023\/04\/ALCALDE-CAM-DEJANDO-HUELLAS_-4-1-1-600x351.jpg 600w\" sizes=\"(max-width: 1025px) 100vw, 1025px\" \/><\/div><\/div><\/div><\/div><div class=\"flex_column av_one_full  flex_column_div av-zero-column-padding first  avia-builder-el-2  el_after_av_one_full  el_before_av_one_full  column-top-margin\" style='border-radius:0px; '><section class=\"av_textblock_section \"  itemscope=\"itemscope\" itemtype=\"https:\/\/schema.org\/BlogPosting\" itemprop=\"blogPost\" ><div class='avia_textblock  '   itemprop=\"text\" ><p style=\"text-align: center;\"><strong><span style=\"font-size: 18pt;\">Firman convenio con Club de Adulto Mayor \u201cDejando Huellas\u201d para entrega de sede en comodato<\/span><\/strong><\/p>\n<div id=\"gtx-trans\" style=\"position: absolute; left: -50px; top: 4.31534px;\">\n<div class=\"gtx-trans-icon\"><\/div>\n<\/div>\n<\/div><\/section><\/div><div class=\"flex_column av_one_full  flex_column_div av-zero-column-padding first  avia-builder-el-4  el_after_av_one_full  el_before_av_hr  column-top-margin\" style='border-radius:0px; '><section class=\"av_textblock_section \"  itemscope=\"itemscope\" itemtype=\"https:\/\/schema.org\/BlogPosting\" itemprop=\"blogPost\" ><div class='avia_textblock  '   itemprop=\"text\" ><p style=\"text-align: justify;\">Este lunes, el alcalde de Ays\u00e9n, Julio Uribe Alvarado, firm\u00f3 un convenio a nombre del municipio con el Club de Adulto Mayor \u201cDejando Huellas\u201d, para entregarles una sede en comodato, lo que les permitir\u00e1 realizar sus actividades de mejor manera.<\/p>\n<p style=\"text-align: justify;\">\u201cYa se termin\u00f3 el proceso administrativo, el cual conlleva la entrega oficial de su sede social. Es un club que se lo ha ganado\u00a0 por todo el trabajo que est\u00e1n realizando. El \u00faltimo tiempo han postulado a varios proyectos, y su principal complicaci\u00f3n era la falta de un espacio para realizar sus actividades\u201d, se\u00f1al\u00f3 el alcalde Uribe, reafirmando su compromiso para trabajar con las organizaciones comunitarias y entregarles espacios para que desarrollen sus actividades..<\/p>\n<p style=\"text-align: justify;\">\u201cEs un club muy activo as\u00ed que quiero felicitar a sus dirigentes. Llegar hasta esta instancia es muy importante, y como municipio estamos contentos de que una organizaci\u00f3n m\u00e1s cuente con un espacio para realizar sus actividades\u201d, agreg\u00f3 el alcalde.<\/p>\n<p style=\"text-align: justify;\">Ana Nahuelqu\u00edn, presidenta del Club Dejando Huellas, indic\u00f3 que \u201ceste club se organiz\u00f3 bajo el alero de la Municipalidad bajo un proyecto de Quiero Mi Barrio. Bajo esa circunstancia y apoyo nos organizamos porque vimos la necesidad que ten\u00edan los adultos mayores, y el municipio nos entreg\u00f3 todas las herramientas que necesit\u00e1bamos\u201d.<\/p>\n<p style=\"text-align: justify;\">Respecto de la concreci\u00f3n de su sede, Nahuelqu\u00edn agreg\u00f3 que \u201cEs un anhelo que ten\u00edamos. Lo conversamos con el alcalde, y estamos muy agradecidos de \u00e9l y de su equipo\u201d. De esta forma, esta administraci\u00f3n contin\u00faa trabajando por entregar m\u00e1s y mejores espacios para que las organizaciones de la comuna y las vecinas y vecinos puedan desarrollar sus actividades y forjar comunidad.<\/p>\n<\/div><\/section><\/div><div  style='height:50px' class='hr hr-invisible   avia-builder-el-6  el_after_av_one_full  el_before_av_social_share '><span class='hr-inner ' ><span class='hr-inner-style'><\/span><\/span><\/div><\/p>\n<div  class='av-social-sharing-box  avia-builder-el-7  el_after_av_hr  el_before_av_hr  '><div class='av-share-box'><h5 class='av-share-link-description av-no-toc '>Compartir esta noticia<\/h5><ul class='av-share-box-list noLightbox'><li class='av-share-link av-social-link-facebook' ><a target=\"_blank\" aria-label=\"Compartir en Facebook\" href='https:\/\/www.facebook.com\/sharer.php?u=https:\/\/radiorevelacionfm.cl\/?p=30423&#038;t=Firman%20convenio%20con%20Club%20de%20Adulto%20Mayor%20%E2%80%9CDejando%20Huellas%E2%80%9D%20para%20entrega%20de%20sede%20en%20comodato' aria-hidden='false' data-av_icon='\ue8f3' data-av_iconfont='entypo-fontello' title='' data-avia-related-tooltip='Compartir en Facebook' rel=\"noopener\"><span class='avia_hidden_link_text'>Compartir en Facebook<\/span><\/a><\/li><li class='av-share-link av-social-link-twitter' ><a target=\"_blank\" aria-label=\"Compartir en Twitter\" href='https:\/\/twitter.com\/share?text=Firman%20convenio%20con%20Club%20de%20Adulto%20Mayor%20%E2%80%9CDejando%20Huellas%E2%80%9D%20para%20entrega%20de%20sede%20en%20comodato&#038;url=https:\/\/radiorevelacionfm.cl\/?p=30423' aria-hidden='false' data-av_icon='\ue8f1' data-av_iconfont='entypo-fontello' title='' data-avia-related-tooltip='Compartir en Twitter' rel=\"noopener\"><span class='avia_hidden_link_text'>Compartir en Twitter<\/span><\/a><\/li><li class='av-share-link av-social-link-whatsapp' ><a target=\"_blank\" aria-label=\"Compartir en Whatsapp\" href='https:\/\/api.whatsapp.com\/send?text=https:\/\/radiorevelacionfm.cl\/?p=30423' aria-hidden='false' data-av_icon='\uf232' data-av_iconfont='entypo-fontello' title='' data-avia-related-tooltip='Compartir en Whatsapp' rel=\"noopener\"><span class='avia_hidden_link_text'>Compartir en Whatsapp<\/span><\/a><\/li><li class='av-share-link av-social-link-linkedin' ><a target=\"_blank\" aria-label=\"Compartir en LinkedIn\" href='https:\/\/linkedin.com\/shareArticle?mini=true&#038;title=Firman%20convenio%20con%20Club%20de%20Adulto%20Mayor%20%E2%80%9CDejando%20Huellas%E2%80%9D%20para%20entrega%20de%20sede%20en%20comodato&#038;url=https:\/\/radiorevelacionfm.cl\/?p=30423' aria-hidden='false' data-av_icon='\ue8fc' data-av_iconfont='entypo-fontello' title='' data-avia-related-tooltip='Compartir en LinkedIn' rel=\"noopener\"><span class='avia_hidden_link_text'>Compartir en LinkedIn<\/span><\/a><\/li><li class='av-share-link av-social-link-mail' ><a  aria-label=\"Compartir por correo\" href='mailto:?subject=Firman%20convenio%20con%20Club%20de%20Adulto%20Mayor%20%E2%80%9CDejando%20Huellas%E2%80%9D%20para%20entrega%20de%20sede%20en%20comodato&#038;body=https:\/\/radiorevelacionfm.cl\/?p=30423' aria-hidden='false' data-av_icon='\ue805' data-av_iconfont='entypo-fontello' title='' data-avia-related-tooltip='Compartir por correo'><span class='avia_hidden_link_text'>Compartir por correo<\/span><\/a><\/li><\/ul><\/div><\/div>\n<div  style='height:50px' class='hr hr-invisible   avia-builder-el-8  el_after_av_social_share  el_before_av_comments_list '><span class='hr-inner ' ><span class='hr-inner-style'><\/span><\/span><\/div>\n<div  class='av-buildercomment  av-blog-meta-html-info-disabled av-blog-meta-tag-disabled  '><\/div>\n","protected":false},"excerpt":{"rendered":"","protected":false},"author":1,"featured_media":30424,"comment_status":"open","ping_status":"open","sticky":false,"template":"","format":"standard","meta":{"footnotes":""},"categories":[38],"tags":[],"class_list":["post-30423","post","type-post","status-publish","format-standard","has-post-thumbnail","hentry","category-regional"],"jetpack_featured_media_url":"https:\/\/radiorevelacionfm.cl\/wp-content\/uploads\/2023\/04\/ALCALDE-CAM-DEJANDO-HUELLAS_-4-1-1.jpg","_links":{"self":[{"href":"https:\/\/radiorevelacionfm.cl\/index.php?rest_route=\/wp\/v2\/posts\/30423","targetHints":{"allow":["GET"]}}],"collection":[{"href":"https:\/\/radiorevelacionfm.cl\/index.php?rest_route=\/wp\/v2\/posts"}],"about":[{"href":"https:\/\/radiorevelacionfm.cl\/index.php?rest_route=\/wp\/v2\/types\/post"}],"author":[{"embeddable":true,"href":"https:\/\/radiorevelacionfm.cl\/index.php?rest_route=\/wp\/v2\/users\/1"}],"replies":[{"embeddable":true,"href":"https:\/\/radiorevelacionfm.cl\/index.php?rest_route=%2Fwp%2Fv2%2Fcomments&post=30423"}],"version-history":[{"count":1,"href":"https:\/\/radiorevelacionfm.cl\/index.php?rest_route=\/wp\/v2\/posts\/30423\/revisions"}],"predecessor-version":[{"id":30425,"href":"https:\/\/radiorevelacionfm.cl\/index.php?rest_route=\/wp\/v2\/posts\/30423\/revisions\/30425"}],"wp:featuredmedia":[{"embeddable":true,"href":"https:\/\/radiorevelacionfm.cl\/index.php?rest_route=\/wp\/v2\/media\/30424"}],"wp:attachment":[{"href":"https:\/\/radiorevelacionfm.cl\/index.php?rest_route=%2Fwp%2Fv2%2Fmedia&parent=30423"}],"wp:term":[{"taxonomy":"category","embeddable":true,"href":"https:\/\/radiorevelacionfm.cl\/index.php?rest_route=%2Fwp%2Fv2%2Fcategories&post=30423"},{"taxonomy":"post_tag","embeddable":true,"href":"https:\/\/radiorevelacionfm.cl\/index.php?rest_route=%2Fwp%2Fv2%2Ftags&post=30423"}],"curies":[{"name":"wp","href":"https:\/\/api.w.org\/{rel}","templated":true}]}}