{"id":30420,"date":"2023-04-25T13:17:36","date_gmt":"2023-04-25T16:17:36","guid":{"rendered":"https:\/\/radiorevelacionfm.cl\/?p=30420"},"modified":"2023-04-25T13:17:36","modified_gmt":"2023-04-25T16:17:36","slug":"sernatur-ratifica-acciones-para-fomentar-las-zonas-de-interes-turistico-aysen-patagonia-queulat-glaciares-y-chelenko","status":"publish","type":"post","link":"https:\/\/radiorevelacionfm.cl\/?p=30420","title":{"rendered":"Sernatur ratifica acciones para fomentar las Zonas de Inter\u00e9s Tur\u00edstico Ays\u00e9n Patagonia Queulat, Glaciares y Chelenko"},"content":{"rendered":"<div class=\"flex_column av_one_full  flex_column_div av-zero-column-padding first  avia-builder-el-0  el_before_av_one_full  avia-builder-el-first  \" style='border-radius:0px; '><div  class='avia-image-container  av-styling-    avia-builder-el-1  avia-builder-el-no-sibling  avia-align-center '  itemprop=\"image\" itemscope=\"itemscope\" itemtype=\"https:\/\/schema.org\/ImageObject\"  ><div class='avia-image-container-inner'><div class='avia-image-overlay-wrap'><img decoding=\"async\" class='wp-image-30421 avia-img-lazy-loading-not-30421 avia_image' src=\"https:\/\/radiorevelacionfm.cl\/wp-content\/uploads\/2023\/04\/zoit2-1-1.jpg\" alt='' title='zoit2 (1) (1)' height=\"600\" width=\"800\"  itemprop=\"thumbnailUrl\" srcset=\"https:\/\/radiorevelacionfm.cl\/wp-content\/uploads\/2023\/04\/zoit2-1-1.jpg 800w, https:\/\/radiorevelacionfm.cl\/wp-content\/uploads\/2023\/04\/zoit2-1-1-300x225.jpg 300w, https:\/\/radiorevelacionfm.cl\/wp-content\/uploads\/2023\/04\/zoit2-1-1-768x576.jpg 768w, https:\/\/radiorevelacionfm.cl\/wp-content\/uploads\/2023\/04\/zoit2-1-1-705x529.jpg 705w, https:\/\/radiorevelacionfm.cl\/wp-content\/uploads\/2023\/04\/zoit2-1-1-450x338.jpg 450w, https:\/\/radiorevelacionfm.cl\/wp-content\/uploads\/2023\/04\/zoit2-1-1-600x450.jpg 600w\" sizes=\"(max-width: 800px) 100vw, 800px\" \/><\/div><\/div><\/div><\/div><div class=\"flex_column av_one_full  flex_column_div av-zero-column-padding first  avia-builder-el-2  el_after_av_one_full  el_before_av_one_full  column-top-margin\" style='border-radius:0px; '><section class=\"av_textblock_section \"  itemscope=\"itemscope\" itemtype=\"https:\/\/schema.org\/BlogPosting\" itemprop=\"blogPost\" ><div class='avia_textblock  '   itemprop=\"text\" ><p style=\"text-align: center;\"><strong><span style=\"font-size: 18pt;\">Sernatur ratifica acciones para fomentar las Zonas de Inter\u00e9s Tur\u00edstico Ays\u00e9n Patagonia Queulat, Glaciares y Chelenko <\/span><\/strong><\/p>\n<div id=\"gtx-trans\" style=\"position: absolute; left: -50px; top: 4.31534px;\">\n<div class=\"gtx-trans-icon\"><\/div>\n<\/div>\n<\/div><\/section><\/div><div class=\"flex_column av_one_full  flex_column_div av-zero-column-padding first  avia-builder-el-4  el_after_av_one_full  el_before_av_hr  column-top-margin\" style='border-radius:0px; '><section class=\"av_textblock_section \"  itemscope=\"itemscope\" itemtype=\"https:\/\/schema.org\/BlogPosting\" itemprop=\"blogPost\" ><div class='avia_textblock  '   itemprop=\"text\" ><p class=\"v1MsoNormal v1ContentPasted1\" style=\"text-align: justify;\">Un positivo resultado se ha logrado con el primer encuentro de este a\u00f1o que lidera\u00a0<span class=\"v1ContentPasted1\">\u00a0<\/span>Sernatur Ays\u00e9n a trav\u00e9s del\u00a0<span class=\"v1ContentPasted1\" lang=\"ES\">Programa Gesti\u00f3n Destino Tur\u00edstico Ays\u00e9n Patagonia,<\/span>\u00a0con los Directorios P\u00fablico \u2013 Privado de Zona de Inter\u00e9s Tur\u00edstico (Zoit) Glaciares y Chelenko, respectivamente.<\/p>\n<p class=\"v1MsoNormal v1ContentPasted1\" style=\"text-align: justify;\">La reuni\u00f3n que se inici\u00f3 en Cochrane y que termina este viernes 28 con el directorio Zoit Ays\u00e9n Patagonia Queulat en Villa Amengual, tuvo como objetivo conocer los compromisos de entidades p\u00fablicas y privadas asociadas a los planes ZOIT, para lograr el posicionamiento de los territorios y su gobernanza en diversas instancias.<\/p>\n<p class=\"v1MsoNormal v1ContentPasted1\" style=\"text-align: justify;\">El trabajo coordinado al alero del directorio p\u00fablico privado, ha ido abriendo un espacio de participaci\u00f3n a nuevos actores, gremios e instancias de representaci\u00f3n territorial m\u00e1s all\u00e1 de la capital regional. Esto ha permitido ir incorporando a diversas mesas de coordinaci\u00f3n y gobernanza.<\/p>\n<p class=\"v1MsoNormal v1ContentPasted1\" style=\"text-align: justify;\">Consuelo Andrade, presidenta Corporaci\u00f3n Glaciares, evalu\u00f3 positivamente la reuni\u00f3n valorando la buena convocatoria con representantes de Cochrane, Tortel y Villa O&#8217;Higgins\u00a0<span class=\"v1ContentPasted1\">\u00a0<\/span>\u00abTenemos una visi\u00f3n del territorio, queremos definir cu\u00e1l es el turismo que buscamos y cu\u00e1l no y sabemos que tenemos que trabajar para eso\u00bb, la dirigenta agreg\u00f3 que \u00abNecesitamos que ocurra la descentralizaci\u00f3n, que las autoridades se trasladen y escuchen lo que tenemos que decir las bases y si, extra\u00f1amos a los seremis porque discutimos varios temas que son importantes para nosotros y sabemos que nos queda trabajo\u00bb.<\/p>\n<p class=\"v1MsoNormal v1ContentPasted1\" style=\"text-align: justify;\">\u00abEs la primera vez que participo en la Zoit\u00bb coment\u00f3 Rolando Arratia\u00a0<span class=\"v1ContentPasted1\">\u00a0<\/span>de la C\u00e1mara de Turismo de Villa O\u00b4Higgins quien a su juicio tras la cita \u00abse marc\u00f3 en grande el territorio con la presencia de las 3 comunas\u00bb, lo que fue compartido por el alcalde de Tortel, Abel Becerra \u00abNos interesa mucho como municipio interiorizarnos, saber qu\u00e9 es lo que est\u00e1n pensando nuestros prestadores de servicios tur\u00edsticos, nos interesa seguir participando ya que la conversaci\u00f3n de hoy fue centrada en pensar en convertirnos a futuro en un gran destino tur\u00edstico como provincia de Los Glaciares\u00bb.<\/p>\n<p class=\"v1MsoNormal v1ContentPasted1\" style=\"text-align: justify;\">Poder organizar y establecer las bases de trabajo para este 2023 es lo que destac\u00f3 Sandra Navarro, directora (S) de Sernatur Ays\u00e9n tras concluir las reuniones \u00abLogramos una gran convocatoria<span class=\"v1ContentPasted1\">\u00a0\u00a0<\/span>de p\u00fablicos y privados y, se manifestaron los aportes de cada uno<span class=\"v1ContentPasted1\">\u00a0\u00a0<\/span>de los sectores para cumplir con las acciones que contiene nuestro plan, que adem\u00e1s<span class=\"v1ContentPasted1\">\u00a0\u00a0<\/span>responde a\u00a0\u00a0la solicitud del gobierno regional y Sernatur de retomar acciones presenciales en los territorios para levantar requerimientos y activar la econom\u00eda local\u00bb se\u00f1al\u00f3.<\/p>\n<p class=\"v1MsoNormal v1ContentPasted1\" style=\"text-align: justify;\">Luego de trasladarse el equipo Sernatur de Cochrane a Puerto S\u00e1nchez para desarrollar el siguiente directorio Zoit, la presidenta de la Corporaci\u00f3n Chelenko Jasmia Y\u00e1\u00f1ez aprob\u00f3 la cita \u00abFue una muy buena reuni\u00f3n, se conversaron muchas tem\u00e1ticas y nos falt\u00f3 tiempo para abordar todo lo que esper\u00e1bamos ojal\u00e1 tengamos mayor participaci\u00f3n presencial de las autoridades\u00a0<span class=\"v1ContentPasted1\">\u00a0<\/span>y no v\u00eda remota, porque es importante reunirnos mir\u00e1ndonos a las caras y trabajar juntos por el desarrollo tur\u00edstico sustentable en este querido territorio Chelenko\u00bb.<\/p>\n<p class=\"v1MsoNormal\" style=\"text-align: justify;\"><b class=\"v1ContentPasted1\">Desaf\u00edos en las Zonas de Inter\u00e9s Tur\u00edstico y entidades p\u00fablicas\u00a0<\/b><\/p>\n<p class=\"v1MsoNormal v1ContentPasted1\" style=\"text-align: justify;\">Continuar desarroll\u00e1ndose en el \u00e1mbito tur\u00edstico y de forma sustentable es uno de los objetivos transversales por parte de las tres Zoit Ays\u00e9n Patagonia Queulat, Chelenko y Glaciares. Compromisos que tambi\u00e9n han sido ratificados por las autoridades p\u00fablicas con la entrega de acciones concretas en pos de los territorios.<\/p>\n<p class=\"v1MsoNormal v1ContentPasted1\" style=\"text-align: justify;\">En este sentido los delegados presidenciales provinciales de General Carrera Crist\u00f3bal Barcel\u00f3 y Capit\u00e1n Prat, Marta Montiel reforzaron el compromiso de gobierno, se\u00f1alando esta \u00faltima que \u00abLa Zoit Glaciares ha sido una de las organizaciones<span class=\"v1ContentPasted1\">\u00a0\u00a0<\/span>fundamentales en todo lo que es la planificaci\u00f3n y los programas de trabajos que se est\u00e1n desarrollando en el \u00e1mbito tur\u00edstico. Seguiremos acompa\u00f1ando estos espacios de participaci\u00f3n ciudadana en este caso a los emprendedores y empresarios tur\u00edsticos de toda la provincia quienes son sustento fundamental de la econom\u00eda local\u00bb, agregando Crist\u00f3bal Barcel\u00f3 que \u00abAc\u00e1 tiene que haber un trabajo corporativo de todos los actores que tengan que ver con un desarrollo productivo desde<span class=\"v1ContentPasted1\">\u00a0\u00a0<\/span>peque\u00f1a a gran escala, pero siempre teniendo en cuenta la conservaci\u00f3n de los ecosistemas y por supuesto, protegiendo de buena manera que el desarrollo que vayamos teniendo no entorpezca nuestro medio ambiente\u00bb.<\/p>\n<p class=\"v1MsoNormal v1ContentPasted1\" style=\"text-align: justify;\">Patricio Sanhueza Seremi MOP, quien expuso en el directorio Zoit Chelenko destac\u00f3 que \u00abEstamos participando de las tres Zoit, es una instancia muy productiva por cuanto avanzamos en el trabajo colaborativo p\u00fablico y privado. Nosotros hemos dado cuenta de los avances de nuestro plan y tambi\u00e9n este di\u00e1logo ciudadano permite reafirmar prioridades que se gestan desde los territorios\u00bb.<\/p>\n<p class=\"v1MsoNormal v1ContentPasted1\" style=\"text-align: justify;\">Hay que destacar que las Zoit Ays\u00e9n Patagonia Queulat, Chelenko y Glaciares trabajan estrat\u00e9gicamente en cinco l\u00edneas, siendo la sustentabilidad el eje central de todas ellas para el desarrollo tur\u00edstico de la regi\u00f3n. Adicionalmente est\u00e1n las l\u00edneas de equipamiento e infraestructura, la l\u00ednea de promoci\u00f3n, desarrollo de productos y experiencias, capital humano y gobernanza.<\/p>\n<\/div><\/section><\/div><div  style='height:50px' class='hr hr-invisible   avia-builder-el-6  el_after_av_one_full  el_before_av_social_share '><span class='hr-inner ' ><span class='hr-inner-style'><\/span><\/span><\/div><\/p>\n<div  class='av-social-sharing-box  avia-builder-el-7  el_after_av_hr  el_before_av_hr  '><div class='av-share-box'><h5 class='av-share-link-description av-no-toc '>Compartir esta noticia<\/h5><ul class='av-share-box-list noLightbox'><li class='av-share-link av-social-link-facebook' ><a target=\"_blank\" aria-label=\"Compartir en Facebook\" href='https:\/\/www.facebook.com\/sharer.php?u=https:\/\/radiorevelacionfm.cl\/?p=30420&#038;t=Sernatur%20ratifica%20acciones%20para%20fomentar%20las%20Zonas%20de%20Inter%C3%A9s%20Tur%C3%ADstico%20Ays%C3%A9n%20Patagonia%20Queulat%2C%20Glaciares%20y%20Chelenko' aria-hidden='false' data-av_icon='\ue8f3' data-av_iconfont='entypo-fontello' title='' data-avia-related-tooltip='Compartir en Facebook' rel=\"noopener\"><span class='avia_hidden_link_text'>Compartir en Facebook<\/span><\/a><\/li><li class='av-share-link av-social-link-twitter' ><a target=\"_blank\" aria-label=\"Compartir en Twitter\" href='https:\/\/twitter.com\/share?text=Sernatur%20ratifica%20acciones%20para%20fomentar%20las%20Zonas%20de%20Inter%C3%A9s%20Tur%C3%ADstico%20Ays%C3%A9n%20Patagonia%20Queulat%2C%20Glaciares%20y%20Chelenko&#038;url=https:\/\/radiorevelacionfm.cl\/?p=30420' aria-hidden='false' data-av_icon='\ue8f1' data-av_iconfont='entypo-fontello' title='' data-avia-related-tooltip='Compartir en Twitter' rel=\"noopener\"><span class='avia_hidden_link_text'>Compartir en Twitter<\/span><\/a><\/li><li class='av-share-link av-social-link-whatsapp' ><a target=\"_blank\" aria-label=\"Compartir en Whatsapp\" href='https:\/\/api.whatsapp.com\/send?text=https:\/\/radiorevelacionfm.cl\/?p=30420' aria-hidden='false' data-av_icon='\uf232' data-av_iconfont='entypo-fontello' title='' data-avia-related-tooltip='Compartir en Whatsapp' rel=\"noopener\"><span class='avia_hidden_link_text'>Compartir en Whatsapp<\/span><\/a><\/li><li class='av-share-link av-social-link-linkedin' ><a target=\"_blank\" aria-label=\"Compartir en LinkedIn\" href='https:\/\/linkedin.com\/shareArticle?mini=true&#038;title=Sernatur%20ratifica%20acciones%20para%20fomentar%20las%20Zonas%20de%20Inter%C3%A9s%20Tur%C3%ADstico%20Ays%C3%A9n%20Patagonia%20Queulat%2C%20Glaciares%20y%20Chelenko&#038;url=https:\/\/radiorevelacionfm.cl\/?p=30420' aria-hidden='false' data-av_icon='\ue8fc' data-av_iconfont='entypo-fontello' title='' data-avia-related-tooltip='Compartir en LinkedIn' rel=\"noopener\"><span class='avia_hidden_link_text'>Compartir en LinkedIn<\/span><\/a><\/li><li class='av-share-link av-social-link-mail' ><a  aria-label=\"Compartir por correo\" href='mailto:?subject=Sernatur%20ratifica%20acciones%20para%20fomentar%20las%20Zonas%20de%20Inter%C3%A9s%20Tur%C3%ADstico%20Ays%C3%A9n%20Patagonia%20Queulat%2C%20Glaciares%20y%20Chelenko&#038;body=https:\/\/radiorevelacionfm.cl\/?p=30420' aria-hidden='false' data-av_icon='\ue805' data-av_iconfont='entypo-fontello' title='' data-avia-related-tooltip='Compartir por correo'><span class='avia_hidden_link_text'>Compartir por correo<\/span><\/a><\/li><\/ul><\/div><\/div>\n<div  style='height:50px' class='hr hr-invisible   avia-builder-el-8  el_after_av_social_share  el_before_av_comments_list '><span class='hr-inner ' ><span class='hr-inner-style'><\/span><\/span><\/div>\n<div  class='av-buildercomment  av-blog-meta-html-info-disabled av-blog-meta-tag-disabled  '><\/div>\n","protected":false},"excerpt":{"rendered":"","protected":false},"author":1,"featured_media":30421,"comment_status":"open","ping_status":"open","sticky":false,"template":"","format":"standard","meta":{"footnotes":""},"categories":[54],"tags":[],"class_list":["post-30420","post","type-post","status-publish","format-standard","has-post-thumbnail","hentry","category-turismo"],"jetpack_featured_media_url":"https:\/\/radiorevelacionfm.cl\/wp-content\/uploads\/2023\/04\/zoit2-1-1.jpg","_links":{"self":[{"href":"https:\/\/radiorevelacionfm.cl\/index.php?rest_route=\/wp\/v2\/posts\/30420","targetHints":{"allow":["GET"]}}],"collection":[{"href":"https:\/\/radiorevelacionfm.cl\/index.php?rest_route=\/wp\/v2\/posts"}],"about":[{"href":"https:\/\/radiorevelacionfm.cl\/index.php?rest_route=\/wp\/v2\/types\/post"}],"author":[{"embeddable":true,"href":"https:\/\/radiorevelacionfm.cl\/index.php?rest_route=\/wp\/v2\/users\/1"}],"replies":[{"embeddable":true,"href":"https:\/\/radiorevelacionfm.cl\/index.php?rest_route=%2Fwp%2Fv2%2Fcomments&post=30420"}],"version-history":[{"count":1,"href":"https:\/\/radiorevelacionfm.cl\/index.php?rest_route=\/wp\/v2\/posts\/30420\/revisions"}],"predecessor-version":[{"id":30422,"href":"https:\/\/radiorevelacionfm.cl\/index.php?rest_route=\/wp\/v2\/posts\/30420\/revisions\/30422"}],"wp:featuredmedia":[{"embeddable":true,"href":"https:\/\/radiorevelacionfm.cl\/index.php?rest_route=\/wp\/v2\/media\/30421"}],"wp:attachment":[{"href":"https:\/\/radiorevelacionfm.cl\/index.php?rest_route=%2Fwp%2Fv2%2Fmedia&parent=30420"}],"wp:term":[{"taxonomy":"category","embeddable":true,"href":"https:\/\/radiorevelacionfm.cl\/index.php?rest_route=%2Fwp%2Fv2%2Fcategories&post=30420"},{"taxonomy":"post_tag","embeddable":true,"href":"https:\/\/radiorevelacionfm.cl\/index.php?rest_route=%2Fwp%2Fv2%2Ftags&post=30420"}],"curies":[{"name":"wp","href":"https:\/\/api.w.org\/{rel}","templated":true}]}}