{"id":30410,"date":"2023-04-25T11:02:03","date_gmt":"2023-04-25T14:02:03","guid":{"rendered":"https:\/\/radiorevelacionfm.cl\/?p=30410"},"modified":"2023-04-25T11:02:03","modified_gmt":"2023-04-25T14:02:03","slug":"gobernadora-destaca-historica-primera-jornada-del-enlac-iniciativas-como-esta-buscan-poner-en-agenda-publica-temas-relevantes-para-las-mujeres-rurales","status":"publish","type":"post","link":"https:\/\/radiorevelacionfm.cl\/?p=30410","title":{"rendered":"Gobernadora destaca hist\u00f3rica primera jornada del ENLAC: \u00abIniciativas como esta buscan poner en agenda p\u00fablica temas relevantes para las mujeres rurales\u00bb"},"content":{"rendered":"<div class=\"flex_column av_one_full  flex_column_div av-zero-column-padding first  avia-builder-el-0  el_before_av_one_full  avia-builder-el-first  \" style='border-radius:0px; '><div  class='avia-image-container  av-styling-    avia-builder-el-1  avia-builder-el-no-sibling  avia-align-center '  itemprop=\"image\" itemscope=\"itemscope\" itemtype=\"https:\/\/schema.org\/ImageObject\"  ><div class='avia-image-container-inner'><div class='avia-image-overlay-wrap'><img decoding=\"async\" class='wp-image-30411 avia-img-lazy-loading-not-30411 avia_image' src=\"https:\/\/radiorevelacionfm.cl\/wp-content\/uploads\/2023\/04\/ENLAC-2-1-1.jpg\" alt='' title='ENLAC 2 (1) (1)' height=\"600\" width=\"900\"  itemprop=\"thumbnailUrl\" srcset=\"https:\/\/radiorevelacionfm.cl\/wp-content\/uploads\/2023\/04\/ENLAC-2-1-1.jpg 900w, https:\/\/radiorevelacionfm.cl\/wp-content\/uploads\/2023\/04\/ENLAC-2-1-1-300x200.jpg 300w, https:\/\/radiorevelacionfm.cl\/wp-content\/uploads\/2023\/04\/ENLAC-2-1-1-768x512.jpg 768w, https:\/\/radiorevelacionfm.cl\/wp-content\/uploads\/2023\/04\/ENLAC-2-1-1-705x470.jpg 705w, https:\/\/radiorevelacionfm.cl\/wp-content\/uploads\/2023\/04\/ENLAC-2-1-1-450x300.jpg 450w, https:\/\/radiorevelacionfm.cl\/wp-content\/uploads\/2023\/04\/ENLAC-2-1-1-600x400.jpg 600w\" sizes=\"(max-width: 900px) 100vw, 900px\" \/><\/div><\/div><\/div><\/div><div class=\"flex_column av_one_full  flex_column_div av-zero-column-padding first  avia-builder-el-2  el_after_av_one_full  el_before_av_one_full  column-top-margin\" style='border-radius:0px; '><section class=\"av_textblock_section \"  itemscope=\"itemscope\" itemtype=\"https:\/\/schema.org\/BlogPosting\" itemprop=\"blogPost\" ><div class='avia_textblock  '   itemprop=\"text\" ><p style=\"text-align: center;\"><strong><span style=\"font-size: 18pt;\">Gobernadora destaca hist\u00f3rica primera jornada del ENLAC: \u00abIniciativas como esta buscan poner en agenda p\u00fablica temas relevantes para las mujeres rurales\u00bb<\/span><\/strong><\/p>\n<div id=\"gtx-trans\" style=\"position: absolute; left: -50px; top: 4.31534px;\">\n<div class=\"gtx-trans-icon\"><\/div>\n<\/div>\n<\/div><\/section><\/div><div class=\"flex_column av_one_full  flex_column_div av-zero-column-padding first  avia-builder-el-4  el_after_av_one_full  el_before_av_hr  column-top-margin\" style='border-radius:0px; '><section class=\"av_textblock_section \"  itemscope=\"itemscope\" itemtype=\"https:\/\/schema.org\/BlogPosting\" itemprop=\"blogPost\" ><div class='avia_textblock  '   itemprop=\"text\" ><p dir=\"ltr\" style=\"text-align: justify;\">Este lunes 24 de abril, con un Centro Cultural de Coyhaique repleto de banderas y representantes de todo el continente, comenz\u00f3 el V Encuentro Latinoamericano y del Caribe de Mujeres Rurales (V ENLAC), que continuar\u00e1 hasta el viernes en la capital regional de Ays\u00e9n.<\/p>\n<p dir=\"ltr\" style=\"text-align: justify;\">\u00abEs posible gracias al trabajo colaborativo de muchas instituciones y organizaciones, donde es la Asociaci\u00f3n Gremial (AG) de Mujeres Campesinas, a trav\u00e9s del 8% del FNDR del Gobierno Regional, que puede llevar adelante esta actividad con todo el compromiso nuestro. Desear el mayor de los \u00e9xitos a iniciativas como esta desde la Patagonia, que buscan promover un trabajo serio, un trabajo pol\u00edtico, que ponga en la agenda p\u00fablica aquellos temas que son relevantes para las mujeres rurales\u00bb, recalc\u00f3 la Gobernadora Andrea Mac\u00edas Palma.<\/p>\n<p dir=\"ltr\" style=\"text-align: justify;\">Adem\u00e1s de la primera autoridad Regional de Ays\u00e9n, a la ceremonia de inauguraci\u00f3n asisti\u00f3: el Alcalde de la Municipalidad de Coyhaique, Carlos Gatica; el Delegado Presidencial Regional, Rodrigo Araya; el Secretario Regional Ministerial (Seremi) de Agricultura, Alan Espinoza; y las Consejeras Regionales Paula Acu\u00f1a y Lilian Inostroza; y la presidenta de la AG de Mujeres Campesinas de la Patagonia, Guillermina Miranda. Por su parte, desde el nivel central estuvo presente el director nacional de Instituto de Desarrollo Agropecuario (INDAP), Santiago Rojas, mientras que desde el extranjero destac\u00f3 la presencia de Luz Haro, secretaria ejecutiva de la Red Latinoamericana y del Caribe de Mujeres Rurales (Red LAC), y la directora de ONU Mujeres Guatemala, Moni Pizani, entre otras.<\/p>\n<p dir=\"ltr\" style=\"text-align: justify;\">\u00abDe aqu\u00ed en adelante esperamos escuchar, tambi\u00e9n ver, si las propuestas que tenemos como Municipio se acoplan o si hay que cambiar algunos aspectos, precisamente para poder fortalecer a nuestras mujeres del sector rural, fortalecer el desarrollo productivo y el encadenamiento liderado por ellas y, por supuesto, poder generar una comuna m\u00e1s equitativa y m\u00e1s igualitaria en todo aspecto\u00bb, se\u00f1al\u00f3 al Alcalde de Coyhaique, Carlos Gatica.<\/p>\n<p dir=\"ltr\" style=\"text-align: justify;\">La Red LAC es una asociaci\u00f3n de organizaciones a nivel latinoamericano y del Caribe que, desde su creaci\u00f3n en el a\u00f1o 1990, ha puesto \u00e9nfasis en discutir y dar a conocer diferentes temas relacionados con las mujeres rurales, enfocados en seis ejes que se abordar\u00e1n dentro del encuentro en la ciudad de Coyhaique: i) El Agua, nacimiento, vida y muerte; ii) Violencia contra las mujeres y derechos; iii) Tierra, producci\u00f3n y trabajo; iv) Participaci\u00f3n pol\u00edtica de las mujeres en la ruralidad; v) Comunicaci\u00f3n Comunitaria; vi) Cambio clim\u00e1tico.<\/p>\n<p dir=\"ltr\" style=\"text-align: justify;\">\u00abDesde el Ministerio de Agricultura nosotros hemos querido estar presentes desde un comienzo, a trav\u00e9s dels INDAP, de la Fundaci\u00f3n para la Innovaci\u00f3n Agraria (FIA), del Instituto Forestal (INFOR), de todos los servicios que han estado trabajando colaborativamente para tener este tremendo encuentro en nuestra regi\u00f3n. Es sencillamente un privilegio y un honor, aun cuando nosotros tenemos principios tan esenciales como la seguridad y la soberan\u00eda alimentaria de nuestra regi\u00f3n, seguir trabajando en conjunto con todos, mirando la visi\u00f3n no s\u00f3lo de nuestras productoras sino tambi\u00e9n de productoras que vienen de toda Am\u00e9rica Latina y del Caribe\u00bb, expres\u00f3 el Seremi de Agricultura de la Regi\u00f3n de Ays\u00e9n, Alan Espinoza.<\/p>\n<p dir=\"ltr\" style=\"text-align: justify;\">Despu\u00e9s de la apertura de esta jornada inaugural, sigui\u00f3 un homenaje a las embajadoras y embajadores de la D\u00e9cada de las Mujeres Rurales, para luego dar paso a la charla magistral y trabajo del primer eje tem\u00e1tico, ambas actividades abiertas al p\u00fablico. La programaci\u00f3n completa del V ENLAC, con el detalle de la planificaci\u00f3n de todas las jornadas de esta semana, se encuentra disponible en el sitio web: <a href=\"http:\/\/www.enlac.cl\/\" target=\"_blank\" rel=\"noopener noreferrer\">www.enlac.cl<\/a>.<\/p>\n<p dir=\"ltr\" style=\"text-align: justify;\">\u00abReunirnos ac\u00e1, gracias a la principal anfitriona, la se\u00f1ora Gobernadora, y a do\u00f1a Guillermina, es el gran reencuentro luego de una larga crisis de pandemia. Y decir que nosotras, las mujeres rurales, desde cada uno de los pa\u00edses, hemos contribuido inmensamente en el cuidado de la vida, de la producci\u00f3n, de la alimentaci\u00f3n para abastecer a nuestras poblaciones, as\u00ed que, las mujeres han dejado todo su quehacer en cada uno de sus espacios, en sus casas y sus pa\u00edses, para estar ac\u00e1\u00bb, manifest\u00f3 la secretaria ejecutiva de la Red LAC, Luz Haro.<\/p>\n<\/div><\/section><\/div><div  style='height:50px' class='hr hr-invisible   avia-builder-el-6  el_after_av_one_full  el_before_av_social_share '><span class='hr-inner ' ><span class='hr-inner-style'><\/span><\/span><\/div><\/p>\n<div  class='av-social-sharing-box  avia-builder-el-7  el_after_av_hr  el_before_av_hr  '><div class='av-share-box'><h5 class='av-share-link-description av-no-toc '>Compartir esta noticia<\/h5><ul class='av-share-box-list noLightbox'><li class='av-share-link av-social-link-facebook' ><a target=\"_blank\" aria-label=\"Compartir en Facebook\" href='https:\/\/www.facebook.com\/sharer.php?u=https:\/\/radiorevelacionfm.cl\/?p=30410&#038;t=Gobernadora%20destaca%20hist%C3%B3rica%20primera%20jornada%20del%20ENLAC%3A%20%C2%ABIniciativas%20como%20esta%20buscan%20poner%20en%20agenda%20p%C3%BAblica%20temas%20relevantes%20para%20las%20mujeres%20rurales%C2%BB' aria-hidden='false' data-av_icon='\ue8f3' data-av_iconfont='entypo-fontello' title='' data-avia-related-tooltip='Compartir en Facebook' rel=\"noopener\"><span class='avia_hidden_link_text'>Compartir en Facebook<\/span><\/a><\/li><li class='av-share-link av-social-link-twitter' ><a target=\"_blank\" aria-label=\"Compartir en Twitter\" href='https:\/\/twitter.com\/share?text=Gobernadora%20destaca%20hist%C3%B3rica%20primera%20jornada%20del%20ENLAC%3A%20%C2%ABIniciativas%20como%20esta%20buscan%20poner%20en%20agenda%20p%C3%BAblica%20temas%20relevantes%20para%20las%20mujeres%20rurales%C2%BB&#038;url=https:\/\/radiorevelacionfm.cl\/?p=30410' aria-hidden='false' data-av_icon='\ue8f1' data-av_iconfont='entypo-fontello' title='' data-avia-related-tooltip='Compartir en Twitter' rel=\"noopener\"><span class='avia_hidden_link_text'>Compartir en Twitter<\/span><\/a><\/li><li class='av-share-link av-social-link-whatsapp' ><a target=\"_blank\" aria-label=\"Compartir en Whatsapp\" href='https:\/\/api.whatsapp.com\/send?text=https:\/\/radiorevelacionfm.cl\/?p=30410' aria-hidden='false' data-av_icon='\uf232' data-av_iconfont='entypo-fontello' title='' data-avia-related-tooltip='Compartir en Whatsapp' rel=\"noopener\"><span class='avia_hidden_link_text'>Compartir en Whatsapp<\/span><\/a><\/li><li class='av-share-link av-social-link-linkedin' ><a target=\"_blank\" aria-label=\"Compartir en LinkedIn\" href='https:\/\/linkedin.com\/shareArticle?mini=true&#038;title=Gobernadora%20destaca%20hist%C3%B3rica%20primera%20jornada%20del%20ENLAC%3A%20%C2%ABIniciativas%20como%20esta%20buscan%20poner%20en%20agenda%20p%C3%BAblica%20temas%20relevantes%20para%20las%20mujeres%20rurales%C2%BB&#038;url=https:\/\/radiorevelacionfm.cl\/?p=30410' aria-hidden='false' data-av_icon='\ue8fc' data-av_iconfont='entypo-fontello' title='' data-avia-related-tooltip='Compartir en LinkedIn' rel=\"noopener\"><span class='avia_hidden_link_text'>Compartir en LinkedIn<\/span><\/a><\/li><li class='av-share-link av-social-link-mail' ><a  aria-label=\"Compartir por correo\" href='mailto:?subject=Gobernadora%20destaca%20hist%C3%B3rica%20primera%20jornada%20del%20ENLAC%3A%20%C2%ABIniciativas%20como%20esta%20buscan%20poner%20en%20agenda%20p%C3%BAblica%20temas%20relevantes%20para%20las%20mujeres%20rurales%C2%BB&#038;body=https:\/\/radiorevelacionfm.cl\/?p=30410' aria-hidden='false' data-av_icon='\ue805' data-av_iconfont='entypo-fontello' title='' data-avia-related-tooltip='Compartir por correo'><span class='avia_hidden_link_text'>Compartir por correo<\/span><\/a><\/li><\/ul><\/div><\/div>\n<div  style='height:50px' class='hr hr-invisible   avia-builder-el-8  el_after_av_social_share  el_before_av_comments_list '><span class='hr-inner ' ><span class='hr-inner-style'><\/span><\/span><\/div>\n<div  class='av-buildercomment  av-blog-meta-html-info-disabled av-blog-meta-tag-disabled  '><\/div>\n","protected":false},"excerpt":{"rendered":"","protected":false},"author":1,"featured_media":30411,"comment_status":"open","ping_status":"open","sticky":false,"template":"","format":"standard","meta":{"footnotes":""},"categories":[38],"tags":[],"class_list":["post-30410","post","type-post","status-publish","format-standard","has-post-thumbnail","hentry","category-regional"],"jetpack_featured_media_url":"https:\/\/radiorevelacionfm.cl\/wp-content\/uploads\/2023\/04\/ENLAC-2-1-1.jpg","_links":{"self":[{"href":"https:\/\/radiorevelacionfm.cl\/index.php?rest_route=\/wp\/v2\/posts\/30410","targetHints":{"allow":["GET"]}}],"collection":[{"href":"https:\/\/radiorevelacionfm.cl\/index.php?rest_route=\/wp\/v2\/posts"}],"about":[{"href":"https:\/\/radiorevelacionfm.cl\/index.php?rest_route=\/wp\/v2\/types\/post"}],"author":[{"embeddable":true,"href":"https:\/\/radiorevelacionfm.cl\/index.php?rest_route=\/wp\/v2\/users\/1"}],"replies":[{"embeddable":true,"href":"https:\/\/radiorevelacionfm.cl\/index.php?rest_route=%2Fwp%2Fv2%2Fcomments&post=30410"}],"version-history":[{"count":1,"href":"https:\/\/radiorevelacionfm.cl\/index.php?rest_route=\/wp\/v2\/posts\/30410\/revisions"}],"predecessor-version":[{"id":30412,"href":"https:\/\/radiorevelacionfm.cl\/index.php?rest_route=\/wp\/v2\/posts\/30410\/revisions\/30412"}],"wp:featuredmedia":[{"embeddable":true,"href":"https:\/\/radiorevelacionfm.cl\/index.php?rest_route=\/wp\/v2\/media\/30411"}],"wp:attachment":[{"href":"https:\/\/radiorevelacionfm.cl\/index.php?rest_route=%2Fwp%2Fv2%2Fmedia&parent=30410"}],"wp:term":[{"taxonomy":"category","embeddable":true,"href":"https:\/\/radiorevelacionfm.cl\/index.php?rest_route=%2Fwp%2Fv2%2Fcategories&post=30410"},{"taxonomy":"post_tag","embeddable":true,"href":"https:\/\/radiorevelacionfm.cl\/index.php?rest_route=%2Fwp%2Fv2%2Ftags&post=30410"}],"curies":[{"name":"wp","href":"https:\/\/api.w.org\/{rel}","templated":true}]}}