{"id":3041,"date":"2021-03-01T15:46:54","date_gmt":"2021-03-01T18:46:54","guid":{"rendered":"https:\/\/radiorevelacionfm.cl\/?p=3041"},"modified":"2021-03-01T15:46:54","modified_gmt":"2021-03-01T18:46:54","slug":"corte-de-apelaciones-de-coyhaique-inicio-ano-judicial-2021-con-el-juramento-de-la-ministra-natalia-rencoret-oliva","status":"publish","type":"post","link":"https:\/\/radiorevelacionfm.cl\/?p=3041","title":{"rendered":"Corte de Apelaciones de Coyhaique inici\u00f3 a\u00f1o judicial 2021 con el juramento de la ministra Natalia Rencoret Oliva"},"content":{"rendered":"<div class=\"flex_column av_one_full  flex_column_div av-zero-column-padding first  avia-builder-el-0  el_before_av_one_full  avia-builder-el-first  \" style='border-radius:0px; '><div  class='avia-image-container  av-styling-    avia-builder-el-1  avia-builder-el-no-sibling  avia-align-center '  itemprop=\"image\" itemscope=\"itemscope\" itemtype=\"https:\/\/schema.org\/ImageObject\"  ><div class='avia-image-container-inner'><div class='avia-image-overlay-wrap'><img decoding=\"async\" class='wp-image-0 avia-img-lazy-loading-not-0 avia_image' src=\"https:\/\/radiorevelacionfm.cl\/wp-content\/uploads\/2021\/03\/Foto-001-1.jpg\" alt='' title=''   itemprop=\"thumbnailUrl\"  \/><\/div><\/div><\/div><\/div><div class=\"flex_column av_one_full  flex_column_div av-zero-column-padding first  avia-builder-el-2  el_after_av_one_full  el_before_av_one_full  column-top-margin\" style='border-radius:0px; '><section class=\"av_textblock_section \"  itemscope=\"itemscope\" itemtype=\"https:\/\/schema.org\/BlogPosting\" itemprop=\"blogPost\" ><div class='avia_textblock  '   itemprop=\"text\" ><p style=\"text-align: center;\"><span style=\"font-size: 18pt;\"><strong>Corte de Apelaciones de Coyhaique inici\u00f3 a\u00f1o judicial 2021 con el juramento de la ministra Natalia Rencoret Oliva<\/strong><\/span><\/p>\n<div id=\"gtx-trans\" style=\"position: absolute; left: -50px; top: 4.31534px;\">\n<div class=\"gtx-trans-icon\"><\/div>\n<\/div>\n<\/div><\/section><\/div><div class=\"flex_column av_one_full  flex_column_div av-zero-column-padding first  avia-builder-el-4  el_after_av_one_full  el_before_av_hr  column-top-margin\" style='border-radius:0px; '><section class=\"av_textblock_section \"  itemscope=\"itemscope\" itemtype=\"https:\/\/schema.org\/BlogPosting\" itemprop=\"blogPost\" ><div class='avia_textblock  '   itemprop=\"text\" ><p style=\"font-weight: 400; text-align: justify;\">Con el cambio de presidencia de la Corte de Apelaciones de Coyhaique, se inici\u00f3 hoy- lunes 1 de marzo- el a\u00f1o judicial 2021 en la jurisdicci\u00f3n. En la instancia, el ministro Pedro Castro Espinoza hizo entrega simb\u00f3lica de la \u201ccampanilla\u201d (instrumento para iniciar y concluir audiencias) a la nueva presidenta del tribunal de alzada, ministra Natalia Rencoret Oliva, quien se integr\u00f3 al pleno de ministros en noviembre de 2020.<\/p>\n<p style=\"font-weight: 400; text-align: justify;\">Sobre este nuevo desaf\u00edo, la ministra Rencoret sostuvo que \u201ccon mucha alegr\u00eda y con un gran compromiso asumo la presidencia en esta jurisdicci\u00f3n, que implica una gran responsabilidad por lo que significa liderar el trabajo jurisdiccional, siendo la cara visible del Poder Judicial en Ays\u00e9n\u201d.<\/p>\n<p style=\"font-weight: 400; text-align: justify;\">Sobre el \u00e9nfasis de su gesti\u00f3n, la ministra agreg\u00f3 que \u201cfundamentalmente queremos potenciar el acceso a la justicia, m\u00e1s ahora en pandemia, respetando los protocolos que se han dise\u00f1ado, y buscar y mejorar los mecanismos para que la gente pueda acceder a los tribunales de manera f\u00e1cil para poder ejercer sus derechos. En este sentido valorar el convenio realizado durante el 2020 con Carabineros de Chile para poder desarrollar audiencias desde cualquier recinto policial, evitando el desplazamiento de las personas hasta las comunas donde existe un tribunal. Junto con esta inicia queremos buscar todas las alternativas posibles para que la gente, que son nuestro principal objetivo, puedan tener un mejor y eficaz acceso a la justicia\u201d.<\/p>\n<p style=\"font-weight: 400; text-align: justify;\">En otro \u00e1mbito del trabajo, la nueva presidenta del tribunal de alzada, indic\u00f3 que se pondr\u00e1n todos los esfuerzos por ejecutar la nueva pol\u00edtica del Poder Judicial respecto a la efectivizaci\u00f3n de los derechos de ni\u00f1os, ni\u00f1as y adolescentes. \u201cEl trabajo en esta materia se enfocar\u00e1 en mesas de trabajo permanentes junto a la Corte Suprema y todas las entidades pertenecientes a la Red Sename, dado que en este tema tenemos una deuda como pa\u00eds, y el Poder Judicial est\u00e1 avanzando con acciones concretas\u201d.<\/p>\n<p style=\"font-weight: 400; text-align: justify;\">Respecto a lo que ser\u00e1 la labor durante el 2021, la ministra dijo que \u201ccomo sabemos estamos en un estado de excepci\u00f3n constitucional atendida la contingencia sanitaria, y en este sentido nuestros tribunales de pusieron en esa sinton\u00eda y adoptaron una serie de medidas y protocolos para los efectos de trabajo en pandemia, los cuales ser\u00e1n reforzados durante el presente a\u00f1o, a medida que la vacunaci\u00f3n avance y paso a paso iniciemos nuevamente el trabajo presencial\u201d.<\/p>\n<p style=\"font-weight: 400; text-align: justify;\">Finalmente, agradeci\u00f3 el apoyo de los funcionarios, jueces y ministros y los llam\u00f3 a mantener el compromiso con las comunidades de Ays\u00e9n, para asegurar una administraci\u00f3n de justicia de calidad, eficaz y cercana.<\/p>\n<p style=\"font-weight: 400; text-align: justify;\">De esta manera, el pleno de ministros de la Corte de Apelaciones de Coyhaique qued\u00f3 compuesto de la siguiente manera: Ministra Natalia Rencoret Oliva (Presidenta y vocera), y los ministros Sergio Mora Vallejos, Pedro Castro Espinoza y Jos\u00e9 Ignacio Mora Trujillo.<\/p>\n<\/div><\/section><\/div><div  style='height:50px' class='hr hr-invisible   avia-builder-el-6  el_after_av_one_full  el_before_av_social_share '><span class='hr-inner ' ><span class='hr-inner-style'><\/span><\/span><\/div><\/p>\n<div  class='av-social-sharing-box  avia-builder-el-7  el_after_av_hr  el_before_av_hr  '><div class='av-share-box'><h5 class='av-share-link-description av-no-toc '>Compartir esta noticia<\/h5><ul class='av-share-box-list noLightbox'><li class='av-share-link av-social-link-facebook' ><a target=\"_blank\" aria-label=\"Compartir en Facebook\" href='https:\/\/www.facebook.com\/sharer.php?u=https:\/\/radiorevelacionfm.cl\/?p=3041&#038;t=Corte%20de%20Apelaciones%20de%20Coyhaique%20inici%C3%B3%20a%C3%B1o%20judicial%202021%20con%20el%20juramento%20de%20la%20ministra%20Natalia%20Rencoret%20Oliva' aria-hidden='false' data-av_icon='\ue8f3' data-av_iconfont='entypo-fontello' title='' data-avia-related-tooltip='Compartir en Facebook' rel=\"noopener\"><span class='avia_hidden_link_text'>Compartir en Facebook<\/span><\/a><\/li><li class='av-share-link av-social-link-twitter' ><a target=\"_blank\" aria-label=\"Compartir en Twitter\" href='https:\/\/twitter.com\/share?text=Corte%20de%20Apelaciones%20de%20Coyhaique%20inici%C3%B3%20a%C3%B1o%20judicial%202021%20con%20el%20juramento%20de%20la%20ministra%20Natalia%20Rencoret%20Oliva&#038;url=https:\/\/radiorevelacionfm.cl\/?p=3041' aria-hidden='false' data-av_icon='\ue8f1' data-av_iconfont='entypo-fontello' title='' data-avia-related-tooltip='Compartir en Twitter' rel=\"noopener\"><span class='avia_hidden_link_text'>Compartir en Twitter<\/span><\/a><\/li><li class='av-share-link av-social-link-whatsapp' ><a target=\"_blank\" aria-label=\"Compartir en Whatsapp\" href='https:\/\/api.whatsapp.com\/send?text=https:\/\/radiorevelacionfm.cl\/?p=3041' aria-hidden='false' data-av_icon='\uf232' data-av_iconfont='entypo-fontello' title='' data-avia-related-tooltip='Compartir en Whatsapp' rel=\"noopener\"><span class='avia_hidden_link_text'>Compartir en Whatsapp<\/span><\/a><\/li><li class='av-share-link av-social-link-linkedin' ><a target=\"_blank\" aria-label=\"Compartir en LinkedIn\" href='https:\/\/linkedin.com\/shareArticle?mini=true&#038;title=Corte%20de%20Apelaciones%20de%20Coyhaique%20inici%C3%B3%20a%C3%B1o%20judicial%202021%20con%20el%20juramento%20de%20la%20ministra%20Natalia%20Rencoret%20Oliva&#038;url=https:\/\/radiorevelacionfm.cl\/?p=3041' aria-hidden='false' data-av_icon='\ue8fc' data-av_iconfont='entypo-fontello' title='' data-avia-related-tooltip='Compartir en LinkedIn' rel=\"noopener\"><span class='avia_hidden_link_text'>Compartir en LinkedIn<\/span><\/a><\/li><li class='av-share-link av-social-link-mail' ><a  aria-label=\"Compartir por correo\" href='mailto:?subject=Corte%20de%20Apelaciones%20de%20Coyhaique%20inici%C3%B3%20a%C3%B1o%20judicial%202021%20con%20el%20juramento%20de%20la%20ministra%20Natalia%20Rencoret%20Oliva&#038;body=https:\/\/radiorevelacionfm.cl\/?p=3041' aria-hidden='false' data-av_icon='\ue805' data-av_iconfont='entypo-fontello' title='' data-avia-related-tooltip='Compartir por correo'><span class='avia_hidden_link_text'>Compartir por correo<\/span><\/a><\/li><\/ul><\/div><\/div>\n<div  style='height:50px' class='hr hr-invisible   avia-builder-el-8  el_after_av_social_share  el_before_av_comments_list '><span class='hr-inner ' ><span class='hr-inner-style'><\/span><\/span><\/div>\n<div  class='av-buildercomment  av-blog-meta-html-info-disabled av-blog-meta-tag-disabled  '><\/div>\n","protected":false},"excerpt":{"rendered":"","protected":false},"author":1,"featured_media":0,"comment_status":"open","ping_status":"open","sticky":false,"template":"","format":"standard","meta":{"footnotes":""},"categories":[55],"tags":[],"class_list":["post-3041","post","type-post","status-publish","format-standard","hentry","category-justicia"],"jetpack_featured_media_url":"","_links":{"self":[{"href":"https:\/\/radiorevelacionfm.cl\/index.php?rest_route=\/wp\/v2\/posts\/3041","targetHints":{"allow":["GET"]}}],"collection":[{"href":"https:\/\/radiorevelacionfm.cl\/index.php?rest_route=\/wp\/v2\/posts"}],"about":[{"href":"https:\/\/radiorevelacionfm.cl\/index.php?rest_route=\/wp\/v2\/types\/post"}],"author":[{"embeddable":true,"href":"https:\/\/radiorevelacionfm.cl\/index.php?rest_route=\/wp\/v2\/users\/1"}],"replies":[{"embeddable":true,"href":"https:\/\/radiorevelacionfm.cl\/index.php?rest_route=%2Fwp%2Fv2%2Fcomments&post=3041"}],"version-history":[{"count":1,"href":"https:\/\/radiorevelacionfm.cl\/index.php?rest_route=\/wp\/v2\/posts\/3041\/revisions"}],"predecessor-version":[{"id":3043,"href":"https:\/\/radiorevelacionfm.cl\/index.php?rest_route=\/wp\/v2\/posts\/3041\/revisions\/3043"}],"wp:attachment":[{"href":"https:\/\/radiorevelacionfm.cl\/index.php?rest_route=%2Fwp%2Fv2%2Fmedia&parent=3041"}],"wp:term":[{"taxonomy":"category","embeddable":true,"href":"https:\/\/radiorevelacionfm.cl\/index.php?rest_route=%2Fwp%2Fv2%2Fcategories&post=3041"},{"taxonomy":"post_tag","embeddable":true,"href":"https:\/\/radiorevelacionfm.cl\/index.php?rest_route=%2Fwp%2Fv2%2Ftags&post=3041"}],"curies":[{"name":"wp","href":"https:\/\/api.w.org\/{rel}","templated":true}]}}