{"id":30407,"date":"2023-04-24T20:57:21","date_gmt":"2023-04-24T23:57:21","guid":{"rendered":"https:\/\/radiorevelacionfm.cl\/?p=30407"},"modified":"2023-04-24T20:57:21","modified_gmt":"2023-04-24T23:57:21","slug":"carabineros-detuvo-nuevamente-a-sujetos-por-porte-de-arma-blanca-a-bordo-de-vehiculo-con-patentes-falsificadas","status":"publish","type":"post","link":"https:\/\/radiorevelacionfm.cl\/?p=30407","title":{"rendered":"Carabineros detuvo nuevamente a sujetos por porte de arma blanca a bordo de veh\u00edculo con patentes falsificadas"},"content":{"rendered":"<div class=\"flex_column av_one_full  flex_column_div av-zero-column-padding first  avia-builder-el-0  el_before_av_one_full  avia-builder-el-first  \" style='border-radius:0px; '><div  class='avia-image-container  av-styling-    avia-builder-el-1  avia-builder-el-no-sibling  avia-align-center '  itemprop=\"image\" itemscope=\"itemscope\" itemtype=\"https:\/\/schema.org\/ImageObject\"  ><div class='avia-image-container-inner'><div class='avia-image-overlay-wrap'><img decoding=\"async\" class='wp-image-30408 avia-img-lazy-loading-not-30408 avia_image' src=\"https:\/\/radiorevelacionfm.cl\/wp-content\/uploads\/2023\/04\/0101e106-5334-43ac-8260-af10ad2d5809-1-1.jpg\" alt='' title='0101e106-5334-43ac-8260-af10ad2d5809 (1) (1)' height=\"600\" width=\"1064\"  itemprop=\"thumbnailUrl\" srcset=\"https:\/\/radiorevelacionfm.cl\/wp-content\/uploads\/2023\/04\/0101e106-5334-43ac-8260-af10ad2d5809-1-1.jpg 1064w, https:\/\/radiorevelacionfm.cl\/wp-content\/uploads\/2023\/04\/0101e106-5334-43ac-8260-af10ad2d5809-1-1-300x169.jpg 300w, https:\/\/radiorevelacionfm.cl\/wp-content\/uploads\/2023\/04\/0101e106-5334-43ac-8260-af10ad2d5809-1-1-1030x581.jpg 1030w, https:\/\/radiorevelacionfm.cl\/wp-content\/uploads\/2023\/04\/0101e106-5334-43ac-8260-af10ad2d5809-1-1-768x433.jpg 768w, https:\/\/radiorevelacionfm.cl\/wp-content\/uploads\/2023\/04\/0101e106-5334-43ac-8260-af10ad2d5809-1-1-705x398.jpg 705w, https:\/\/radiorevelacionfm.cl\/wp-content\/uploads\/2023\/04\/0101e106-5334-43ac-8260-af10ad2d5809-1-1-450x254.jpg 450w, https:\/\/radiorevelacionfm.cl\/wp-content\/uploads\/2023\/04\/0101e106-5334-43ac-8260-af10ad2d5809-1-1-600x338.jpg 600w\" sizes=\"(max-width: 1064px) 100vw, 1064px\" \/><\/div><\/div><\/div><\/div><div class=\"flex_column av_one_full  flex_column_div av-zero-column-padding first  avia-builder-el-2  el_after_av_one_full  el_before_av_one_full  column-top-margin\" style='border-radius:0px; '><section class=\"av_textblock_section \"  itemscope=\"itemscope\" itemtype=\"https:\/\/schema.org\/BlogPosting\" itemprop=\"blogPost\" ><div class='avia_textblock  '   itemprop=\"text\" ><p style=\"text-align: center;\"><strong><span style=\"font-size: 18pt;\">Carabineros detuvo nuevamente a sujetos por porte de arma blanca a bordo de veh\u00edculo con patentes falsificadas<\/span><\/strong><\/p>\n<div id=\"gtx-trans\" style=\"position: absolute; left: -50px; top: 4.31534px;\">\n<div class=\"gtx-trans-icon\"><\/div>\n<\/div>\n<\/div><\/section><\/div><div class=\"flex_column av_one_full  flex_column_div av-zero-column-padding first  avia-builder-el-4  el_after_av_one_full  el_before_av_hr  column-top-margin\" style='border-radius:0px; '><section class=\"av_textblock_section \"  itemscope=\"itemscope\" itemtype=\"https:\/\/schema.org\/BlogPosting\" itemprop=\"blogPost\" ><div class='avia_textblock  '   itemprop=\"text\" ><div>\n<p class=\"v1MsoNormal\" style=\"text-align: justify;\">Carabineros de Coyhaique detuvo nuevamente -en menos de 48 horas- a dos sujetos quienes el fin de semana hab\u00edan sido aprehendidos por porte de arma blanca e incumplimiento de la medida cautelar de arresto domiciliario total por robo con intimidaci\u00f3n del mes de febrero de 2023, los cuales en las \u00faltimas horas fueron sorprendidos en compa\u00f1\u00eda de otros individuos a bordo de un veh\u00edculo con patentes falsificadas, siendo nuevamente detenidos por porte de arma blanca y no dar cumplimento al arresto domiciliario total emanado desde el Juzgado de Garant\u00eda.<\/p>\n<p class=\"v1MsoNormal\" style=\"text-align: justify;\">En primera instancia, Carabineros de la patrulla centauro, en el contexto de un servicio preventivo en apoyo al plan cuadrante -en calle Victoria al llegar a Cerro Mackay- efectuaron un control de identidad a un sujeto de 20 a\u00f1os y a un NNA, ocasi\u00f3n en que los funcionarios tras una revisi\u00f3n superficial a sus vestimentas, se percataron que uno de ellos portaba un cuchillo de 30 cm de hoja, en tanto que la otra persona cargaba un arma blanca de 20 cm de largo.<\/p>\n<p class=\"v1MsoNormal\" style=\"text-align: justify;\">Tras consultar los antecedentes, el NNA manten\u00eda una orden de detenci\u00f3n vigente por el delito de robo en lugar no habitado, en tanto que el adulto registra seis detenciones previas por diversos delitos.<\/p>\n<p class=\"v1MsoNormal\" style=\"text-align: justify;\"><b>Patente cambiada<\/b><\/p>\n<p class=\"v1MsoNormal\" style=\"text-align: justify;\">Transcurridas 48 horas desde esta detenci\u00f3n y, mientras Carabineros desarrollaba un patrullaje preventivo por el sector de Alfonso Serrano al llegar a Divisadero, advierten que un veh\u00edculo se desplazaba en contra del normal sentido del tr\u00e1nsito.<\/p>\n<p class=\"v1MsoNormal\" style=\"text-align: justify;\">Al consultar la matr\u00edcula del m\u00f3vil, los funcionarios se percatan que esta corresponde a otro tipo de veh\u00edculo, iniciando una persecuci\u00f3n controlada con la finalidad de ser controlado.<\/p>\n<p class=\"v1MsoNormal\" style=\"text-align: justify;\">Frente a ello, el conductor -quien posee una detenci\u00f3n por infracci\u00f3n a la ley 20.000 de drogas- evadi\u00f3 dicho control d\u00e1ndose a la fuga a trav\u00e9s de diversas calles de la ciudad, siendo finalmente interceptado a la altura del km 2 de la Ruta 7, logrando la detenci\u00f3n de cuatro sujetos quienes portaban dos armas blancas.<\/p>\n<p class=\"v1MsoNormal\" style=\"text-align: justify;\">Cabe consignar que dos de los detenidos corresponden a los mismos sujetos que hab\u00edan sido aprehendidos por personal de la patrulla centauro el d\u00eda s\u00e1bado por porte de arma blanca y orden de detenci\u00f3n vigente, uno de los cuales manten\u00eda la medida cautelar de arresto domiciliario total.<\/p>\n<p class=\"v1MsoNormal\" style=\"text-align: justify;\">Los antecedentes del procedimiento y los aprehendidos fueron puestos a disposici\u00f3n de la Fiscal\u00eda que dirige investigaci\u00f3n por este hecho.<\/p>\n<p class=\"v1MsoNormal\" style=\"text-align: justify;\">Es dable hacer presente que los funcionarios que integran la patrulla centauro de reacci\u00f3n y servicios especializados, conforman las fuerzas extraordinarias de \u00a0Carabineros del programa \u00abcalle sin violencia\u00bb.<\/p>\n<\/div>\n<div style=\"text-align: justify;\"><\/div>\n<\/div><\/section><\/div><div  style='height:50px' class='hr hr-invisible   avia-builder-el-6  el_after_av_one_full  el_before_av_social_share '><span class='hr-inner ' ><span class='hr-inner-style'><\/span><\/span><\/div><\/p>\n<div  class='av-social-sharing-box  avia-builder-el-7  el_after_av_hr  el_before_av_hr  '><div class='av-share-box'><h5 class='av-share-link-description av-no-toc '>Compartir esta noticia<\/h5><ul class='av-share-box-list noLightbox'><li class='av-share-link av-social-link-facebook' ><a target=\"_blank\" aria-label=\"Compartir en Facebook\" href='https:\/\/www.facebook.com\/sharer.php?u=https:\/\/radiorevelacionfm.cl\/?p=30407&#038;t=Carabineros%20detuvo%20nuevamente%20a%20sujetos%20por%20porte%20de%20arma%20blanca%20a%20bordo%20de%20veh%C3%ADculo%20con%20patentes%20falsificadas' aria-hidden='false' data-av_icon='\ue8f3' data-av_iconfont='entypo-fontello' title='' data-avia-related-tooltip='Compartir en Facebook' rel=\"noopener\"><span class='avia_hidden_link_text'>Compartir en Facebook<\/span><\/a><\/li><li class='av-share-link av-social-link-twitter' ><a target=\"_blank\" aria-label=\"Compartir en Twitter\" href='https:\/\/twitter.com\/share?text=Carabineros%20detuvo%20nuevamente%20a%20sujetos%20por%20porte%20de%20arma%20blanca%20a%20bordo%20de%20veh%C3%ADculo%20con%20patentes%20falsificadas&#038;url=https:\/\/radiorevelacionfm.cl\/?p=30407' aria-hidden='false' data-av_icon='\ue8f1' data-av_iconfont='entypo-fontello' title='' data-avia-related-tooltip='Compartir en Twitter' rel=\"noopener\"><span class='avia_hidden_link_text'>Compartir en Twitter<\/span><\/a><\/li><li class='av-share-link av-social-link-whatsapp' ><a target=\"_blank\" aria-label=\"Compartir en Whatsapp\" href='https:\/\/api.whatsapp.com\/send?text=https:\/\/radiorevelacionfm.cl\/?p=30407' aria-hidden='false' data-av_icon='\uf232' data-av_iconfont='entypo-fontello' title='' data-avia-related-tooltip='Compartir en Whatsapp' rel=\"noopener\"><span class='avia_hidden_link_text'>Compartir en Whatsapp<\/span><\/a><\/li><li class='av-share-link av-social-link-linkedin' ><a target=\"_blank\" aria-label=\"Compartir en LinkedIn\" href='https:\/\/linkedin.com\/shareArticle?mini=true&#038;title=Carabineros%20detuvo%20nuevamente%20a%20sujetos%20por%20porte%20de%20arma%20blanca%20a%20bordo%20de%20veh%C3%ADculo%20con%20patentes%20falsificadas&#038;url=https:\/\/radiorevelacionfm.cl\/?p=30407' aria-hidden='false' data-av_icon='\ue8fc' data-av_iconfont='entypo-fontello' title='' data-avia-related-tooltip='Compartir en LinkedIn' rel=\"noopener\"><span class='avia_hidden_link_text'>Compartir en LinkedIn<\/span><\/a><\/li><li class='av-share-link av-social-link-mail' ><a  aria-label=\"Compartir por correo\" href='mailto:?subject=Carabineros%20detuvo%20nuevamente%20a%20sujetos%20por%20porte%20de%20arma%20blanca%20a%20bordo%20de%20veh%C3%ADculo%20con%20patentes%20falsificadas&#038;body=https:\/\/radiorevelacionfm.cl\/?p=30407' aria-hidden='false' data-av_icon='\ue805' data-av_iconfont='entypo-fontello' title='' data-avia-related-tooltip='Compartir por correo'><span class='avia_hidden_link_text'>Compartir por correo<\/span><\/a><\/li><\/ul><\/div><\/div>\n<div  style='height:50px' class='hr hr-invisible   avia-builder-el-8  el_after_av_social_share  el_before_av_comments_list '><span class='hr-inner ' ><span class='hr-inner-style'><\/span><\/span><\/div>\n<div  class='av-buildercomment  av-blog-meta-html-info-disabled av-blog-meta-tag-disabled  '><\/div>\n","protected":false},"excerpt":{"rendered":"","protected":false},"author":1,"featured_media":30408,"comment_status":"open","ping_status":"open","sticky":false,"template":"","format":"standard","meta":{"footnotes":""},"categories":[36],"tags":[],"class_list":["post-30407","post","type-post","status-publish","format-standard","has-post-thumbnail","hentry","category-policial"],"jetpack_featured_media_url":"https:\/\/radiorevelacionfm.cl\/wp-content\/uploads\/2023\/04\/0101e106-5334-43ac-8260-af10ad2d5809-1-1.jpg","_links":{"self":[{"href":"https:\/\/radiorevelacionfm.cl\/index.php?rest_route=\/wp\/v2\/posts\/30407","targetHints":{"allow":["GET"]}}],"collection":[{"href":"https:\/\/radiorevelacionfm.cl\/index.php?rest_route=\/wp\/v2\/posts"}],"about":[{"href":"https:\/\/radiorevelacionfm.cl\/index.php?rest_route=\/wp\/v2\/types\/post"}],"author":[{"embeddable":true,"href":"https:\/\/radiorevelacionfm.cl\/index.php?rest_route=\/wp\/v2\/users\/1"}],"replies":[{"embeddable":true,"href":"https:\/\/radiorevelacionfm.cl\/index.php?rest_route=%2Fwp%2Fv2%2Fcomments&post=30407"}],"version-history":[{"count":1,"href":"https:\/\/radiorevelacionfm.cl\/index.php?rest_route=\/wp\/v2\/posts\/30407\/revisions"}],"predecessor-version":[{"id":30409,"href":"https:\/\/radiorevelacionfm.cl\/index.php?rest_route=\/wp\/v2\/posts\/30407\/revisions\/30409"}],"wp:featuredmedia":[{"embeddable":true,"href":"https:\/\/radiorevelacionfm.cl\/index.php?rest_route=\/wp\/v2\/media\/30408"}],"wp:attachment":[{"href":"https:\/\/radiorevelacionfm.cl\/index.php?rest_route=%2Fwp%2Fv2%2Fmedia&parent=30407"}],"wp:term":[{"taxonomy":"category","embeddable":true,"href":"https:\/\/radiorevelacionfm.cl\/index.php?rest_route=%2Fwp%2Fv2%2Fcategories&post=30407"},{"taxonomy":"post_tag","embeddable":true,"href":"https:\/\/radiorevelacionfm.cl\/index.php?rest_route=%2Fwp%2Fv2%2Ftags&post=30407"}],"curies":[{"name":"wp","href":"https:\/\/api.w.org\/{rel}","templated":true}]}}