{"id":30404,"date":"2023-04-24T22:32:53","date_gmt":"2023-04-25T01:32:53","guid":{"rendered":"https:\/\/radiorevelacionfm.cl\/?p=30404"},"modified":"2023-04-25T12:01:11","modified_gmt":"2023-04-25T15:01:11","slug":"operativo-de-cataratas-en-hospital-de-aysen-reducira-en-un-tercio-lista-de-espera","status":"publish","type":"post","link":"https:\/\/radiorevelacionfm.cl\/?p=30404","title":{"rendered":"Operativo de Cataratas en Hospital de Ays\u00e9n reducir\u00e1 en un tercio lista de espera"},"content":{"rendered":"<div class=\"flex_column av_one_full  flex_column_div av-zero-column-padding first  avia-builder-el-0  el_before_av_one_full  avia-builder-el-first  \" style='border-radius:0px; '><div  class='avia-image-container  av-styling-    avia-builder-el-1  avia-builder-el-no-sibling  avia-align-center '  itemprop=\"image\" itemscope=\"itemscope\" itemtype=\"https:\/\/schema.org\/ImageObject\"  ><div class='avia-image-container-inner'><div class='avia-image-overlay-wrap'><img decoding=\"async\" class='wp-image-30405 avia-img-lazy-loading-not-30405 avia_image' src=\"https:\/\/radiorevelacionfm.cl\/wp-content\/uploads\/2023\/04\/OPERATIVO-CATARATAS-3-1-1.jpeg\" alt='' title='OPERATIVO CATARATAS (3) (1) (1)' height=\"600\" width=\"1065\"  itemprop=\"thumbnailUrl\" srcset=\"https:\/\/radiorevelacionfm.cl\/wp-content\/uploads\/2023\/04\/OPERATIVO-CATARATAS-3-1-1.jpeg 1065w, https:\/\/radiorevelacionfm.cl\/wp-content\/uploads\/2023\/04\/OPERATIVO-CATARATAS-3-1-1-300x169.jpeg 300w, https:\/\/radiorevelacionfm.cl\/wp-content\/uploads\/2023\/04\/OPERATIVO-CATARATAS-3-1-1-1030x580.jpeg 1030w, https:\/\/radiorevelacionfm.cl\/wp-content\/uploads\/2023\/04\/OPERATIVO-CATARATAS-3-1-1-768x433.jpeg 768w, https:\/\/radiorevelacionfm.cl\/wp-content\/uploads\/2023\/04\/OPERATIVO-CATARATAS-3-1-1-705x397.jpeg 705w, https:\/\/radiorevelacionfm.cl\/wp-content\/uploads\/2023\/04\/OPERATIVO-CATARATAS-3-1-1-450x254.jpeg 450w, https:\/\/radiorevelacionfm.cl\/wp-content\/uploads\/2023\/04\/OPERATIVO-CATARATAS-3-1-1-600x338.jpeg 600w\" sizes=\"(max-width: 1065px) 100vw, 1065px\" \/><\/div><\/div><\/div><\/div><div class=\"flex_column av_one_full  flex_column_div av-zero-column-padding first  avia-builder-el-2  el_after_av_one_full  el_before_av_one_full  column-top-margin\" style='border-radius:0px; '><section class=\"av_textblock_section \"  itemscope=\"itemscope\" itemtype=\"https:\/\/schema.org\/BlogPosting\" itemprop=\"blogPost\" ><div class='avia_textblock  '   itemprop=\"text\" ><p style=\"text-align: center;\"><span style=\"font-size: 18pt;\"><b>Operativo de Cataratas en Hospital de Ays\u00e9n reducir\u00e1 en un tercio lista de espera<\/b><\/span><\/p>\n<div id=\"gtx-trans\" style=\"position: absolute; left: -50px; top: 4.31534px;\">\n<div class=\"gtx-trans-icon\"><\/div>\n<\/div>\n<\/div><\/section><\/div><div class=\"flex_column av_one_full  flex_column_div av-zero-column-padding first  avia-builder-el-4  el_after_av_one_full  el_before_av_hr  column-top-margin\" style='border-radius:0px; '><section class=\"av_textblock_section \"  itemscope=\"itemscope\" itemtype=\"https:\/\/schema.org\/BlogPosting\" itemprop=\"blogPost\" ><div class='avia_textblock  '   itemprop=\"text\" ><p style=\"font-weight: 400; text-align: justify;\">Treinta y cinco personas que se encontraban en lista de espera, fueron atendidas en el Hospital de Puerto Ays\u00e9n, en el marco del operativo de intervenciones quir\u00fargicas de cataratas de la Caja de Previsi\u00f3n de la Defensa Nacional (CAPREDENA), quienes llegaron hasta la ciudad porte\u00f1a con todo el equipamiento t\u00e9cnico y humano, que se sum\u00f3 al equipo local, en cirug\u00edas de no m\u00e1s de 15 minutos que se hicieron en los modernos pabellones con los que cuenta este establecimiento de salud de mediana complejidad y que desde enero se encuentra reduciendo las listas de espera en cirug\u00edas mayores ambulatorias (CMA).<\/p>\n<p style=\"font-weight: 400; text-align: justify;\">\u201cMuy bueno el operativo, excelente, porque muchas personas estamos esperando, llevaba tres a\u00f1os esperando y me tra\u00eda problemas, porque no pod\u00eda leer, teniendo unos libros tan buenos y nos los pod\u00eda leer, porque soy fan\u00e1tico de la lectura. Estoy muy agradecido por la atenci\u00f3n, todas las personas del operativo son unas bellas personas y atienden muy bien y eso es excelente, porque nosotros necesitamos eso en la regi\u00f3n\u201d, se\u00f1al\u00f3 Luis Barrientos, uno de los pacientes operados.<\/p>\n<p style=\"font-weight: 400; text-align: justify;\">Actualmente hay m\u00e1s de cien personas esperando una intervenci\u00f3n, de las cuales tras este operativo se reduce en al menos un tercio ese n\u00famero, adem\u00e1s de la experiencia que adquiere el equipo m\u00e9dico local, en operaciones que duran alrededor de 15 minutos cada una.<\/p>\n<p style=\"font-weight: 400; text-align: justify;\">\u201cUna instituci\u00f3n p\u00fablica que tiene bastante experiencias en este tipo de intervenciones que en este caso son cataratas y que est\u00e1n haciendo desde el 2015 estas intervenciones en otras regiones y en funci\u00f3n de esa experiencia y de la gran capacidad instalada en este hospital de mediana complejidad, realizamos este operativo que favorece a m\u00e1s de 30 familias o personas, porque efectivamente despu\u00e9s de estas intervenciones tendr\u00e1n mejor calidad de vida, est\u00e1n concentrados en Coyhaique, Puerto Ays\u00e9n, Ma\u00f1ihuales, Puerto Cisnes, Balmaceda\u201d, advirti\u00f3 Mauricio Cort\u00e9s, director (S) del SSA.<\/p>\n<p style=\"font-weight: 400; text-align: justify;\">A trav\u00e9s de estas medidas se busca dar soluci\u00f3n quir\u00fargica a garant\u00edas retrasadas de Cataratas a trav\u00e9s de recursos REL (recursos extraordinarios de lista de espera). \u201cHa sido una experiencia muy positiva y agradecemos mucho la acogida que hemos tenido, es una buena demostraci\u00f3n de c\u00f3mo podemos hacer cosas entre servicios p\u00fablicos. Tenemos la capacidad y la forma de coordinarnos y eso lo estamos demostrando ahora y es un punto de partida en nuestro trabajo colaborativo ac\u00e1 en la regi\u00f3n\u201d, indic\u00f3 Andr\u00e9s Cugalovski, vicepresidente ejecutivo CAPREDENA.<\/p>\n<p style=\"font-weight: 400; text-align: justify;\">El equipo m\u00e9dico incluye a un especialista oftalm\u00f3logo, anestesista, tecn\u00f3logo m\u00e9dico en oftalmolog\u00eda, auxiliar de anestesia, arsenalero, pabellonera, enfermera, enfermera para gesti\u00f3n administrativa, jefe de operaciones. Adem\u00e1s, incluye el equipamiento quir\u00fargico, instrumental, insumos, lente intraocular examen de Eco biometr\u00eda y Evaluaci\u00f3n Preanest\u00e9sica. Por su parte el HPA entregar\u00e1 el soporte, esterilizaci\u00f3n y equipos de pabell\u00f3n.<\/p>\n<p style=\"font-weight: 400; text-align: justify;\">\u201cEsto fortalece la red de salud p\u00fablica por cuanto tenemos la capacidad, condiciones e infraestructura. Agradecemos la presencia de las autoridades de CAPREDENA, del equipo profesional y m\u00e9dico, porque nos contribuye en este operativo de dos d\u00edas disminuir en un tercio la lista de espera en cataratas, una enfermedad que afecta la calidad de vida de las personas y que esperamos resolver en este tiempo\u201d, precis\u00f3 Samuel Navarro, delegado (S) provincial Ays\u00e9n.<\/p>\n<p style=\"font-weight: 400; text-align: justify;\">\u201cEs tremendamente significativo que distintos sectores en una alianza virtuosa, trabajen mancomunadamente para resolver problemas que impactan en la vida de las personas y esto evidencia la relevancia de la colaboraci\u00f3n entre sectores y que pasa por la voluntad entre las autoridades que representan distintos entes del estado\u201d, dijo Vania C\u00e1ceres, en representaci\u00f3n la Gobernaci\u00f3n Regional de Ays\u00e9n.<\/p>\n<p style=\"font-weight: 400; text-align: justify;\">Ximena Ru\u00edz, del Consejo Consultivo del Hospital Ays\u00e9n, valor\u00f3 la medida de salud p\u00fablica y estim\u00f3 que se requiere seguir realizando este tipo de cirug\u00edas con especial \u00e9nfasis en la comuna de Ays\u00e9n.<\/p>\n<p style=\"font-weight: 400; text-align: justify;\">Entretanto Dar\u00edo Posada, director (S) del Hospital de Ays\u00e9n, valor\u00f3 la realizaci\u00f3n de este operativo y no descart\u00f3 la posibilidad de hacer nuevas intervenciones a futuro.<\/p>\n<p style=\"font-weight: 400; text-align: justify;\">Este operativo se suma al que se realiz\u00f3 en Chile Chico entre el 24 y el 28 de abril de 2023, en la Cl\u00ednica Municipal de la ciudad, donde se realizar\u00e1n 200 ecograf\u00edas mamarias y 40 ecograf\u00edas abdominales por la misma instituci\u00f3n p\u00fablica CAPREDENA.<\/p>\n<\/div><\/section><\/div><div  style='height:50px' class='hr hr-invisible   avia-builder-el-6  el_after_av_one_full  el_before_av_social_share '><span class='hr-inner ' ><span class='hr-inner-style'><\/span><\/span><\/div><\/p>\n<div  class='av-social-sharing-box  avia-builder-el-7  el_after_av_hr  el_before_av_hr  '><div class='av-share-box'><h5 class='av-share-link-description av-no-toc '>Compartir esta noticia<\/h5><ul class='av-share-box-list noLightbox'><li class='av-share-link av-social-link-facebook' ><a target=\"_blank\" aria-label=\"Compartir en Facebook\" href='https:\/\/www.facebook.com\/sharer.php?u=https:\/\/radiorevelacionfm.cl\/?p=30404&#038;t=Operativo%20de%20Cataratas%20en%20Hospital%20de%20Ays%C3%A9n%20reducir%C3%A1%20en%20un%20tercio%20lista%20de%20espera' aria-hidden='false' data-av_icon='\ue8f3' data-av_iconfont='entypo-fontello' title='' data-avia-related-tooltip='Compartir en Facebook' rel=\"noopener\"><span class='avia_hidden_link_text'>Compartir en Facebook<\/span><\/a><\/li><li class='av-share-link av-social-link-twitter' ><a target=\"_blank\" aria-label=\"Compartir en Twitter\" href='https:\/\/twitter.com\/share?text=Operativo%20de%20Cataratas%20en%20Hospital%20de%20Ays%C3%A9n%20reducir%C3%A1%20en%20un%20tercio%20lista%20de%20espera&#038;url=https:\/\/radiorevelacionfm.cl\/?p=30404' aria-hidden='false' data-av_icon='\ue8f1' data-av_iconfont='entypo-fontello' title='' data-avia-related-tooltip='Compartir en Twitter' rel=\"noopener\"><span class='avia_hidden_link_text'>Compartir en Twitter<\/span><\/a><\/li><li class='av-share-link av-social-link-whatsapp' ><a target=\"_blank\" aria-label=\"Compartir en Whatsapp\" href='https:\/\/api.whatsapp.com\/send?text=https:\/\/radiorevelacionfm.cl\/?p=30404' aria-hidden='false' data-av_icon='\uf232' data-av_iconfont='entypo-fontello' title='' data-avia-related-tooltip='Compartir en Whatsapp' rel=\"noopener\"><span class='avia_hidden_link_text'>Compartir en Whatsapp<\/span><\/a><\/li><li class='av-share-link av-social-link-linkedin' ><a target=\"_blank\" aria-label=\"Compartir en LinkedIn\" href='https:\/\/linkedin.com\/shareArticle?mini=true&#038;title=Operativo%20de%20Cataratas%20en%20Hospital%20de%20Ays%C3%A9n%20reducir%C3%A1%20en%20un%20tercio%20lista%20de%20espera&#038;url=https:\/\/radiorevelacionfm.cl\/?p=30404' aria-hidden='false' data-av_icon='\ue8fc' data-av_iconfont='entypo-fontello' title='' data-avia-related-tooltip='Compartir en LinkedIn' rel=\"noopener\"><span class='avia_hidden_link_text'>Compartir en LinkedIn<\/span><\/a><\/li><li class='av-share-link av-social-link-mail' ><a  aria-label=\"Compartir por correo\" href='mailto:?subject=Operativo%20de%20Cataratas%20en%20Hospital%20de%20Ays%C3%A9n%20reducir%C3%A1%20en%20un%20tercio%20lista%20de%20espera&#038;body=https:\/\/radiorevelacionfm.cl\/?p=30404' aria-hidden='false' data-av_icon='\ue805' data-av_iconfont='entypo-fontello' title='' data-avia-related-tooltip='Compartir por correo'><span class='avia_hidden_link_text'>Compartir por correo<\/span><\/a><\/li><\/ul><\/div><\/div>\n<div  style='height:50px' class='hr hr-invisible   avia-builder-el-8  el_after_av_social_share  el_before_av_comments_list '><span class='hr-inner ' ><span class='hr-inner-style'><\/span><\/span><\/div>\n<div  class='av-buildercomment  av-blog-meta-html-info-disabled av-blog-meta-tag-disabled  '><\/div>\n","protected":false},"excerpt":{"rendered":"","protected":false},"author":1,"featured_media":30405,"comment_status":"open","ping_status":"open","sticky":false,"template":"","format":"standard","meta":{"footnotes":""},"categories":[46],"tags":[],"class_list":["post-30404","post","type-post","status-publish","format-standard","has-post-thumbnail","hentry","category-salud"],"jetpack_featured_media_url":"https:\/\/radiorevelacionfm.cl\/wp-content\/uploads\/2023\/04\/OPERATIVO-CATARATAS-3-1-1.jpeg","_links":{"self":[{"href":"https:\/\/radiorevelacionfm.cl\/index.php?rest_route=\/wp\/v2\/posts\/30404","targetHints":{"allow":["GET"]}}],"collection":[{"href":"https:\/\/radiorevelacionfm.cl\/index.php?rest_route=\/wp\/v2\/posts"}],"about":[{"href":"https:\/\/radiorevelacionfm.cl\/index.php?rest_route=\/wp\/v2\/types\/post"}],"author":[{"embeddable":true,"href":"https:\/\/radiorevelacionfm.cl\/index.php?rest_route=\/wp\/v2\/users\/1"}],"replies":[{"embeddable":true,"href":"https:\/\/radiorevelacionfm.cl\/index.php?rest_route=%2Fwp%2Fv2%2Fcomments&post=30404"}],"version-history":[{"count":1,"href":"https:\/\/radiorevelacionfm.cl\/index.php?rest_route=\/wp\/v2\/posts\/30404\/revisions"}],"predecessor-version":[{"id":30406,"href":"https:\/\/radiorevelacionfm.cl\/index.php?rest_route=\/wp\/v2\/posts\/30404\/revisions\/30406"}],"wp:featuredmedia":[{"embeddable":true,"href":"https:\/\/radiorevelacionfm.cl\/index.php?rest_route=\/wp\/v2\/media\/30405"}],"wp:attachment":[{"href":"https:\/\/radiorevelacionfm.cl\/index.php?rest_route=%2Fwp%2Fv2%2Fmedia&parent=30404"}],"wp:term":[{"taxonomy":"category","embeddable":true,"href":"https:\/\/radiorevelacionfm.cl\/index.php?rest_route=%2Fwp%2Fv2%2Fcategories&post=30404"},{"taxonomy":"post_tag","embeddable":true,"href":"https:\/\/radiorevelacionfm.cl\/index.php?rest_route=%2Fwp%2Fv2%2Ftags&post=30404"}],"curies":[{"name":"wp","href":"https:\/\/api.w.org\/{rel}","templated":true}]}}