{"id":30400,"date":"2023-04-26T11:46:43","date_gmt":"2023-04-26T14:46:43","guid":{"rendered":"https:\/\/radiorevelacionfm.cl\/?p=30400"},"modified":"2023-04-26T11:46:43","modified_gmt":"2023-04-26T14:46:43","slug":"con-el-lema-te-ensenamos-a-emprender-cowork-se-instala-en-apoyo-de-empresarios-y-emprendedores-de-la-region","status":"publish","type":"post","link":"https:\/\/radiorevelacionfm.cl\/?p=30400","title":{"rendered":"Con el lema \u201cte ense\u00f1amos a emprender\u201d Cowork se instala en apoyo de empresarios y emprendedores de la regi\u00f3n"},"content":{"rendered":"<div class=\"flex_column av_one_full  flex_column_div av-zero-column-padding first  avia-builder-el-0  el_before_av_one_full  avia-builder-el-first  \" style='border-radius:0px; '><div  class='avia-image-container  av-styling-    avia-builder-el-1  avia-builder-el-no-sibling  avia-align-center '  itemprop=\"image\" itemscope=\"itemscope\" itemtype=\"https:\/\/schema.org\/ImageObject\"  ><div class='avia-image-container-inner'><div class='avia-image-overlay-wrap'><img decoding=\"async\" class='wp-image-30401 avia-img-lazy-loading-not-30401 avia_image' src=\"https:\/\/radiorevelacionfm.cl\/wp-content\/uploads\/2023\/04\/ECOTERRANEO-3-1.jpg\" alt='' title='ECOTERRANEO 3 (1)' height=\"619\" width=\"766\"  itemprop=\"thumbnailUrl\" srcset=\"https:\/\/radiorevelacionfm.cl\/wp-content\/uploads\/2023\/04\/ECOTERRANEO-3-1.jpg 766w, https:\/\/radiorevelacionfm.cl\/wp-content\/uploads\/2023\/04\/ECOTERRANEO-3-1-300x242.jpg 300w, https:\/\/radiorevelacionfm.cl\/wp-content\/uploads\/2023\/04\/ECOTERRANEO-3-1-495x400.jpg 495w, https:\/\/radiorevelacionfm.cl\/wp-content\/uploads\/2023\/04\/ECOTERRANEO-3-1-705x570.jpg 705w, https:\/\/radiorevelacionfm.cl\/wp-content\/uploads\/2023\/04\/ECOTERRANEO-3-1-450x364.jpg 450w, https:\/\/radiorevelacionfm.cl\/wp-content\/uploads\/2023\/04\/ECOTERRANEO-3-1-600x485.jpg 600w\" sizes=\"(max-width: 766px) 100vw, 766px\" \/><\/div><\/div><\/div><\/div><div class=\"flex_column av_one_full  flex_column_div av-zero-column-padding first  avia-builder-el-2  el_after_av_one_full  el_before_av_one_full  column-top-margin\" style='border-radius:0px; '><section class=\"av_textblock_section \"  itemscope=\"itemscope\" itemtype=\"https:\/\/schema.org\/BlogPosting\" itemprop=\"blogPost\" ><div class='avia_textblock  '   itemprop=\"text\" ><p style=\"text-align: center;\"><strong><span style=\"font-size: 18pt;\">Con el lema \u201cte ense\u00f1amos a emprender\u201d Cowork se instala en apoyo de empresarios y emprendedores de la regi\u00f3n<\/span><\/strong><\/p>\n<div id=\"gtx-trans\" style=\"position: absolute; left: -50px; top: 4.31534px;\">\n<div class=\"gtx-trans-icon\"><\/div>\n<\/div>\n<\/div><\/section><\/div><div class=\"flex_column av_one_full  flex_column_div av-zero-column-padding first  avia-builder-el-4  el_after_av_one_full  el_before_av_hr  column-top-margin\" style='border-radius:0px; '><section class=\"av_textblock_section \"  itemscope=\"itemscope\" itemtype=\"https:\/\/schema.org\/BlogPosting\" itemprop=\"blogPost\" ><div class='avia_textblock  '   itemprop=\"text\" ><p style=\"text-align: justify;\">En calle Teniente Merino frente a la Plaza de Armas de Puerto Ays\u00e9n, ya se encuentra funcionando Ecoterraneo Cowork y la primera incubadora de negocios de la regi\u00f3n de Ays\u00e9n, con el claro objetivo de apoyar a emprendedores y empresarios del territorio.<\/p>\n<p style=\"text-align: justify;\">\u201cNosotros somos una iniciativa, un proyecto, que se encarga de apoyar y entregar herramientas a emprendedores y empresarios de la regi\u00f3n de Ays\u00e9n. Actualmente estamos desarrollando dos l\u00edneas, en la cual, primero tenemos Ecoterraneo Cowork, que es un espacio de trabajo colaborativo ubicado en Puerto Ays\u00e9n. \u00bfQu\u00e9 tenemos nosotros?, un espacio ubicado frente a la Plaza de Armas, tenemos oficinas privadas, oficinas compartidas, tenemos espacio de trabajo, vamos a tener una cafeter\u00eda pr\u00f3ximamente. Paralelo a esto, tambi\u00e9n como Ecoterraneo, tenemos la primera incubadora de negocios de la regi\u00f3n de Ays\u00e9n\u201d, se\u00f1al\u00f3, Marcela Vidal, gerente de Ecoterraneo Cowork.<\/p>\n<p style=\"text-align: justify;\">Marcela Vidal, enfatiz\u00f3 adem\u00e1s que, buscan apoyar el trabajo que llevan adelante empresarios, emprendedores e incluso de quienes tienen una idea de negocios y buscar avanzar en su proyecto.<\/p>\n<p style=\"text-align: justify;\">\u201cNos encargamos de apoyar, entregar herramientas, entregar capacidades, a todas las personas que quieran emprender o que ya cuentan con un emprendimiento formal. Les entregamos conocimientos, formaci\u00f3n, entregamos todo lo que es el apoyo para acceder a financiamiento, a fondos que tenga el Gobierno, fondos p\u00fablicos como tambi\u00e9n privados. Nos encargamos de entregar toda la asesor\u00eda a quienes quieran emprender y como dice nuestro lema, le ense\u00f1amos a emprender\u201d.<\/p>\n<p style=\"text-align: justify;\">La gerente de Ecoterraneo Cowork, Marcela Vidal, inform\u00f3 adem\u00e1s que, la asesor\u00eda que entregan no tiene ning\u00fan costo, m\u00e1s bien, apelan al compromiso de los emprendedores y empresarios de la regi\u00f3n, a estar presente en las capacitaciones e iniciativas que lleva adelante la incubadora de negocios que, \u201ctiene un alcance regional, es la primera incubadora que tiene la regi\u00f3n de Ays\u00e9n, es un hito que exista en nuestra regi\u00f3n, nosotros estamos en la incubadora co \u2013 financiados por la Corfo. Esta es una iniciativa \u00fanica que se da en la regi\u00f3n y por ende tiene alcance regional, a pesar de que estamos instalados en Puerto Ays\u00e9n\u201d.<\/p>\n<p style=\"text-align: justify;\">Durante los \u00faltimos d\u00edas, un equipo de Ecoterraneo Cowork, ha visitado localidades como Puerto Cisnes, Cerro Castillo y Puerto Ingeniero Ib\u00e1\u00f1ez. Se esperaba llegar a Chile Chico, pero por condiciones clim\u00e1ticas fue imposible.<\/p>\n<p style=\"text-align: justify;\">Pronto continuar\u00e1 el despliegue territorial que busca dar a conocer el trabajo de la incubadora de negocios, pero de igual forma, se invita a emprendedores y empresarios de la regi\u00f3n de Ays\u00e9n a ingresar a la p\u00e1gina web <a href=\"http:\/\/www.ecoterraneo.com\">www.ecoterraneo.com<\/a> , como as\u00ed tambi\u00e9n, visitar las redes sociales, en Facebook e Instagram \u201cEcoterraneo Cowork\u201d.<\/p>\n<\/div><\/section><\/div><div  style='height:50px' class='hr hr-invisible   avia-builder-el-6  el_after_av_one_full  el_before_av_social_share '><span class='hr-inner ' ><span class='hr-inner-style'><\/span><\/span><\/div><\/p>\n<div  class='av-social-sharing-box  avia-builder-el-7  el_after_av_hr  el_before_av_hr  '><div class='av-share-box'><h5 class='av-share-link-description av-no-toc '>Compartir esta noticia<\/h5><ul class='av-share-box-list noLightbox'><li class='av-share-link av-social-link-facebook' ><a target=\"_blank\" aria-label=\"Compartir en Facebook\" href='https:\/\/www.facebook.com\/sharer.php?u=https:\/\/radiorevelacionfm.cl\/?p=30400&#038;t=Con%20el%20lema%20%E2%80%9Cte%20ense%C3%B1amos%20a%20emprender%E2%80%9D%20Cowork%20se%20instala%20en%20apoyo%20de%20empresarios%20y%20emprendedores%20de%20la%20regi%C3%B3n' aria-hidden='false' data-av_icon='\ue8f3' data-av_iconfont='entypo-fontello' title='' data-avia-related-tooltip='Compartir en Facebook' rel=\"noopener\"><span class='avia_hidden_link_text'>Compartir en Facebook<\/span><\/a><\/li><li class='av-share-link av-social-link-twitter' ><a target=\"_blank\" aria-label=\"Compartir en Twitter\" href='https:\/\/twitter.com\/share?text=Con%20el%20lema%20%E2%80%9Cte%20ense%C3%B1amos%20a%20emprender%E2%80%9D%20Cowork%20se%20instala%20en%20apoyo%20de%20empresarios%20y%20emprendedores%20de%20la%20regi%C3%B3n&#038;url=https:\/\/radiorevelacionfm.cl\/?p=30400' aria-hidden='false' data-av_icon='\ue8f1' data-av_iconfont='entypo-fontello' title='' data-avia-related-tooltip='Compartir en Twitter' rel=\"noopener\"><span class='avia_hidden_link_text'>Compartir en Twitter<\/span><\/a><\/li><li class='av-share-link av-social-link-whatsapp' ><a target=\"_blank\" aria-label=\"Compartir en Whatsapp\" href='https:\/\/api.whatsapp.com\/send?text=https:\/\/radiorevelacionfm.cl\/?p=30400' aria-hidden='false' data-av_icon='\uf232' data-av_iconfont='entypo-fontello' title='' data-avia-related-tooltip='Compartir en Whatsapp' rel=\"noopener\"><span class='avia_hidden_link_text'>Compartir en Whatsapp<\/span><\/a><\/li><li class='av-share-link av-social-link-linkedin' ><a target=\"_blank\" aria-label=\"Compartir en LinkedIn\" href='https:\/\/linkedin.com\/shareArticle?mini=true&#038;title=Con%20el%20lema%20%E2%80%9Cte%20ense%C3%B1amos%20a%20emprender%E2%80%9D%20Cowork%20se%20instala%20en%20apoyo%20de%20empresarios%20y%20emprendedores%20de%20la%20regi%C3%B3n&#038;url=https:\/\/radiorevelacionfm.cl\/?p=30400' aria-hidden='false' data-av_icon='\ue8fc' data-av_iconfont='entypo-fontello' title='' data-avia-related-tooltip='Compartir en LinkedIn' rel=\"noopener\"><span class='avia_hidden_link_text'>Compartir en LinkedIn<\/span><\/a><\/li><li class='av-share-link av-social-link-mail' ><a  aria-label=\"Compartir por correo\" href='mailto:?subject=Con%20el%20lema%20%E2%80%9Cte%20ense%C3%B1amos%20a%20emprender%E2%80%9D%20Cowork%20se%20instala%20en%20apoyo%20de%20empresarios%20y%20emprendedores%20de%20la%20regi%C3%B3n&#038;body=https:\/\/radiorevelacionfm.cl\/?p=30400' aria-hidden='false' data-av_icon='\ue805' data-av_iconfont='entypo-fontello' title='' data-avia-related-tooltip='Compartir por correo'><span class='avia_hidden_link_text'>Compartir por correo<\/span><\/a><\/li><\/ul><\/div><\/div>\n<div  style='height:50px' class='hr hr-invisible   avia-builder-el-8  el_after_av_social_share  el_before_av_comments_list '><span class='hr-inner ' ><span class='hr-inner-style'><\/span><\/span><\/div>\n<div  class='av-buildercomment  av-blog-meta-html-info-disabled av-blog-meta-tag-disabled  '><\/div>\n","protected":false},"excerpt":{"rendered":"","protected":false},"author":1,"featured_media":30401,"comment_status":"open","ping_status":"open","sticky":false,"template":"","format":"standard","meta":{"footnotes":""},"categories":[45],"tags":[],"class_list":["post-30400","post","type-post","status-publish","format-standard","has-post-thumbnail","hentry","category-comercio"],"jetpack_featured_media_url":"https:\/\/radiorevelacionfm.cl\/wp-content\/uploads\/2023\/04\/ECOTERRANEO-3-1.jpg","_links":{"self":[{"href":"https:\/\/radiorevelacionfm.cl\/index.php?rest_route=\/wp\/v2\/posts\/30400","targetHints":{"allow":["GET"]}}],"collection":[{"href":"https:\/\/radiorevelacionfm.cl\/index.php?rest_route=\/wp\/v2\/posts"}],"about":[{"href":"https:\/\/radiorevelacionfm.cl\/index.php?rest_route=\/wp\/v2\/types\/post"}],"author":[{"embeddable":true,"href":"https:\/\/radiorevelacionfm.cl\/index.php?rest_route=\/wp\/v2\/users\/1"}],"replies":[{"embeddable":true,"href":"https:\/\/radiorevelacionfm.cl\/index.php?rest_route=%2Fwp%2Fv2%2Fcomments&post=30400"}],"version-history":[{"count":1,"href":"https:\/\/radiorevelacionfm.cl\/index.php?rest_route=\/wp\/v2\/posts\/30400\/revisions"}],"predecessor-version":[{"id":30402,"href":"https:\/\/radiorevelacionfm.cl\/index.php?rest_route=\/wp\/v2\/posts\/30400\/revisions\/30402"}],"wp:featuredmedia":[{"embeddable":true,"href":"https:\/\/radiorevelacionfm.cl\/index.php?rest_route=\/wp\/v2\/media\/30401"}],"wp:attachment":[{"href":"https:\/\/radiorevelacionfm.cl\/index.php?rest_route=%2Fwp%2Fv2%2Fmedia&parent=30400"}],"wp:term":[{"taxonomy":"category","embeddable":true,"href":"https:\/\/radiorevelacionfm.cl\/index.php?rest_route=%2Fwp%2Fv2%2Fcategories&post=30400"},{"taxonomy":"post_tag","embeddable":true,"href":"https:\/\/radiorevelacionfm.cl\/index.php?rest_route=%2Fwp%2Fv2%2Ftags&post=30400"}],"curies":[{"name":"wp","href":"https:\/\/api.w.org\/{rel}","templated":true}]}}