{"id":30398,"date":"2023-04-24T17:27:37","date_gmt":"2023-04-24T20:27:37","guid":{"rendered":"https:\/\/radiorevelacionfm.cl\/?p=30398"},"modified":"2023-04-24T17:27:37","modified_gmt":"2023-04-24T20:27:37","slug":"decretan-prision-preventiva-para-imputado-por-trafico-y-cultivo-de-marihuana-en-coyhaique","status":"publish","type":"post","link":"https:\/\/radiorevelacionfm.cl\/?p=30398","title":{"rendered":"Decretan prisi\u00f3n preventiva para imputado por tr\u00e1fico y cultivo de marihuana en Coyhaique"},"content":{"rendered":"<div class=\"flex_column av_one_full  flex_column_div av-zero-column-padding first  avia-builder-el-0  el_before_av_one_full  avia-builder-el-first  \" style='border-radius:0px; '><div  class='avia-image-container  av-styling-    avia-builder-el-1  avia-builder-el-no-sibling  avia-align-center '  itemprop=\"image\" itemscope=\"itemscope\" itemtype=\"https:\/\/schema.org\/ImageObject\"  ><div class='avia-image-container-inner'><div class='avia-image-overlay-wrap'><img decoding=\"async\" class='wp-image-30324 avia-img-lazy-loading-not-30324 avia_image' src=\"https:\/\/radiorevelacionfm.cl\/wp-content\/uploads\/2023\/04\/6975e116-9031-42e4-b78e-85e21f47353d-1_optimized-1.jpg\" alt='' title='6975e116-9031-42e4-b78e-85e21f47353d-(1)_optimized (1)' height=\"600\" width=\"822\"  itemprop=\"thumbnailUrl\" srcset=\"https:\/\/radiorevelacionfm.cl\/wp-content\/uploads\/2023\/04\/6975e116-9031-42e4-b78e-85e21f47353d-1_optimized-1.jpg 822w, https:\/\/radiorevelacionfm.cl\/wp-content\/uploads\/2023\/04\/6975e116-9031-42e4-b78e-85e21f47353d-1_optimized-1-300x219.jpg 300w, https:\/\/radiorevelacionfm.cl\/wp-content\/uploads\/2023\/04\/6975e116-9031-42e4-b78e-85e21f47353d-1_optimized-1-768x561.jpg 768w, https:\/\/radiorevelacionfm.cl\/wp-content\/uploads\/2023\/04\/6975e116-9031-42e4-b78e-85e21f47353d-1_optimized-1-705x515.jpg 705w, https:\/\/radiorevelacionfm.cl\/wp-content\/uploads\/2023\/04\/6975e116-9031-42e4-b78e-85e21f47353d-1_optimized-1-450x328.jpg 450w, https:\/\/radiorevelacionfm.cl\/wp-content\/uploads\/2023\/04\/6975e116-9031-42e4-b78e-85e21f47353d-1_optimized-1-600x438.jpg 600w\" sizes=\"(max-width: 822px) 100vw, 822px\" \/><\/div><\/div><\/div><\/div><div class=\"flex_column av_one_full  flex_column_div av-zero-column-padding first  avia-builder-el-2  el_after_av_one_full  el_before_av_one_full  column-top-margin\" style='border-radius:0px; '><section class=\"av_textblock_section \"  itemscope=\"itemscope\" itemtype=\"https:\/\/schema.org\/BlogPosting\" itemprop=\"blogPost\" ><div class='avia_textblock  '   itemprop=\"text\" ><p style=\"text-align: center;\"><strong><span style=\"font-size: 18pt;\">Decretan prisi\u00f3n preventiva para imputado por tr\u00e1fico y cultivo de marihuana en Coyhaique<\/span><\/strong><\/p>\n<div id=\"gtx-trans\" style=\"position: absolute; left: -50px; top: 4.31534px;\">\n<div class=\"gtx-trans-icon\"><\/div>\n<\/div>\n<\/div><\/section><\/div><div class=\"flex_column av_one_full  flex_column_div av-zero-column-padding first  avia-builder-el-4  el_after_av_one_full  el_before_av_hr  column-top-margin\" style='border-radius:0px; '><section class=\"av_textblock_section \"  itemscope=\"itemscope\" itemtype=\"https:\/\/schema.org\/BlogPosting\" itemprop=\"blogPost\" ><div class='avia_textblock  '   itemprop=\"text\" ><p class=\"v1MsoNormal\" style=\"text-align: justify;\">La Corte de Coyhaique acogi\u00f3 hoy \u2013lunes 24 de abril\u2013 el recurso de apelaci\u00f3n presentado por el Ministerio P\u00fablico y decret\u00f3 la prisi\u00f3n preventiva de V\u00edctor Marcelo Barra Ceballo, imputado como autor de los delitos de tr\u00e1fico de drogas y cultivo ilegal de cannabis. Il\u00edcitos perpetrados el pasado 20 de abril, en el sector R\u00edo Claro.<\/p>\n<p class=\"v1MsoNormal\" style=\"text-align: justify;\">En fallo un\u00e1nime (causa rol 88-2023), la Primera Sala del tribunal de alzada \u2013integrada por los ministros Jos\u00e9 Ignacio Mora Trujillo, Pedro Castro Espinoza, y Natalia Rencoret Oliva\u2013 revoc\u00f3 la resoluci\u00f3n apelada, dictada por el Juzgado de Garant\u00eda de Coyhaique, que no hizo lugar a la solicitud de prisi\u00f3n preventiva del imputado.<\/p>\n<p class=\"v1MsoNormal\" style=\"text-align: justify;\">\u00abAtendido el m\u00e9rito de los antecedentes que se conocen; alegaciones de los intervinientes, teniendo presente que, por ahora, aparecen justificadas las exigencias establecidas en el art\u00edculo 140 letras a) y b), del C\u00f3digo Procesal Penal y, estim\u00e1ndose que existen antecedentes calificados que permiten al tribunal considerar que la prisi\u00f3n preventiva del imputado, es indispensable para la seguridad de la sociedad, atendido el n\u00famero de il\u00edcitos que se le imputan, la gravedad de la pena asignada a estos, el car\u00e1cter y forma de comisi\u00f3n de los mismos y, teniendo presente que la necesidad de cautela impetrada no puede ser alcanzada mediante la aplicaci\u00f3n de las dem\u00e1s cautelares personales y, de conformidad, adem\u00e1s, con lo dispuesto en los art\u00edculos 122, 139 y 149, del C\u00f3digo Procesal Penal\u00bb, sostiene el fallo.<\/p>\n<p class=\"v1MsoNormal\" style=\"text-align: justify;\">Por tanto, se resuelve que: \u00abSe revoca\u00a0la resoluci\u00f3n apelada de 21 de abril de 2023, dictada por el Juzgado de Garant\u00eda de Coyhaique, en cuanto por ella no se hizo lugar a decretar la prisi\u00f3n preventiva del encartado Victor Marcelo Barra Ceballo y, en su lugar, se resuelve, que se dispone dicha medida cautelar en su contra\u00bb.<\/p>\n<p class=\"v1MsoNormal\" style=\"text-align: justify;\">Seg\u00fan el ente persecutor, el d\u00eda 20 de abril de 2023 siendo las 17:30 horas, funcionarios de la Secci\u00f3n OS7 de Carabineros hicieron ingres\u00f3 al inmueble ubicado en sector R\u00edo Claro, fundo Los Ma\u00f1ios de la comuna de Coyhaique, lugar donde se encontraba el imputado V\u00edctor Marcelo Barra Ceballos, cultivando ilegalmente 12 plantas del g\u00e9nero cannabis de una altura aproximada de entre 90 cent\u00edmetros hasta 2 metros de altura, las que se encontraban en un invernadero en un sistema indoor. En el mismo lugar, el imputado pose\u00eda una sustancia vegetal a granel de cannabis con un peso bruto de 1 kilo 300 gramos.<\/p>\n<p class=\"v1MsoNormal\" style=\"text-align: justify;\">Asimismo, al interior del inmueble el imputado pose\u00eda una caja blanca transparente con una balanza digital utilizada para dosificaci\u00f3n de droga y adem\u00e1s poseia sustancia vegetal de color verde tipo cannabis con un preso bruto de 145 gramos; 6 frascos de vidrio de diversos tama\u00f1os con la misma droga y un peso de 205 gramos, y en un closet pose\u00eda m\u00e1s droga con un peso de 495 gramos; en una bandeja de color blanco se encontr\u00f3 sustancia vegetal con un peso bruto de 315 gramos. Adem\u00e1s, el sujeto portaba un tel\u00e9fono celular con el cual coordinaba actividades de tr\u00e1fico de drogas y $213.000 pesos en dinero en efectivo. El total de la droga incautada es de 2 kilos 470 gramos de cannabis.<\/p>\n<\/div><\/section><\/div><div  style='height:50px' class='hr hr-invisible   avia-builder-el-6  el_after_av_one_full  el_before_av_social_share '><span class='hr-inner ' ><span class='hr-inner-style'><\/span><\/span><\/div><\/p>\n<div  class='av-social-sharing-box  avia-builder-el-7  el_after_av_hr  el_before_av_hr  '><div class='av-share-box'><h5 class='av-share-link-description av-no-toc '>Compartir esta noticia<\/h5><ul class='av-share-box-list noLightbox'><li class='av-share-link av-social-link-facebook' ><a target=\"_blank\" aria-label=\"Compartir en Facebook\" href='https:\/\/www.facebook.com\/sharer.php?u=https:\/\/radiorevelacionfm.cl\/?p=30398&#038;t=Decretan%20prisi%C3%B3n%20preventiva%20para%20imputado%20por%20tr%C3%A1fico%20y%20cultivo%20de%20marihuana%20en%20Coyhaique' aria-hidden='false' data-av_icon='\ue8f3' data-av_iconfont='entypo-fontello' title='' data-avia-related-tooltip='Compartir en Facebook' rel=\"noopener\"><span class='avia_hidden_link_text'>Compartir en Facebook<\/span><\/a><\/li><li class='av-share-link av-social-link-twitter' ><a target=\"_blank\" aria-label=\"Compartir en Twitter\" href='https:\/\/twitter.com\/share?text=Decretan%20prisi%C3%B3n%20preventiva%20para%20imputado%20por%20tr%C3%A1fico%20y%20cultivo%20de%20marihuana%20en%20Coyhaique&#038;url=https:\/\/radiorevelacionfm.cl\/?p=30398' aria-hidden='false' data-av_icon='\ue8f1' data-av_iconfont='entypo-fontello' title='' data-avia-related-tooltip='Compartir en Twitter' rel=\"noopener\"><span class='avia_hidden_link_text'>Compartir en Twitter<\/span><\/a><\/li><li class='av-share-link av-social-link-whatsapp' ><a target=\"_blank\" aria-label=\"Compartir en Whatsapp\" href='https:\/\/api.whatsapp.com\/send?text=https:\/\/radiorevelacionfm.cl\/?p=30398' aria-hidden='false' data-av_icon='\uf232' data-av_iconfont='entypo-fontello' title='' data-avia-related-tooltip='Compartir en Whatsapp' rel=\"noopener\"><span class='avia_hidden_link_text'>Compartir en Whatsapp<\/span><\/a><\/li><li class='av-share-link av-social-link-linkedin' ><a target=\"_blank\" aria-label=\"Compartir en LinkedIn\" href='https:\/\/linkedin.com\/shareArticle?mini=true&#038;title=Decretan%20prisi%C3%B3n%20preventiva%20para%20imputado%20por%20tr%C3%A1fico%20y%20cultivo%20de%20marihuana%20en%20Coyhaique&#038;url=https:\/\/radiorevelacionfm.cl\/?p=30398' aria-hidden='false' data-av_icon='\ue8fc' data-av_iconfont='entypo-fontello' title='' data-avia-related-tooltip='Compartir en LinkedIn' rel=\"noopener\"><span class='avia_hidden_link_text'>Compartir en LinkedIn<\/span><\/a><\/li><li class='av-share-link av-social-link-mail' ><a  aria-label=\"Compartir por correo\" href='mailto:?subject=Decretan%20prisi%C3%B3n%20preventiva%20para%20imputado%20por%20tr%C3%A1fico%20y%20cultivo%20de%20marihuana%20en%20Coyhaique&#038;body=https:\/\/radiorevelacionfm.cl\/?p=30398' aria-hidden='false' data-av_icon='\ue805' data-av_iconfont='entypo-fontello' title='' data-avia-related-tooltip='Compartir por correo'><span class='avia_hidden_link_text'>Compartir por correo<\/span><\/a><\/li><\/ul><\/div><\/div>\n<div  style='height:50px' class='hr hr-invisible   avia-builder-el-8  el_after_av_social_share  el_before_av_comments_list '><span class='hr-inner ' ><span class='hr-inner-style'><\/span><\/span><\/div>\n<div  class='av-buildercomment  av-blog-meta-html-info-disabled av-blog-meta-tag-disabled  '><\/div>\n","protected":false},"excerpt":{"rendered":"","protected":false},"author":1,"featured_media":30324,"comment_status":"open","ping_status":"open","sticky":false,"template":"","format":"standard","meta":{"footnotes":""},"categories":[55],"tags":[],"class_list":["post-30398","post","type-post","status-publish","format-standard","has-post-thumbnail","hentry","category-justicia"],"jetpack_featured_media_url":"https:\/\/radiorevelacionfm.cl\/wp-content\/uploads\/2023\/04\/6975e116-9031-42e4-b78e-85e21f47353d-1_optimized-1.jpg","_links":{"self":[{"href":"https:\/\/radiorevelacionfm.cl\/index.php?rest_route=\/wp\/v2\/posts\/30398","targetHints":{"allow":["GET"]}}],"collection":[{"href":"https:\/\/radiorevelacionfm.cl\/index.php?rest_route=\/wp\/v2\/posts"}],"about":[{"href":"https:\/\/radiorevelacionfm.cl\/index.php?rest_route=\/wp\/v2\/types\/post"}],"author":[{"embeddable":true,"href":"https:\/\/radiorevelacionfm.cl\/index.php?rest_route=\/wp\/v2\/users\/1"}],"replies":[{"embeddable":true,"href":"https:\/\/radiorevelacionfm.cl\/index.php?rest_route=%2Fwp%2Fv2%2Fcomments&post=30398"}],"version-history":[{"count":1,"href":"https:\/\/radiorevelacionfm.cl\/index.php?rest_route=\/wp\/v2\/posts\/30398\/revisions"}],"predecessor-version":[{"id":30399,"href":"https:\/\/radiorevelacionfm.cl\/index.php?rest_route=\/wp\/v2\/posts\/30398\/revisions\/30399"}],"wp:featuredmedia":[{"embeddable":true,"href":"https:\/\/radiorevelacionfm.cl\/index.php?rest_route=\/wp\/v2\/media\/30324"}],"wp:attachment":[{"href":"https:\/\/radiorevelacionfm.cl\/index.php?rest_route=%2Fwp%2Fv2%2Fmedia&parent=30398"}],"wp:term":[{"taxonomy":"category","embeddable":true,"href":"https:\/\/radiorevelacionfm.cl\/index.php?rest_route=%2Fwp%2Fv2%2Fcategories&post=30398"},{"taxonomy":"post_tag","embeddable":true,"href":"https:\/\/radiorevelacionfm.cl\/index.php?rest_route=%2Fwp%2Fv2%2Ftags&post=30398"}],"curies":[{"name":"wp","href":"https:\/\/api.w.org\/{rel}","templated":true}]}}