{"id":30389,"date":"2023-04-25T11:30:58","date_gmt":"2023-04-25T14:30:58","guid":{"rendered":"https:\/\/radiorevelacionfm.cl\/?p=30389"},"modified":"2023-04-25T11:30:58","modified_gmt":"2023-04-25T14:30:58","slug":"familias-de-caleta-tortel-disfrutan-sus-renovadas-pasarelas-gracias-a-trabajo-conjunto-entre-minvu-y-municipio","status":"publish","type":"post","link":"https:\/\/radiorevelacionfm.cl\/?p=30389","title":{"rendered":"Familias de Caleta Tortel disfrutan sus renovadas pasarelas gracias a trabajo conjunto entre Minvu y Municipio"},"content":{"rendered":"<div class=\"flex_column av_one_full  flex_column_div av-zero-column-padding first  avia-builder-el-0  el_before_av_one_full  avia-builder-el-first  \" style='border-radius:0px; '><div  class='avia-image-container  av-styling-    avia-builder-el-1  avia-builder-el-no-sibling  avia-align-center '  itemprop=\"image\" itemscope=\"itemscope\" itemtype=\"https:\/\/schema.org\/ImageObject\"  ><div class='avia-image-container-inner'><div class='avia-image-overlay-wrap'><img decoding=\"async\" class='wp-image-30390 avia-img-lazy-loading-not-30390 avia_image' src=\"https:\/\/radiorevelacionfm.cl\/wp-content\/uploads\/2023\/04\/vecinos-y-autoridades-recorren-obra-renovacion-de-pasarelas-en-caleta-tortel-1_optimized.jpg\" alt='' title='vecinos-y-autoridades-recorren-obra-renovaci\u00f3n-de-pasarelas-en-caleta-tortel-(1)_optimized' height=\"600\" width=\"901\"  itemprop=\"thumbnailUrl\" srcset=\"https:\/\/radiorevelacionfm.cl\/wp-content\/uploads\/2023\/04\/vecinos-y-autoridades-recorren-obra-renovacion-de-pasarelas-en-caleta-tortel-1_optimized.jpg 901w, https:\/\/radiorevelacionfm.cl\/wp-content\/uploads\/2023\/04\/vecinos-y-autoridades-recorren-obra-renovacion-de-pasarelas-en-caleta-tortel-1_optimized-300x200.jpg 300w, https:\/\/radiorevelacionfm.cl\/wp-content\/uploads\/2023\/04\/vecinos-y-autoridades-recorren-obra-renovacion-de-pasarelas-en-caleta-tortel-1_optimized-768x511.jpg 768w, https:\/\/radiorevelacionfm.cl\/wp-content\/uploads\/2023\/04\/vecinos-y-autoridades-recorren-obra-renovacion-de-pasarelas-en-caleta-tortel-1_optimized-705x469.jpg 705w, https:\/\/radiorevelacionfm.cl\/wp-content\/uploads\/2023\/04\/vecinos-y-autoridades-recorren-obra-renovacion-de-pasarelas-en-caleta-tortel-1_optimized-450x300.jpg 450w, https:\/\/radiorevelacionfm.cl\/wp-content\/uploads\/2023\/04\/vecinos-y-autoridades-recorren-obra-renovacion-de-pasarelas-en-caleta-tortel-1_optimized-600x400.jpg 600w\" sizes=\"(max-width: 901px) 100vw, 901px\" \/><\/div><\/div><\/div><\/div><div class=\"flex_column av_one_full  flex_column_div av-zero-column-padding first  avia-builder-el-2  el_after_av_one_full  el_before_av_one_full  column-top-margin\" style='border-radius:0px; '><section class=\"av_textblock_section \"  itemscope=\"itemscope\" itemtype=\"https:\/\/schema.org\/BlogPosting\" itemprop=\"blogPost\" ><div class='avia_textblock  '   itemprop=\"text\" ><p style=\"text-align: center;\"><span style=\"font-size: 18pt;\"><strong>Familias de Caleta Tortel disfrutan sus renovadas pasarelas gracias a trabajo conjunto entre Minvu y Municipio<\/strong><\/span><\/p>\n<div id=\"gtx-trans\" style=\"position: absolute; left: -50px; top: 4.31534px;\">\n<div class=\"gtx-trans-icon\"><\/div>\n<\/div>\n<\/div><\/section><\/div><div class=\"flex_column av_one_full  flex_column_div av-zero-column-padding first  avia-builder-el-4  el_after_av_one_full  el_before_av_hr  column-top-margin\" style='border-radius:0px; '><section class=\"av_textblock_section \"  itemscope=\"itemscope\" itemtype=\"https:\/\/schema.org\/BlogPosting\" itemprop=\"blogPost\" ><div class='avia_textblock  '   itemprop=\"text\" ><p style=\"text-align: justify;\">Con la entusiasta participaci\u00f3n de autoridades locales, regionales y comunidad, se concret\u00f3 recientemente la inauguraci\u00f3n de las obras de conservaci\u00f3n de pasarelas en diversos sectores de Caleta Tortel, trabajos que fueron altamente valorados por la comunidad, ya que permiten mayor seguridad, comodidad y rapidez en el desplazamiento de los vecinos y vecinas, en especial los ni\u00f1os, adultos mayores o personas con capacidades diferentes, entre otros.<\/p>\n<p style=\"text-align: justify;\">Las obras que fueron inauguradas en esta ocasi\u00f3n se enmarcan en el llamado n\u00famero 30 del Programa de Pavimentaci\u00f3n Participativa del Ministerio de Vivienda y Urbanismo (Minvu), el cual se ejecuta en base al trabajo conjunto con los municipios y con los mismos vecinos.<\/p>\n<p style=\"text-align: justify;\">Cabe consignar que, asumiendo la realidad urban\u00edstica de Caleta Tortel, que no tiene calles sino solo pasarelas como \u00fanicas v\u00edas de traslado y comunicaci\u00f3n entre los distintos sectores de la localidad, la normativa del Minvu se ampli\u00f3 a la construcci\u00f3n y reparaci\u00f3n de pasarelas, lo que ha permitido financiar numerosos proyectos que han ido cambiando la imagen del sector y, sobre todo, han ido mejorado profundamente la calidad de vida de sus habitantes.<\/p>\n<p style=\"text-align: justify;\">La municipalidad estuvo a cargo de las licitaciones y contrataci\u00f3n de la Unidad T\u00e9cnica para la inspecci\u00f3n de los trabajos, que implicaron una inversi\u00f3n que super\u00f3 los 660 millones de pesos, recursos que permitieron intervenir m\u00e1s de un kil\u00f3metro y medio de pasarelas, generando adem\u00e1s nuevas oportunidades para los contratistas y trabajadores locales.<\/p>\n<p style=\"text-align: justify;\">Una vez finalizada la ceremonia, la Seremi de Vivienda y Urbanismo, Paulina Ruz, destac\u00f3 el positivo impacto para la comunidad, lo que sin duda es el principal objetivo en la gesti\u00f3n del Gobierno. \u201cPudimos escuchar al Alcalde cuando hablaba de c\u00f3mo ha mejorado la accesibilidad universal, la calidad de vida de las vecinas y vecinos a trav\u00e9s de pasarelas que son m\u00e1s anchas, donde pueden pasar madres con sus hijos en coches, ni\u00f1os en bicicleta. Se trata de una inversi\u00f3n adaptada a la localidad, ya que ac\u00e1 hay un fuerte componente de pertenencia territorial, entendiendo que los beneficios del Estado y pol\u00edticas p\u00fablicas tienen tambi\u00e9n que adecuarse a los territorios y a la forma en que viven los habitantes\u201d, afirm\u00f3.<\/p>\n<p style=\"text-align: justify;\">Tambi\u00e9n uno de los antiguos vecinos de Caleta Tortel, el concejal Mois\u00e9s Vel\u00e1squez, valor\u00f3 estos adelantos que son tan necesarios para vivir mejor. \u201cEsto para nosotros es m\u00e1s que importante, porque era un sue\u00f1o tener las pasarelas en excelente estado, especialmente para la gente de edad, gente enferma, minusv\u00e1lidos, porque hay muchos problemas de salud, as\u00ed que era necesario. Se ve\u00eda medio lejos este proyecto, pero me sorprende porque sali\u00f3 r\u00e1pido el tema. Para uno, que ha sido siempre de aqu\u00ed de Tortel, se agradece porque era muy necesaria esta pasarela por la costanera, adem\u00e1s que, pensando en el turismo, este a\u00f1o ya se vio, la gente queda impresionada porque es una novedad Para nosotros es una pasarela, pero a ellos les impacta y se acercan m\u00e1s. Eso es importante y por eso estoy agradecido por todo lo que se ha hecho\u201d, manifest\u00f3.<\/p>\n<p style=\"text-align: justify;\">Tambi\u00e9n el Alcalde de Tortel, Abel Becerra, destac\u00f3 la concreci\u00f3n de estos proyectos que le siguen cambiando el rostro a la Caleta, con todo lo que ello implica para los vecinos que se pueden desplazar mucho mejor. \u201cComo lo mencionaba en el acto y como lo dijo muy bien uno de nuestros pobladores, colono de este sector, es para nosotros muy importante tener una calidad de conexi\u00f3n como esta. Si bien es cierto anteriormente ten\u00edamos conexi\u00f3n vial a trav\u00e9s de pasarelas y todo, quiero hacer menci\u00f3n y distinguir que, en este proyecto, en este tramo, se trata de una pasarela cien por ciento inclusiva. O sea que los vecinos de Junquillo, aunque tengan capacidad y condiciones diferentes pueden llegar al otro extremo de la localidad, porque es una pasarela que va por el borde costero y que no tiene ninguna escalera. Entonces es muy c\u00f3moda para nosotros, ya que acortamos los tiempos y mejoramos nuestra calidad de vida\u201d, indic\u00f3.<\/p>\n<p style=\"text-align: justify;\">Tanto la Seremi como el Alcalde recordaron adem\u00e1s que el Ministerio de Vivienda ya seleccion\u00f3 nuevos proyectos presentados por el municipio en el 32 llamado del Programa de Pavimentaci\u00f3n Participativa. De esta forma se podr\u00e1n mejorar siete nuevos tramos, los que suman casi un kil\u00f3metro y medio de pasarelas y una inversi\u00f3n superior a los 900 millones de pesos, obras que deber\u00e1n ser ejecutadas entre este a\u00f1o y el 2024.<\/p>\n<\/div><\/section><\/div><div  style='height:50px' class='hr hr-invisible   avia-builder-el-6  el_after_av_one_full  el_before_av_social_share '><span class='hr-inner ' ><span class='hr-inner-style'><\/span><\/span><\/div><\/p>\n<div  class='av-social-sharing-box  avia-builder-el-7  el_after_av_hr  el_before_av_hr  '><div class='av-share-box'><h5 class='av-share-link-description av-no-toc '>Compartir esta noticia<\/h5><ul class='av-share-box-list noLightbox'><li class='av-share-link av-social-link-facebook' ><a target=\"_blank\" aria-label=\"Compartir en Facebook\" href='https:\/\/www.facebook.com\/sharer.php?u=https:\/\/radiorevelacionfm.cl\/?p=30389&#038;t=Familias%20de%20Caleta%20Tortel%20disfrutan%20sus%20renovadas%20pasarelas%20gracias%20a%20trabajo%20conjunto%20entre%20Minvu%20y%20Municipio' aria-hidden='false' data-av_icon='\ue8f3' data-av_iconfont='entypo-fontello' title='' data-avia-related-tooltip='Compartir en Facebook' rel=\"noopener\"><span class='avia_hidden_link_text'>Compartir en Facebook<\/span><\/a><\/li><li class='av-share-link av-social-link-twitter' ><a target=\"_blank\" aria-label=\"Compartir en Twitter\" href='https:\/\/twitter.com\/share?text=Familias%20de%20Caleta%20Tortel%20disfrutan%20sus%20renovadas%20pasarelas%20gracias%20a%20trabajo%20conjunto%20entre%20Minvu%20y%20Municipio&#038;url=https:\/\/radiorevelacionfm.cl\/?p=30389' aria-hidden='false' data-av_icon='\ue8f1' data-av_iconfont='entypo-fontello' title='' data-avia-related-tooltip='Compartir en Twitter' rel=\"noopener\"><span class='avia_hidden_link_text'>Compartir en Twitter<\/span><\/a><\/li><li class='av-share-link av-social-link-whatsapp' ><a target=\"_blank\" aria-label=\"Compartir en Whatsapp\" href='https:\/\/api.whatsapp.com\/send?text=https:\/\/radiorevelacionfm.cl\/?p=30389' aria-hidden='false' data-av_icon='\uf232' data-av_iconfont='entypo-fontello' title='' data-avia-related-tooltip='Compartir en Whatsapp' rel=\"noopener\"><span class='avia_hidden_link_text'>Compartir en Whatsapp<\/span><\/a><\/li><li class='av-share-link av-social-link-linkedin' ><a target=\"_blank\" aria-label=\"Compartir en LinkedIn\" href='https:\/\/linkedin.com\/shareArticle?mini=true&#038;title=Familias%20de%20Caleta%20Tortel%20disfrutan%20sus%20renovadas%20pasarelas%20gracias%20a%20trabajo%20conjunto%20entre%20Minvu%20y%20Municipio&#038;url=https:\/\/radiorevelacionfm.cl\/?p=30389' aria-hidden='false' data-av_icon='\ue8fc' data-av_iconfont='entypo-fontello' title='' data-avia-related-tooltip='Compartir en LinkedIn' rel=\"noopener\"><span class='avia_hidden_link_text'>Compartir en LinkedIn<\/span><\/a><\/li><li class='av-share-link av-social-link-mail' ><a  aria-label=\"Compartir por correo\" href='mailto:?subject=Familias%20de%20Caleta%20Tortel%20disfrutan%20sus%20renovadas%20pasarelas%20gracias%20a%20trabajo%20conjunto%20entre%20Minvu%20y%20Municipio&#038;body=https:\/\/radiorevelacionfm.cl\/?p=30389' aria-hidden='false' data-av_icon='\ue805' data-av_iconfont='entypo-fontello' title='' data-avia-related-tooltip='Compartir por correo'><span class='avia_hidden_link_text'>Compartir por correo<\/span><\/a><\/li><\/ul><\/div><\/div>\n<div  style='height:50px' class='hr hr-invisible   avia-builder-el-8  el_after_av_social_share  el_before_av_comments_list '><span class='hr-inner ' ><span class='hr-inner-style'><\/span><\/span><\/div>\n<div  class='av-buildercomment  av-blog-meta-html-info-disabled av-blog-meta-tag-disabled  '><\/div>\n","protected":false},"excerpt":{"rendered":"","protected":false},"author":1,"featured_media":30390,"comment_status":"open","ping_status":"open","sticky":false,"template":"","format":"standard","meta":{"footnotes":""},"categories":[38],"tags":[],"class_list":["post-30389","post","type-post","status-publish","format-standard","has-post-thumbnail","hentry","category-regional"],"jetpack_featured_media_url":"https:\/\/radiorevelacionfm.cl\/wp-content\/uploads\/2023\/04\/vecinos-y-autoridades-recorren-obra-renovacion-de-pasarelas-en-caleta-tortel-1_optimized.jpg","_links":{"self":[{"href":"https:\/\/radiorevelacionfm.cl\/index.php?rest_route=\/wp\/v2\/posts\/30389","targetHints":{"allow":["GET"]}}],"collection":[{"href":"https:\/\/radiorevelacionfm.cl\/index.php?rest_route=\/wp\/v2\/posts"}],"about":[{"href":"https:\/\/radiorevelacionfm.cl\/index.php?rest_route=\/wp\/v2\/types\/post"}],"author":[{"embeddable":true,"href":"https:\/\/radiorevelacionfm.cl\/index.php?rest_route=\/wp\/v2\/users\/1"}],"replies":[{"embeddable":true,"href":"https:\/\/radiorevelacionfm.cl\/index.php?rest_route=%2Fwp%2Fv2%2Fcomments&post=30389"}],"version-history":[{"count":1,"href":"https:\/\/radiorevelacionfm.cl\/index.php?rest_route=\/wp\/v2\/posts\/30389\/revisions"}],"predecessor-version":[{"id":30391,"href":"https:\/\/radiorevelacionfm.cl\/index.php?rest_route=\/wp\/v2\/posts\/30389\/revisions\/30391"}],"wp:featuredmedia":[{"embeddable":true,"href":"https:\/\/radiorevelacionfm.cl\/index.php?rest_route=\/wp\/v2\/media\/30390"}],"wp:attachment":[{"href":"https:\/\/radiorevelacionfm.cl\/index.php?rest_route=%2Fwp%2Fv2%2Fmedia&parent=30389"}],"wp:term":[{"taxonomy":"category","embeddable":true,"href":"https:\/\/radiorevelacionfm.cl\/index.php?rest_route=%2Fwp%2Fv2%2Fcategories&post=30389"},{"taxonomy":"post_tag","embeddable":true,"href":"https:\/\/radiorevelacionfm.cl\/index.php?rest_route=%2Fwp%2Fv2%2Ftags&post=30389"}],"curies":[{"name":"wp","href":"https:\/\/api.w.org\/{rel}","templated":true}]}}