{"id":30386,"date":"2023-04-24T22:49:29","date_gmt":"2023-04-25T01:49:29","guid":{"rendered":"https:\/\/radiorevelacionfm.cl\/?p=30386"},"modified":"2023-04-24T23:02:29","modified_gmt":"2023-04-25T02:02:29","slug":"lanzan-el-programa-4-a-7-de-sernameg-que-apoya-a-mujeres-y-ninos-en-aysen","status":"publish","type":"post","link":"https:\/\/radiorevelacionfm.cl\/?p=30386","title":{"rendered":"Lanzan el Programa 4 a 7 que apoya a mujeres y ni\u00f1os en Ays\u00e9n"},"content":{"rendered":"<div class=\"flex_column av_one_full  flex_column_div av-zero-column-padding first  avia-builder-el-0  el_before_av_one_full  avia-builder-el-first  \" style='border-radius:0px; '><div  class='avia-image-container  av-styling-    avia-builder-el-1  avia-builder-el-no-sibling  avia-align-center '  itemprop=\"image\" itemscope=\"itemscope\" itemtype=\"https:\/\/schema.org\/ImageObject\"  ><div class='avia-image-container-inner'><div class='avia-image-overlay-wrap'><img decoding=\"async\" class='wp-image-30387 avia-img-lazy-loading-not-30387 avia_image' src=\"https:\/\/radiorevelacionfm.cl\/wp-content\/uploads\/2023\/04\/DSC_0038-1-1.jpg\" alt='' title='DSC_0038 (1) (1)' height=\"600\" width=\"901\"  itemprop=\"thumbnailUrl\" srcset=\"https:\/\/radiorevelacionfm.cl\/wp-content\/uploads\/2023\/04\/DSC_0038-1-1.jpg 901w, https:\/\/radiorevelacionfm.cl\/wp-content\/uploads\/2023\/04\/DSC_0038-1-1-300x200.jpg 300w, https:\/\/radiorevelacionfm.cl\/wp-content\/uploads\/2023\/04\/DSC_0038-1-1-768x511.jpg 768w, https:\/\/radiorevelacionfm.cl\/wp-content\/uploads\/2023\/04\/DSC_0038-1-1-705x469.jpg 705w, https:\/\/radiorevelacionfm.cl\/wp-content\/uploads\/2023\/04\/DSC_0038-1-1-450x300.jpg 450w, https:\/\/radiorevelacionfm.cl\/wp-content\/uploads\/2023\/04\/DSC_0038-1-1-600x400.jpg 600w\" sizes=\"(max-width: 901px) 100vw, 901px\" \/><\/div><\/div><\/div><\/div>\n<div class=\"flex_column av_one_full  flex_column_div av-zero-column-padding first  avia-builder-el-2  el_after_av_one_full  el_before_av_one_full  column-top-margin\" style='border-radius:0px; '><section class=\"av_textblock_section \"  itemscope=\"itemscope\" itemtype=\"https:\/\/schema.org\/BlogPosting\" itemprop=\"blogPost\" ><div class='avia_textblock  '   itemprop=\"text\" ><p style=\"text-align: center;\"><strong><span style=\"font-size: 18pt;\">Lanzan el Programa 4 a 7 que apoya a mujeres y ni\u00f1os en Ays\u00e9n<\/span><\/strong><\/p>\n<div id=\"gtx-trans\" style=\"position: absolute; left: -50px; top: 4.31534px;\">\n<div class=\"gtx-trans-icon\"><\/div>\n<\/div>\n<\/div><\/section><\/div><div class=\"flex_column av_one_full  flex_column_div av-zero-column-padding first  avia-builder-el-4  el_after_av_one_full  el_before_av_hr  column-top-margin\" style='border-radius:0px; '><section class=\"av_textblock_section \"  itemscope=\"itemscope\" itemtype=\"https:\/\/schema.org\/BlogPosting\" itemprop=\"blogPost\" ><div class='avia_textblock  '   itemprop=\"text\" ><div>\n<p class=\"v1MsoNormal\" style=\"text-align: justify;\">Con la presencia de m\u00e1s de 70 personas, en el Centro Cultural de Puerto Ays\u00e9n, se llev\u00f3 a cabo la ceremonia de bienvenida del programa 4 a 7, dirigida tanto a las participantes como a las ni\u00f1as y ni\u00f1os que est\u00e1n bajo su cuidado. Modelo program\u00e1tico que se ejecuta en el marco del convenio entre el Servicio Nacional de la Mujer y la Equidad de G\u00e9nero, SernamEG, y la Municipalidad de Ays\u00e9n.<\/p>\n<p class=\"v1MsoNormal\" style=\"text-align: justify;\">Actualmente, son 106 las participantes en la comuna de Ays\u00e9n y 138 estudiantes, que acceden a un espacio de cuidado integral, luego de finalizada la jornada estudiantil, en las\u00a0<span lang=\"ES\">escuelas Litoral Austral y Poetisa Gabriela Mistral, en la capital comunal, y en la Escuela Almirante Simpson en Puerto Chacabuco.\u00a0<\/span>En el lanzamiento, se realizaron una serie de presentaciones de puntos art\u00edsticos que son el fruto de algunos de los talleres que incentivan el desarrollo de la creatividad infantil y juvenil.<\/p>\n<p class=\"v1MsoNormal\" style=\"text-align: justify;\">Durante su intervenci\u00f3n, la Seremi de la Mujer y la Equidad de G\u00e9nero, Andrea M\u00e9ndez Valenzuela, dijo: \u00abquiero agradecer a cada de las personas que hacen posible este Programa, Municipalidad de Ays\u00e9n y SernamEG, pero tambi\u00e9n un saludo especial a las t\u00edas y educadoras que son las que cuidan y se preocupan de prologar el cari\u00f1o y el cuidado del hogar en estos espacios. Reciban en nombre del Gobierno del Presidente Gabriel Boric Font un reconocimiento especial a todas las mujeres que hacen posible este tipo de iniciativas\u00bb.<\/p>\n<p class=\"v1MsoNormal\" style=\"text-align: justify;\">Por su parte, la Directora Regional (S) de SernamEG, Carla Arriagada Malague\u00f1o, se refiri\u00f3 a la inequidad que aborda la intervenci\u00f3n program\u00e1tica, precisando que \u00abrespecto a la inserci\u00f3n laboral, aborda lo que nos pasa a la mayor\u00eda de las mujeres que somos madres o cuidadoras y es que nos preocupa cuando nuestras hijas e hijos, salen de los establecimientos educacionales; mientras continuamos en el trabajo. Adem\u00e1s, nos preocupa tener un trabajo con mayor desarrollo, con una mejor remuneraci\u00f3n, porque las condiciones que otorga la media jornada no alcanzan para poder subsistir; por lo tanto, el programa 4 a 7 est\u00e1 pensado para las mujeres, pero se desarrolla a trav\u00e9s de las ni\u00f1as y ni\u00f1os que tienen bajo su cuidado. Finalmente, quiero transmitir el mensaje del recuerdo que me entregaron en esta actividad, &#8216;puedes llegar donde t\u00fa quieras\u00b4, justamente as\u00ed deber\u00eda ser y es lo que esperamos para cada integrante de este hermoso Programa\u00bb.<\/p>\n<p class=\"v1MsoNormal\" style=\"text-align: justify;\">Junto con destacar el convenio vigente con SernamEG, el Administrador Municipal de Ays\u00e9n,\u00a0<span lang=\"ES\">Oscar Az\u00f3car Adriazola<\/span>, manifest\u00f3: \u00abdespu\u00e9s de un a\u00f1o, me toca estar aqu\u00ed con ustedes nuevamente en el lanzamiento de este Programa, que me parece que viene a contribuir de forma positiva para que las mujeres puedan trabajar, mientras las y los ni\u00f1os pueden estar en un lugar seguro aprendiendo y compartiendo entre ellos. As\u00ed que nuevamente reiterarles que es muy grato estar por segundo a\u00f1o consecutivo apoyando en el lanzamiento del 4 a 7 e incentivar, a nombre del Alcalde de Ays\u00e9n, Julio Uribe Alvarado, a sus participantes a que sigan trabajando y luchando por los sue\u00f1os de sus hijas e hijos\u00bb.<\/p>\n<p class=\"v1MsoNormal\" style=\"text-align: justify;\"><b>APORTE REAL EN POS DE LA AUTONOM\u00cdA ECON\u00d3MICA DE LAS MUJERES<\/b><\/p>\n<p class=\"v1MsoNormal\" style=\"text-align: justify;\">Apoyar a las mujeres en su participaci\u00f3n en el mercado laboral es la finalidad del programa 4 a 7, que se traduce en el acceso a talleres diferenciados seg\u00fan perfil laboral, cuyo objetivo es promover procesos de empoderamiento que faciliten su participaci\u00f3n en el mercado laboral. As\u00ed mismo, pueden ser derivadas al intersector y a la entrega de informaci\u00f3n laboral personalizada. Adem\u00e1s, quienes se encuentren desocupadas y que cumplan con los requisitos podr\u00e1n ser vinculadas al programa Mujeres Jefas de Hogar para fortalecer sus competencias. En tanto, aquellas que quieran potenciar su emprendimiento son vinculadas al programa Mujer Emprende.<\/p>\n<p class=\"v1MsoNormal\" style=\"text-align: justify;\">Respecto a su experiencia en el modelo program\u00e1tico, D\u00e9vora Barraza P\u00e9rez, explic\u00f3: \u00abestaba en una situaci\u00f3n muy complicada, ya que llegu\u00e9 desde la zona de Talcahuano y mi prop\u00f3sito era darle una mejor calidad de vida a mi familia. Como no ten\u00eda red de apoyo y no conoc\u00eda a nadie me dirig\u00ed a la DIDECO, lugar en el sent\u00ed mucha empat\u00eda y me derivaron al programa 4 a 7, lo que me ayud\u00f3 a fortalecerme; porque me sent\u00eda inestable emocionalmente. Creo que se me abrieron las puertas, m\u00e1s a\u00fan cuando mis hijos cada vez que voy a buscarlos, me dicen que est\u00e1n contentos y no se quieren ir del Programa. Entonces me siento muy tranquila para desenvolverme profesionalmente en cualquier labor\u00bb.<\/p>\n<p class=\"v1MsoNormal\" style=\"text-align: justify;\">Finalmente, la oferta disponible para las ni\u00f1as y ni\u00f1os de 6 a 13 a\u00f1os que participan en el programa 4 a 7, se focaliza en el desarrollo de su creatividad a trav\u00e9s de talleres tem\u00e1ticos, de organizaci\u00f3n escolar y de la promoci\u00f3n del desarrollo infantil integral. Para su realizaci\u00f3n, los equipos cuentan con un manual provisto por SernamEG, que se titula \u00abLineamientos y Material de Apoyo para Desarrollar Procesos de Formaci\u00f3n con Ni\u00f1as y Ni\u00f1os del Programa 4 a 7\u00bb, el cual entrega tanto herramientas te\u00f3ricas como metodol\u00f3gicas para su ejecuci\u00f3n.<\/p>\n<\/div>\n<\/div><\/section><\/div><\/p>\n<div  style='height:50px' class='hr hr-invisible   avia-builder-el-6  el_after_av_one_full  el_before_av_social_share '><span class='hr-inner ' ><span class='hr-inner-style'><\/span><\/span><\/div>\n<div  class='av-social-sharing-box  avia-builder-el-7  el_after_av_hr  el_before_av_hr  '><div class='av-share-box'><h5 class='av-share-link-description av-no-toc '>Compartir esta noticia<\/h5><ul class='av-share-box-list noLightbox'><li class='av-share-link av-social-link-facebook' ><a target=\"_blank\" aria-label=\"Compartir en Facebook\" href='https:\/\/www.facebook.com\/sharer.php?u=https:\/\/radiorevelacionfm.cl\/?p=30386&#038;t=Lanzan%20el%20Programa%204%20a%207%20que%20apoya%20a%20mujeres%20y%20ni%C3%B1os%20en%20Ays%C3%A9n' aria-hidden='false' data-av_icon='\ue8f3' data-av_iconfont='entypo-fontello' title='' data-avia-related-tooltip='Compartir en Facebook' rel=\"noopener\"><span class='avia_hidden_link_text'>Compartir en Facebook<\/span><\/a><\/li><li class='av-share-link av-social-link-twitter' ><a target=\"_blank\" aria-label=\"Compartir en Twitter\" href='https:\/\/twitter.com\/share?text=Lanzan%20el%20Programa%204%20a%207%20que%20apoya%20a%20mujeres%20y%20ni%C3%B1os%20en%20Ays%C3%A9n&#038;url=https:\/\/radiorevelacionfm.cl\/?p=30386' aria-hidden='false' data-av_icon='\ue8f1' data-av_iconfont='entypo-fontello' title='' data-avia-related-tooltip='Compartir en Twitter' rel=\"noopener\"><span class='avia_hidden_link_text'>Compartir en Twitter<\/span><\/a><\/li><li class='av-share-link av-social-link-whatsapp' ><a target=\"_blank\" aria-label=\"Compartir en Whatsapp\" href='https:\/\/api.whatsapp.com\/send?text=https:\/\/radiorevelacionfm.cl\/?p=30386' aria-hidden='false' data-av_icon='\uf232' data-av_iconfont='entypo-fontello' title='' data-avia-related-tooltip='Compartir en Whatsapp' rel=\"noopener\"><span class='avia_hidden_link_text'>Compartir en Whatsapp<\/span><\/a><\/li><li class='av-share-link av-social-link-linkedin' ><a target=\"_blank\" aria-label=\"Compartir en LinkedIn\" href='https:\/\/linkedin.com\/shareArticle?mini=true&#038;title=Lanzan%20el%20Programa%204%20a%207%20que%20apoya%20a%20mujeres%20y%20ni%C3%B1os%20en%20Ays%C3%A9n&#038;url=https:\/\/radiorevelacionfm.cl\/?p=30386' aria-hidden='false' data-av_icon='\ue8fc' data-av_iconfont='entypo-fontello' title='' data-avia-related-tooltip='Compartir en LinkedIn' rel=\"noopener\"><span class='avia_hidden_link_text'>Compartir en LinkedIn<\/span><\/a><\/li><li class='av-share-link av-social-link-mail' ><a  aria-label=\"Compartir por correo\" href='mailto:?subject=Lanzan%20el%20Programa%204%20a%207%20que%20apoya%20a%20mujeres%20y%20ni%C3%B1os%20en%20Ays%C3%A9n&#038;body=https:\/\/radiorevelacionfm.cl\/?p=30386' aria-hidden='false' data-av_icon='\ue805' data-av_iconfont='entypo-fontello' title='' data-avia-related-tooltip='Compartir por correo'><span class='avia_hidden_link_text'>Compartir por correo<\/span><\/a><\/li><\/ul><\/div><\/div>\n<div  style='height:50px' class='hr hr-invisible   avia-builder-el-8  el_after_av_social_share  el_before_av_comments_list '><span class='hr-inner ' ><span class='hr-inner-style'><\/span><\/span><\/div>\n<div  class='av-buildercomment  av-blog-meta-html-info-disabled av-blog-meta-tag-disabled  '><\/div>\n","protected":false},"excerpt":{"rendered":"","protected":false},"author":1,"featured_media":30387,"comment_status":"open","ping_status":"open","sticky":false,"template":"","format":"standard","meta":{"footnotes":""},"categories":[38],"tags":[],"class_list":["post-30386","post","type-post","status-publish","format-standard","has-post-thumbnail","hentry","category-regional"],"jetpack_featured_media_url":"https:\/\/radiorevelacionfm.cl\/wp-content\/uploads\/2023\/04\/DSC_0038-1-1.jpg","_links":{"self":[{"href":"https:\/\/radiorevelacionfm.cl\/index.php?rest_route=\/wp\/v2\/posts\/30386","targetHints":{"allow":["GET"]}}],"collection":[{"href":"https:\/\/radiorevelacionfm.cl\/index.php?rest_route=\/wp\/v2\/posts"}],"about":[{"href":"https:\/\/radiorevelacionfm.cl\/index.php?rest_route=\/wp\/v2\/types\/post"}],"author":[{"embeddable":true,"href":"https:\/\/radiorevelacionfm.cl\/index.php?rest_route=\/wp\/v2\/users\/1"}],"replies":[{"embeddable":true,"href":"https:\/\/radiorevelacionfm.cl\/index.php?rest_route=%2Fwp%2Fv2%2Fcomments&post=30386"}],"version-history":[{"count":2,"href":"https:\/\/radiorevelacionfm.cl\/index.php?rest_route=\/wp\/v2\/posts\/30386\/revisions"}],"predecessor-version":[{"id":30413,"href":"https:\/\/radiorevelacionfm.cl\/index.php?rest_route=\/wp\/v2\/posts\/30386\/revisions\/30413"}],"wp:featuredmedia":[{"embeddable":true,"href":"https:\/\/radiorevelacionfm.cl\/index.php?rest_route=\/wp\/v2\/media\/30387"}],"wp:attachment":[{"href":"https:\/\/radiorevelacionfm.cl\/index.php?rest_route=%2Fwp%2Fv2%2Fmedia&parent=30386"}],"wp:term":[{"taxonomy":"category","embeddable":true,"href":"https:\/\/radiorevelacionfm.cl\/index.php?rest_route=%2Fwp%2Fv2%2Fcategories&post=30386"},{"taxonomy":"post_tag","embeddable":true,"href":"https:\/\/radiorevelacionfm.cl\/index.php?rest_route=%2Fwp%2Fv2%2Ftags&post=30386"}],"curies":[{"name":"wp","href":"https:\/\/api.w.org\/{rel}","templated":true}]}}