{"id":30383,"date":"2023-04-24T17:55:28","date_gmt":"2023-04-24T20:55:28","guid":{"rendered":"https:\/\/radiorevelacionfm.cl\/?p=30383"},"modified":"2023-04-24T17:55:28","modified_gmt":"2023-04-24T20:55:28","slug":"realizan-ceremonia-en-conmemoracion-de-las-victimas-del-terremoto-y-tsunami-del-21-de-abril-de-2007","status":"publish","type":"post","link":"https:\/\/radiorevelacionfm.cl\/?p=30383","title":{"rendered":"Realizan ceremonia en conmemoraci\u00f3n de las v\u00edctimas del terremoto y tsunami del 21 de abril de 2007"},"content":{"rendered":"<div class=\"flex_column av_one_full  flex_column_div av-zero-column-padding first  avia-builder-el-0  el_before_av_one_full  avia-builder-el-first  \" style='border-radius:0px; '><div  class='avia-image-container  av-styling-    avia-builder-el-1  avia-builder-el-no-sibling  avia-align-center '  itemprop=\"image\" itemscope=\"itemscope\" itemtype=\"https:\/\/schema.org\/ImageObject\"  ><div class='avia-image-container-inner'><div class='avia-image-overlay-wrap'><img decoding=\"async\" class='wp-image-30384 avia-img-lazy-loading-not-30384 avia_image' src=\"https:\/\/radiorevelacionfm.cl\/wp-content\/uploads\/2023\/04\/img_1525-1-1_optimized-1.jpg\" alt='' title='img_1525-(1)-(1)_optimized (1)' height=\"600\" width=\"900\"  itemprop=\"thumbnailUrl\" srcset=\"https:\/\/radiorevelacionfm.cl\/wp-content\/uploads\/2023\/04\/img_1525-1-1_optimized-1.jpg 900w, https:\/\/radiorevelacionfm.cl\/wp-content\/uploads\/2023\/04\/img_1525-1-1_optimized-1-300x200.jpg 300w, https:\/\/radiorevelacionfm.cl\/wp-content\/uploads\/2023\/04\/img_1525-1-1_optimized-1-768x512.jpg 768w, https:\/\/radiorevelacionfm.cl\/wp-content\/uploads\/2023\/04\/img_1525-1-1_optimized-1-705x470.jpg 705w, https:\/\/radiorevelacionfm.cl\/wp-content\/uploads\/2023\/04\/img_1525-1-1_optimized-1-450x300.jpg 450w, https:\/\/radiorevelacionfm.cl\/wp-content\/uploads\/2023\/04\/img_1525-1-1_optimized-1-600x400.jpg 600w\" sizes=\"(max-width: 900px) 100vw, 900px\" \/><\/div><\/div><\/div><\/div><div class=\"flex_column av_one_full  flex_column_div av-zero-column-padding first  avia-builder-el-2  el_after_av_one_full  el_before_av_one_full  column-top-margin\" style='border-radius:0px; '><section class=\"av_textblock_section \"  itemscope=\"itemscope\" itemtype=\"https:\/\/schema.org\/BlogPosting\" itemprop=\"blogPost\" ><div class='avia_textblock  '   itemprop=\"text\" ><p style=\"text-align: center;\"><span style=\"font-size: 18pt;\"><strong>Realizan ceremonia en conmemoraci\u00f3n de las v\u00edctimas del terremoto y tsunami del 21 de abril de 2007<\/strong><\/span><\/p>\n<div id=\"gtx-trans\" style=\"position: absolute; left: -50px; top: 4.31534px;\">\n<div class=\"gtx-trans-icon\"><\/div>\n<\/div>\n<\/div><\/section><\/div><div class=\"flex_column av_one_full  flex_column_div av-zero-column-padding first  avia-builder-el-4  el_after_av_one_full  el_before_av_hr  column-top-margin\" style='border-radius:0px; '><section class=\"av_textblock_section \"  itemscope=\"itemscope\" itemtype=\"https:\/\/schema.org\/BlogPosting\" itemprop=\"blogPost\" ><div class='avia_textblock  '   itemprop=\"text\" ><p style=\"text-align: justify;\">El s\u00e1bado 22 de abril, el alcalde de Ays\u00e9n, Julio Uribe Alvarado, junto a familiares y amigos de las v\u00edctimas, el concejal Alejandro Soto y funcionarios municipales, participaron de una romer\u00eda en conmemoraci\u00f3n de la tragedia del 21 de abril de 2007, en la que perdieron la vida diez ayseninas y ayseninos.<\/p>\n<p style=\"text-align: justify;\">El recorrido comenz\u00f3 a las 8 de la ma\u00f1ana, en un catamar\u00e1n que parti\u00f3 desde Puerto Chacabuco y recorri\u00f3 las zonas de Estero Fr\u00edo, Punta Tortuga, Punta Camello y Playas Blancas, en el fiordo de Ays\u00e9n, donde se visitaron los sitios en que desaparecieron y fallecieron las v\u00edctimas del tsunami.<\/p>\n<p style=\"text-align: justify;\">\u201cVisitamos cada uno de los lugares donde desaparecieron nuestros vecinos en el fiordo. Para nosotros es un hecho muy lamentable el que ocurri\u00f3 hace 16 a\u00f1os y que con los familiares a\u00fan recordamos con mucha tristeza\u201d, coment\u00f3 el alcalde Uribe, quien a nombre del municipio entreg\u00f3 una ofrenda floral en uno de los puntos de la romer\u00eda.<\/p>\n<p style=\"text-align: justify;\">Ana Cer\u00f3n, familiar de dos de las personas fallecidas en la tragedia, se\u00f1al\u00f3 estar \u201cs\u00faper agradecida de que la Municipalidad y el alcalde nos hayan facilitado la embarcaci\u00f3n, porque llev\u00e1bamos muchos a\u00f1os sin poder realizar el recorrido por la pandemia, o porque no hab\u00eda embarcaci\u00f3n\u201d.<\/p>\n<p style=\"text-align: justify;\">En los cuatro puntos del recorrido, se realiz\u00f3 un momento de silencio y de oraci\u00f3n en recuerdo de las personas que perdieron la vida en aquel lugar. Adem\u00e1s, se entregaron ofrendas florales y dedicaron palabras por parte de los familiares y amigos de las v\u00edctimas.<\/p>\n<p style=\"text-align: justify;\">Esta conmemoraci\u00f3n ocurre a diecis\u00e9is a\u00f1os del terremoto y tsunami que afect\u00f3 a Ays\u00e9n, ocurrido el 21 de abril de 2007. En aquella ocasi\u00f3n, un movimiento de magnitud 6.2 en la escala de Richter provoc\u00f3 deslizamientos de tierra y ca\u00edda de rocas en el fiordo, lo que desencaden\u00f3 un tsunami que acab\u00f3 con la vida de diez personas.<\/p>\n<\/div><\/section><\/div><div  style='height:50px' class='hr hr-invisible   avia-builder-el-6  el_after_av_one_full  el_before_av_social_share '><span class='hr-inner ' ><span class='hr-inner-style'><\/span><\/span><\/div><\/p>\n<div  class='av-social-sharing-box  avia-builder-el-7  el_after_av_hr  el_before_av_hr  '><div class='av-share-box'><h5 class='av-share-link-description av-no-toc '>Compartir esta noticia<\/h5><ul class='av-share-box-list noLightbox'><li class='av-share-link av-social-link-facebook' ><a target=\"_blank\" aria-label=\"Compartir en Facebook\" href='https:\/\/www.facebook.com\/sharer.php?u=https:\/\/radiorevelacionfm.cl\/?p=30383&#038;t=Realizan%20ceremonia%20en%20conmemoraci%C3%B3n%20de%20las%20v%C3%ADctimas%20del%20terremoto%20y%20tsunami%20del%2021%20de%20abril%20de%202007' aria-hidden='false' data-av_icon='\ue8f3' data-av_iconfont='entypo-fontello' title='' data-avia-related-tooltip='Compartir en Facebook' rel=\"noopener\"><span class='avia_hidden_link_text'>Compartir en Facebook<\/span><\/a><\/li><li class='av-share-link av-social-link-twitter' ><a target=\"_blank\" aria-label=\"Compartir en Twitter\" href='https:\/\/twitter.com\/share?text=Realizan%20ceremonia%20en%20conmemoraci%C3%B3n%20de%20las%20v%C3%ADctimas%20del%20terremoto%20y%20tsunami%20del%2021%20de%20abril%20de%202007&#038;url=https:\/\/radiorevelacionfm.cl\/?p=30383' aria-hidden='false' data-av_icon='\ue8f1' data-av_iconfont='entypo-fontello' title='' data-avia-related-tooltip='Compartir en Twitter' rel=\"noopener\"><span class='avia_hidden_link_text'>Compartir en Twitter<\/span><\/a><\/li><li class='av-share-link av-social-link-whatsapp' ><a target=\"_blank\" aria-label=\"Compartir en Whatsapp\" href='https:\/\/api.whatsapp.com\/send?text=https:\/\/radiorevelacionfm.cl\/?p=30383' aria-hidden='false' data-av_icon='\uf232' data-av_iconfont='entypo-fontello' title='' data-avia-related-tooltip='Compartir en Whatsapp' rel=\"noopener\"><span class='avia_hidden_link_text'>Compartir en Whatsapp<\/span><\/a><\/li><li class='av-share-link av-social-link-linkedin' ><a target=\"_blank\" aria-label=\"Compartir en LinkedIn\" href='https:\/\/linkedin.com\/shareArticle?mini=true&#038;title=Realizan%20ceremonia%20en%20conmemoraci%C3%B3n%20de%20las%20v%C3%ADctimas%20del%20terremoto%20y%20tsunami%20del%2021%20de%20abril%20de%202007&#038;url=https:\/\/radiorevelacionfm.cl\/?p=30383' aria-hidden='false' data-av_icon='\ue8fc' data-av_iconfont='entypo-fontello' title='' data-avia-related-tooltip='Compartir en LinkedIn' rel=\"noopener\"><span class='avia_hidden_link_text'>Compartir en LinkedIn<\/span><\/a><\/li><li class='av-share-link av-social-link-mail' ><a  aria-label=\"Compartir por correo\" href='mailto:?subject=Realizan%20ceremonia%20en%20conmemoraci%C3%B3n%20de%20las%20v%C3%ADctimas%20del%20terremoto%20y%20tsunami%20del%2021%20de%20abril%20de%202007&#038;body=https:\/\/radiorevelacionfm.cl\/?p=30383' aria-hidden='false' data-av_icon='\ue805' data-av_iconfont='entypo-fontello' title='' data-avia-related-tooltip='Compartir por correo'><span class='avia_hidden_link_text'>Compartir por correo<\/span><\/a><\/li><\/ul><\/div><\/div>\n<div  style='height:50px' class='hr hr-invisible   avia-builder-el-8  el_after_av_social_share  el_before_av_comments_list '><span class='hr-inner ' ><span class='hr-inner-style'><\/span><\/span><\/div>\n<div  class='av-buildercomment  av-blog-meta-html-info-disabled av-blog-meta-tag-disabled  '><\/div>\n","protected":false},"excerpt":{"rendered":"","protected":false},"author":1,"featured_media":30384,"comment_status":"open","ping_status":"open","sticky":false,"template":"","format":"standard","meta":{"footnotes":""},"categories":[38],"tags":[],"class_list":["post-30383","post","type-post","status-publish","format-standard","has-post-thumbnail","hentry","category-regional"],"jetpack_featured_media_url":"https:\/\/radiorevelacionfm.cl\/wp-content\/uploads\/2023\/04\/img_1525-1-1_optimized-1.jpg","_links":{"self":[{"href":"https:\/\/radiorevelacionfm.cl\/index.php?rest_route=\/wp\/v2\/posts\/30383","targetHints":{"allow":["GET"]}}],"collection":[{"href":"https:\/\/radiorevelacionfm.cl\/index.php?rest_route=\/wp\/v2\/posts"}],"about":[{"href":"https:\/\/radiorevelacionfm.cl\/index.php?rest_route=\/wp\/v2\/types\/post"}],"author":[{"embeddable":true,"href":"https:\/\/radiorevelacionfm.cl\/index.php?rest_route=\/wp\/v2\/users\/1"}],"replies":[{"embeddable":true,"href":"https:\/\/radiorevelacionfm.cl\/index.php?rest_route=%2Fwp%2Fv2%2Fcomments&post=30383"}],"version-history":[{"count":1,"href":"https:\/\/radiorevelacionfm.cl\/index.php?rest_route=\/wp\/v2\/posts\/30383\/revisions"}],"predecessor-version":[{"id":30385,"href":"https:\/\/radiorevelacionfm.cl\/index.php?rest_route=\/wp\/v2\/posts\/30383\/revisions\/30385"}],"wp:featuredmedia":[{"embeddable":true,"href":"https:\/\/radiorevelacionfm.cl\/index.php?rest_route=\/wp\/v2\/media\/30384"}],"wp:attachment":[{"href":"https:\/\/radiorevelacionfm.cl\/index.php?rest_route=%2Fwp%2Fv2%2Fmedia&parent=30383"}],"wp:term":[{"taxonomy":"category","embeddable":true,"href":"https:\/\/radiorevelacionfm.cl\/index.php?rest_route=%2Fwp%2Fv2%2Fcategories&post=30383"},{"taxonomy":"post_tag","embeddable":true,"href":"https:\/\/radiorevelacionfm.cl\/index.php?rest_route=%2Fwp%2Fv2%2Ftags&post=30383"}],"curies":[{"name":"wp","href":"https:\/\/api.w.org\/{rel}","templated":true}]}}