{"id":3038,"date":"2021-03-01T15:04:16","date_gmt":"2021-03-01T18:04:16","guid":{"rendered":"https:\/\/radiorevelacionfm.cl\/?p=3038"},"modified":"2021-03-01T15:04:16","modified_gmt":"2021-03-01T18:04:16","slug":"alcalde-y-vecinos-recorren-obras-de-mejoramiento-del-sector-camino-viejo-en-puerto-aysen","status":"publish","type":"post","link":"https:\/\/radiorevelacionfm.cl\/?p=3038","title":{"rendered":"Alcalde y vecinos recorren obras de mejoramiento del sector Camino Viejo en Puerto Ays\u00e9n"},"content":{"rendered":"<div class=\"flex_column av_one_full  flex_column_div av-zero-column-padding first  avia-builder-el-0  el_before_av_one_full  avia-builder-el-first  \" style='border-radius:0px; '><div  class='avia-image-container  av-styling-    avia-builder-el-1  avia-builder-el-no-sibling  avia-align-center '  itemprop=\"image\" itemscope=\"itemscope\" itemtype=\"https:\/\/schema.org\/ImageObject\"  ><div class='avia-image-container-inner'><div class='avia-image-overlay-wrap'><img decoding=\"async\" class='wp-image-0 avia-img-lazy-loading-not-0 avia_image' src=\"https:\/\/radiorevelacionfm.cl\/wp-content\/uploads\/2021\/03\/Camino-viejo-act-1-1.jpg\" alt='' title=''   itemprop=\"thumbnailUrl\"  \/><\/div><\/div><\/div><\/div><div class=\"flex_column av_one_full  flex_column_div av-zero-column-padding first  avia-builder-el-2  el_after_av_one_full  el_before_av_one_full  column-top-margin\" style='border-radius:0px; '><section class=\"av_textblock_section \"  itemscope=\"itemscope\" itemtype=\"https:\/\/schema.org\/BlogPosting\" itemprop=\"blogPost\" ><div class='avia_textblock  '   itemprop=\"text\" ><p style=\"text-align: center;\"><strong><span style=\"font-size: 18pt;\">Alcalde y vecinos recorren obras de mejoramiento del sector Camino Viejo en Puerto Ays\u00e9n<\/span><\/strong><\/p>\n<div id=\"gtx-trans\" style=\"position: absolute; left: -50px; top: 4.31534px;\">\n<div class=\"gtx-trans-icon\"><\/div>\n<\/div>\n<\/div><\/section><\/div><div class=\"flex_column av_one_full  flex_column_div av-zero-column-padding first  avia-builder-el-4  el_after_av_one_full  el_before_av_hr  column-top-margin\" style='border-radius:0px; '><section class=\"av_textblock_section \"  itemscope=\"itemscope\" itemtype=\"https:\/\/schema.org\/BlogPosting\" itemprop=\"blogPost\" ><div class='avia_textblock  '   itemprop=\"text\" ><p style=\"text-align: justify;\">Faenas por $ 89.460.000 que fueron posibles gracias al Fondo Regional de Inversi\u00f3n Local, FRIL, del Gobierno Regional de Ays\u00e9n y su Consejo.<\/p>\n<p style=\"text-align: justify;\">Con motivo de entregar mayor seguridad a los habitantes de este hist\u00f3rico sector emplazado en la capital comunal, alcalde de Ays\u00e9n, Luis Mart\u00ednez Gallardo, en compa\u00f1\u00eda de las dirigentas de la Junta de Vecinos \u201cCamino Viejo\u201d desarrollaron un recorrido de habilitaci\u00f3n en las obras efectuadas por el personal del Programa de Mejoramiento Urbano (PMU), que contempl\u00f3 entre otras materias la disposici\u00f3n de 27 luminarias led y espacios de recreaci\u00f3n. Adem\u00e1s, en la oportunidad personal de la Direcci\u00f3n de Desarrollo Comunitario (dideco) recogi\u00f3 diversas inquietudes sociales en la zona.<\/p>\n<p style=\"text-align: justify;\">Al respecto, el alcalde Mart\u00ednez declar\u00f3 que m\u00e1s all\u00e1 del dinero que ha sido ejecutado en estas faenas y que bordea los 90 millones de pesos \u201cac\u00e1 hay importancia porque esto genera confianza con esta una unidad vecinal, que hist\u00f3ricamente pidi\u00f3 muchas cosas, se sent\u00edan desplazados y fuera del municipio. Pero esto es como una Obra de Confianza, esta Plaza Lineal, donde hemos intervenido m\u00e1s de 2000 mt2 de circulaci\u00f3n y \u00e1reas verdes, aqu\u00ed funcion\u00f3 por el aporte los vecinos, sus representantes, pero tambi\u00e9n aqu\u00ed est\u00e1 la mano de obra del PMU que son pr\u00e1cticamente puras mujeres y que generan estas obras y hoy d\u00eda ellas tambi\u00e9n muy emocionadas, porque las invitamos a que estuvieran aqu\u00ed pudieron ver c\u00f3mo con sus manos plasman un progreso para la ciudad\u201d.<\/p>\n<p style=\"text-align: justify;\">A rengl\u00f3n seguido, el edil reiter\u00f3 la contribuci\u00f3n que eso realiza en el desarrollo urban\u00edstico de la comuna y la confianza que se produce entre la municipalidad y sus vecinos tras la materializaci\u00f3n de los anhelos que estos presentan a diario. \u201cAs\u00ed es que, por supuesto que muy contento, agradecido y queremos seguir haciendo cosas porque este sector que es el m\u00e1s antiguo de Ays\u00e9n y donde tambi\u00e9n hoy hemos recorrido con sus vecinos, yo creo que merece m\u00e1s y ser integrado al patrimonio de la comuna como un vivo museo urban\u00edstico\u201d.<\/p>\n<p style=\"text-align: justify;\">En tanto, la presidenta de la JJVV Camino Viejo, Gladys Mar\u00edn, destac\u00f3 su felicidad tras esta iniciativa agregando que, hace 10 a\u00f1os, cuando esto a\u00fan era una propuesta ellos como vecinos no creyeron en esas palabras \u201cy ahora ver nuestro sue\u00f1o hecho realidad y que de apoco se est\u00e1 ornamentando nuestro sector porque lo sent\u00edamos muy olvidado, realmente muy olvidado y en este momento nos damos cuenta que se est\u00e1n realizando grandes avances, para nosotros, para nuestro sector y para la misma ciudad. Porque es un Parque de Diversiones y solamente hay que pedirle a la gente que venga que hay que cuidar, que cuide el sector\u201d.<\/p>\n<p style=\"text-align: justify;\">Finalmente, Mar\u00eda Isabel Ainol, vecina del lugar y asistente en la actividad relat\u00f3 su agradecimiento ante esta importante gesti\u00f3n efectuada en el Camino Viejo \u201cagradece todo el esfuerzo que han hecho y hoy d\u00eda que es concretado con el actual alcalde tambi\u00e9n respecto al t\u00e9rmino de esta jornada y de ver este hermoso parque, que para nosotros es una bendici\u00f3n tener esto para los ni\u00f1os y tambi\u00e9n lo otro que es importante esta iluminaci\u00f3n, era muy mala y en realidad se corr\u00eda bastante riesgo. Entonces eso nos alegra a nosotros porque ya nuestros vecinos se sienten m\u00e1s cuidados, protegidos por la luz y ya podemos todos nosotros en cualquier situaci\u00f3n acudir a cualquier emergencia. Entonces para nosotros es un lindo avance esto\u201d sentenci\u00f3 Ainol.<\/p>\n<\/div><\/section><\/div><div  style='height:50px' class='hr hr-invisible   avia-builder-el-6  el_after_av_one_full  el_before_av_social_share '><span class='hr-inner ' ><span class='hr-inner-style'><\/span><\/span><\/div><\/p>\n<div  class='av-social-sharing-box  avia-builder-el-7  el_after_av_hr  el_before_av_hr  '><div class='av-share-box'><h5 class='av-share-link-description av-no-toc '>Compartir esta noticia<\/h5><ul class='av-share-box-list noLightbox'><li class='av-share-link av-social-link-facebook' ><a target=\"_blank\" aria-label=\"Compartir en Facebook\" href='https:\/\/www.facebook.com\/sharer.php?u=https:\/\/radiorevelacionfm.cl\/?p=3038&#038;t=Alcalde%20y%20vecinos%20recorren%20obras%20de%20mejoramiento%20del%20sector%20Camino%20Viejo%20en%20Puerto%20Ays%C3%A9n' aria-hidden='false' data-av_icon='\ue8f3' data-av_iconfont='entypo-fontello' title='' data-avia-related-tooltip='Compartir en Facebook' rel=\"noopener\"><span class='avia_hidden_link_text'>Compartir en Facebook<\/span><\/a><\/li><li class='av-share-link av-social-link-twitter' ><a target=\"_blank\" aria-label=\"Compartir en Twitter\" href='https:\/\/twitter.com\/share?text=Alcalde%20y%20vecinos%20recorren%20obras%20de%20mejoramiento%20del%20sector%20Camino%20Viejo%20en%20Puerto%20Ays%C3%A9n&#038;url=https:\/\/radiorevelacionfm.cl\/?p=3038' aria-hidden='false' data-av_icon='\ue8f1' data-av_iconfont='entypo-fontello' title='' data-avia-related-tooltip='Compartir en Twitter' rel=\"noopener\"><span class='avia_hidden_link_text'>Compartir en Twitter<\/span><\/a><\/li><li class='av-share-link av-social-link-whatsapp' ><a target=\"_blank\" aria-label=\"Compartir en Whatsapp\" href='https:\/\/api.whatsapp.com\/send?text=https:\/\/radiorevelacionfm.cl\/?p=3038' aria-hidden='false' data-av_icon='\uf232' data-av_iconfont='entypo-fontello' title='' data-avia-related-tooltip='Compartir en Whatsapp' rel=\"noopener\"><span class='avia_hidden_link_text'>Compartir en Whatsapp<\/span><\/a><\/li><li class='av-share-link av-social-link-linkedin' ><a target=\"_blank\" aria-label=\"Compartir en LinkedIn\" href='https:\/\/linkedin.com\/shareArticle?mini=true&#038;title=Alcalde%20y%20vecinos%20recorren%20obras%20de%20mejoramiento%20del%20sector%20Camino%20Viejo%20en%20Puerto%20Ays%C3%A9n&#038;url=https:\/\/radiorevelacionfm.cl\/?p=3038' aria-hidden='false' data-av_icon='\ue8fc' data-av_iconfont='entypo-fontello' title='' data-avia-related-tooltip='Compartir en LinkedIn' rel=\"noopener\"><span class='avia_hidden_link_text'>Compartir en LinkedIn<\/span><\/a><\/li><li class='av-share-link av-social-link-mail' ><a  aria-label=\"Compartir por correo\" href='mailto:?subject=Alcalde%20y%20vecinos%20recorren%20obras%20de%20mejoramiento%20del%20sector%20Camino%20Viejo%20en%20Puerto%20Ays%C3%A9n&#038;body=https:\/\/radiorevelacionfm.cl\/?p=3038' aria-hidden='false' data-av_icon='\ue805' data-av_iconfont='entypo-fontello' title='' data-avia-related-tooltip='Compartir por correo'><span class='avia_hidden_link_text'>Compartir por correo<\/span><\/a><\/li><\/ul><\/div><\/div>\n<div  style='height:50px' class='hr hr-invisible   avia-builder-el-8  el_after_av_social_share  el_before_av_comments_list '><span class='hr-inner ' ><span class='hr-inner-style'><\/span><\/span><\/div>\n<div  class='av-buildercomment  av-blog-meta-html-info-disabled av-blog-meta-tag-disabled  '><\/div>\n","protected":false},"excerpt":{"rendered":"","protected":false},"author":1,"featured_media":0,"comment_status":"open","ping_status":"open","sticky":false,"template":"","format":"standard","meta":{"footnotes":""},"categories":[38],"tags":[],"class_list":["post-3038","post","type-post","status-publish","format-standard","hentry","category-regional"],"jetpack_featured_media_url":"","_links":{"self":[{"href":"https:\/\/radiorevelacionfm.cl\/index.php?rest_route=\/wp\/v2\/posts\/3038","targetHints":{"allow":["GET"]}}],"collection":[{"href":"https:\/\/radiorevelacionfm.cl\/index.php?rest_route=\/wp\/v2\/posts"}],"about":[{"href":"https:\/\/radiorevelacionfm.cl\/index.php?rest_route=\/wp\/v2\/types\/post"}],"author":[{"embeddable":true,"href":"https:\/\/radiorevelacionfm.cl\/index.php?rest_route=\/wp\/v2\/users\/1"}],"replies":[{"embeddable":true,"href":"https:\/\/radiorevelacionfm.cl\/index.php?rest_route=%2Fwp%2Fv2%2Fcomments&post=3038"}],"version-history":[{"count":1,"href":"https:\/\/radiorevelacionfm.cl\/index.php?rest_route=\/wp\/v2\/posts\/3038\/revisions"}],"predecessor-version":[{"id":3040,"href":"https:\/\/radiorevelacionfm.cl\/index.php?rest_route=\/wp\/v2\/posts\/3038\/revisions\/3040"}],"wp:attachment":[{"href":"https:\/\/radiorevelacionfm.cl\/index.php?rest_route=%2Fwp%2Fv2%2Fmedia&parent=3038"}],"wp:term":[{"taxonomy":"category","embeddable":true,"href":"https:\/\/radiorevelacionfm.cl\/index.php?rest_route=%2Fwp%2Fv2%2Fcategories&post=3038"},{"taxonomy":"post_tag","embeddable":true,"href":"https:\/\/radiorevelacionfm.cl\/index.php?rest_route=%2Fwp%2Fv2%2Ftags&post=3038"}],"curies":[{"name":"wp","href":"https:\/\/api.w.org\/{rel}","templated":true}]}}