{"id":30377,"date":"2023-05-02T12:50:51","date_gmt":"2023-05-02T15:50:51","guid":{"rendered":"https:\/\/radiorevelacionfm.cl\/?p=30377"},"modified":"2023-05-02T12:50:51","modified_gmt":"2023-05-02T15:50:51","slug":"ley-de-las-40-horas-retos-y-beneficios-para-las-pymes","status":"publish","type":"post","link":"https:\/\/radiorevelacionfm.cl\/?p=30377","title":{"rendered":"Ley de las 40 horas: Retos y beneficios para las pymes"},"content":{"rendered":"<div class=\"flex_column av_one_full  flex_column_div av-zero-column-padding first  avia-builder-el-0  el_before_av_one_full  avia-builder-el-first  \" style='border-radius:0px; '><div  class='avia-image-container  av-styling-    avia-builder-el-1  avia-builder-el-no-sibling  avia-align-center '  itemprop=\"image\" itemscope=\"itemscope\" itemtype=\"https:\/\/schema.org\/ImageObject\"  ><div class='avia-image-container-inner'><div class='avia-image-overlay-wrap'><img decoding=\"async\" class='wp-image-30378 avia-img-lazy-loading-not-30378 avia_image' src=\"https:\/\/radiorevelacionfm.cl\/wp-content\/uploads\/2023\/04\/Adactiva-1-1.jpg\" alt='' title='Adactiva (1) (1)' height=\"600\" width=\"900\"  itemprop=\"thumbnailUrl\" srcset=\"https:\/\/radiorevelacionfm.cl\/wp-content\/uploads\/2023\/04\/Adactiva-1-1.jpg 900w, https:\/\/radiorevelacionfm.cl\/wp-content\/uploads\/2023\/04\/Adactiva-1-1-300x200.jpg 300w, https:\/\/radiorevelacionfm.cl\/wp-content\/uploads\/2023\/04\/Adactiva-1-1-768x512.jpg 768w, https:\/\/radiorevelacionfm.cl\/wp-content\/uploads\/2023\/04\/Adactiva-1-1-705x470.jpg 705w, https:\/\/radiorevelacionfm.cl\/wp-content\/uploads\/2023\/04\/Adactiva-1-1-450x300.jpg 450w, https:\/\/radiorevelacionfm.cl\/wp-content\/uploads\/2023\/04\/Adactiva-1-1-600x400.jpg 600w\" sizes=\"(max-width: 900px) 100vw, 900px\" \/><\/div><\/div><\/div><\/div><div class=\"flex_column av_one_full  flex_column_div av-zero-column-padding first  avia-builder-el-2  el_after_av_one_full  el_before_av_one_full  column-top-margin\" style='border-radius:0px; '><section class=\"av_textblock_section \"  itemscope=\"itemscope\" itemtype=\"https:\/\/schema.org\/BlogPosting\" itemprop=\"blogPost\" ><div class='avia_textblock  '   itemprop=\"text\" ><p style=\"text-align: center;\"><span style=\"font-size: 18pt;\"><b>Ley de las 40 horas: Retos y beneficios para las pymes<\/b><\/span><\/p>\n<div id=\"gtx-trans\" style=\"position: absolute; left: -50px; top: 4.31534px;\">\n<div class=\"gtx-trans-icon\"><\/div>\n<\/div>\n<\/div><\/section><\/div><div class=\"flex_column av_one_full  flex_column_div av-zero-column-padding first  avia-builder-el-4  el_after_av_one_full  el_before_av_hr  column-top-margin\" style='border-radius:0px; '><section class=\"av_textblock_section \"  itemscope=\"itemscope\" itemtype=\"https:\/\/schema.org\/BlogPosting\" itemprop=\"blogPost\" ><div class='avia_textblock  '   itemprop=\"text\" ><p style=\"font-weight: 400; text-align: justify;\">Modificar la jornada laboral gradualmente, tal como establece la reci\u00e9n promulgada ley que reduce la horas de trabajo semanal de 45 a 40 horas, promete mejorar la calidad de vida de los trabajadores, aumentar productividad y fomentar la conciliaci\u00f3n entre el trabajo y la familia. Y aunque hay algunos desaf\u00edos asociados al cambio, las ventajas son muchas m\u00e1s.<\/p>\n<p style=\"font-weight: 400; text-align: justify;\">Seg\u00fan Cristi\u00e1n Montero, socio fundador de\u00a0<a href=\"http:\/\/www.adactiva.cl\/\" data-saferedirecturl=\"https:\/\/www.google.com\/url?q=http:\/\/www.adactiva.cl\/&amp;source=gmail&amp;ust=1682442467845000&amp;usg=AOvVaw1dH0v4-bvlREvejZ_gqoIw\">Adactiva<\/a>, debido a que la medida se aplicar\u00e1 gradualmente, para llegar reci\u00e9n en 2028 a una jornada laboral de 40 horas semanales,\u00a0hay tiempo para prepararse. \u201cTenemos que adaptar la organizaci\u00f3n y los productos internos a la nueva jornada laboral, obviamente, sin afectar la calidad ni la continuidad del servicio que se entrega o el nivel de productividad\u201d, comenta.<\/p>\n<p style=\"font-weight: 400; text-align: justify;\">En este contexto, la gerente de Operaciones de\u00a0<a href=\"http:\/\/www.adactiva.cl\/\" data-saferedirecturl=\"https:\/\/www.google.com\/url?q=http:\/\/www.adactiva.cl\/&amp;source=gmail&amp;ust=1682442467845000&amp;usg=AOvVaw1dH0v4-bvlREvejZ_gqoIw\">Adactiva<\/a>, Dubraska Jara, explica que\u00a0las empresas tendr\u00e1n que capacitar a los trabajadores y supervisores\u00a0en nuevas habilidades y competencias para que puedan gestionar el tiempo y el trabajo en equipo en forma m\u00e1s eficaz. \u201cAdicionalmente,\u00a0se tienen que revisar todos los contratos laborales y las pol\u00edticas internas\u00a0para ajustarlas a estos nuevos cambios\u201d, afirma.<\/p>\n<p style=\"font-weight: 400; text-align: justify;\">Algunas de las medidas de flexibilizaci\u00f3n que sugieren los especialistas en recursos humanos y contables para las pymes son:\u00a0pactar -de com\u00fan acuerdo- jornadas de 4&#215;3, es decir, trabajar cuatro d\u00edas laborales a la semana y descansar tres. Adem\u00e1s, se pueden compensar las horas extraordinarias con hasta cinco d\u00edas adicionales al descanso largo.<\/p>\n<p style=\"font-weight: 400; text-align: justify;\">\u201cTambi\u00e9n hay que considerar la facultad que se le da a las madres, padres o cuidadores de menores de 12 a\u00f1os para anticipar o retrasar el inicio o salida del trabajo en 2 horas. Este cambio de jornada debe estar escriturado en un anexo de contrato, donde se especifique el horario y desde cu\u00e1ndo comenzar\u00e1 a regir, de com\u00fan acuerdo entre el empleador y el trabajador\u201d, detalla Dubraska Jara.<\/p>\n<p style=\"font-weight: 400; text-align: justify;\">Pero,\u00a0los beneficios son m\u00faltiples. La especialista de Adactiva asegura que la nueva norma podr\u00eda mejorar el clima laboral y la motivaci\u00f3n de los trabajadores; aumentar la productividad y la eficiencia al impulsar la optimizaci\u00f3n del tiempo y los recursos disponibles; y potenciar la innovaci\u00f3n y la creatividad, al dejar m\u00e1s horas libres para desarrollar los intereses y las capacidades personales, de los trabajadores.<\/p>\n<p style=\"font-weight: 400; text-align: justify;\">Adem\u00e1s, la \u201cLey de las 40 horas\u201d podr\u00eda reducir el cansancio, los errores, las tasas de accidentabilidad y las ausencias. \u201cEsto se traduce en mejor salud, es decir, se tendr\u00e1 una fuerza laboral saludable que traer\u00e1 mayor productividad a las empresas\u201d, concluye Dubraska Jara.<\/p>\n<\/div><\/section><\/div><div  style='height:50px' class='hr hr-invisible   avia-builder-el-6  el_after_av_one_full  el_before_av_social_share '><span class='hr-inner ' ><span class='hr-inner-style'><\/span><\/span><\/div><\/p>\n<div  class='av-social-sharing-box  avia-builder-el-7  el_after_av_hr  el_before_av_hr  '><div class='av-share-box'><h5 class='av-share-link-description av-no-toc '>Compartir esta noticia<\/h5><ul class='av-share-box-list noLightbox'><li class='av-share-link av-social-link-facebook' ><a target=\"_blank\" aria-label=\"Compartir en Facebook\" href='https:\/\/www.facebook.com\/sharer.php?u=https:\/\/radiorevelacionfm.cl\/?p=30377&#038;t=Ley%20de%20las%2040%20horas%3A%20Retos%20y%20beneficios%20para%20las%20pymes' aria-hidden='false' data-av_icon='\ue8f3' data-av_iconfont='entypo-fontello' title='' data-avia-related-tooltip='Compartir en Facebook' rel=\"noopener\"><span class='avia_hidden_link_text'>Compartir en Facebook<\/span><\/a><\/li><li class='av-share-link av-social-link-twitter' ><a target=\"_blank\" aria-label=\"Compartir en Twitter\" href='https:\/\/twitter.com\/share?text=Ley%20de%20las%2040%20horas%3A%20Retos%20y%20beneficios%20para%20las%20pymes&#038;url=https:\/\/radiorevelacionfm.cl\/?p=30377' aria-hidden='false' data-av_icon='\ue8f1' data-av_iconfont='entypo-fontello' title='' data-avia-related-tooltip='Compartir en Twitter' rel=\"noopener\"><span class='avia_hidden_link_text'>Compartir en Twitter<\/span><\/a><\/li><li class='av-share-link av-social-link-whatsapp' ><a target=\"_blank\" aria-label=\"Compartir en Whatsapp\" href='https:\/\/api.whatsapp.com\/send?text=https:\/\/radiorevelacionfm.cl\/?p=30377' aria-hidden='false' data-av_icon='\uf232' data-av_iconfont='entypo-fontello' title='' data-avia-related-tooltip='Compartir en Whatsapp' rel=\"noopener\"><span class='avia_hidden_link_text'>Compartir en Whatsapp<\/span><\/a><\/li><li class='av-share-link av-social-link-linkedin' ><a target=\"_blank\" aria-label=\"Compartir en LinkedIn\" href='https:\/\/linkedin.com\/shareArticle?mini=true&#038;title=Ley%20de%20las%2040%20horas%3A%20Retos%20y%20beneficios%20para%20las%20pymes&#038;url=https:\/\/radiorevelacionfm.cl\/?p=30377' aria-hidden='false' data-av_icon='\ue8fc' data-av_iconfont='entypo-fontello' title='' data-avia-related-tooltip='Compartir en LinkedIn' rel=\"noopener\"><span class='avia_hidden_link_text'>Compartir en LinkedIn<\/span><\/a><\/li><li class='av-share-link av-social-link-mail' ><a  aria-label=\"Compartir por correo\" href='mailto:?subject=Ley%20de%20las%2040%20horas%3A%20Retos%20y%20beneficios%20para%20las%20pymes&#038;body=https:\/\/radiorevelacionfm.cl\/?p=30377' aria-hidden='false' data-av_icon='\ue805' data-av_iconfont='entypo-fontello' title='' data-avia-related-tooltip='Compartir por correo'><span class='avia_hidden_link_text'>Compartir por correo<\/span><\/a><\/li><\/ul><\/div><\/div>\n<div  style='height:50px' class='hr hr-invisible   avia-builder-el-8  el_after_av_social_share  el_before_av_comments_list '><span class='hr-inner ' ><span class='hr-inner-style'><\/span><\/span><\/div>\n<div  class='av-buildercomment  av-blog-meta-html-info-disabled av-blog-meta-tag-disabled  '><\/div>\n","protected":false},"excerpt":{"rendered":"","protected":false},"author":1,"featured_media":30378,"comment_status":"open","ping_status":"open","sticky":false,"template":"","format":"standard","meta":{"footnotes":""},"categories":[56],"tags":[],"class_list":["post-30377","post","type-post","status-publish","format-standard","has-post-thumbnail","hentry","category-trabajo"],"jetpack_featured_media_url":"https:\/\/radiorevelacionfm.cl\/wp-content\/uploads\/2023\/04\/Adactiva-1-1.jpg","_links":{"self":[{"href":"https:\/\/radiorevelacionfm.cl\/index.php?rest_route=\/wp\/v2\/posts\/30377","targetHints":{"allow":["GET"]}}],"collection":[{"href":"https:\/\/radiorevelacionfm.cl\/index.php?rest_route=\/wp\/v2\/posts"}],"about":[{"href":"https:\/\/radiorevelacionfm.cl\/index.php?rest_route=\/wp\/v2\/types\/post"}],"author":[{"embeddable":true,"href":"https:\/\/radiorevelacionfm.cl\/index.php?rest_route=\/wp\/v2\/users\/1"}],"replies":[{"embeddable":true,"href":"https:\/\/radiorevelacionfm.cl\/index.php?rest_route=%2Fwp%2Fv2%2Fcomments&post=30377"}],"version-history":[{"count":1,"href":"https:\/\/radiorevelacionfm.cl\/index.php?rest_route=\/wp\/v2\/posts\/30377\/revisions"}],"predecessor-version":[{"id":30379,"href":"https:\/\/radiorevelacionfm.cl\/index.php?rest_route=\/wp\/v2\/posts\/30377\/revisions\/30379"}],"wp:featuredmedia":[{"embeddable":true,"href":"https:\/\/radiorevelacionfm.cl\/index.php?rest_route=\/wp\/v2\/media\/30378"}],"wp:attachment":[{"href":"https:\/\/radiorevelacionfm.cl\/index.php?rest_route=%2Fwp%2Fv2%2Fmedia&parent=30377"}],"wp:term":[{"taxonomy":"category","embeddable":true,"href":"https:\/\/radiorevelacionfm.cl\/index.php?rest_route=%2Fwp%2Fv2%2Fcategories&post=30377"},{"taxonomy":"post_tag","embeddable":true,"href":"https:\/\/radiorevelacionfm.cl\/index.php?rest_route=%2Fwp%2Fv2%2Ftags&post=30377"}],"curies":[{"name":"wp","href":"https:\/\/api.w.org\/{rel}","templated":true}]}}